{"id":70087,"date":"2022-06-17T14:21:30","date_gmt":"2022-06-17T14:21:30","guid":{"rendered":"https:\/\/litci.org\/es\/?p=70087"},"modified":"2024-11-03T13:27:36","modified_gmt":"2024-11-03T13:27:36","slug":"bolsonaro-es-el-culpable-de-los-asesinatos-de-bruno-y-dom","status":"publish","type":"post","link":"https:\/\/litci.org\/es\/bolsonaro-es-el-culpable-de-los-asesinatos-de-bruno-y-dom\/","title":{"rendered":"Bolsonaro es el culpable de los asesinatos de Bruno y Dom"},"content":{"rendered":"<p><em>Me duele en el alma ver el video de Bruno Pereira entonando c\u00e1nticos ind\u00edgenas en medio del bosque. Uno de los indigenistas m\u00e1s talentosos del pa\u00eds, dedicado a la defensa de los pueblos originarios, especialista en pueblos aislados, fue despedido por la jefatura de la Fundaci\u00f3n Nacional del Indio (Funai) en 2019 por hacer con excelencia su trabajo: tener el coraje de conducir un operativo que expuls\u00f3 a cientos de garimpeiros de la Tierra Ind\u00edgena Yanomami, en Roraima.<\/em><!--more--><\/p>\n<p>Por: Jeferson Choma<\/p>\n<p>En aquel tiempo, Bolsonaro ya defend\u00eda a los buscadores de oro en Tierras Ind\u00edgenas y, alg\u00fan tiempo despu\u00e9s, incluso visit\u00f3 una regi\u00f3n de garimpo ilegal en la Tierra Ind\u00edgena Raposa Serra do Sol, en el municipio de Uiramut\u00e3, tambi\u00e9n en Roraima.<\/p>\n<p>Desde el pasado 5 de junio, Bruno y el periodista ingl\u00e9s Dom Phillips, colaborador del diario\u00a0<em>The Guardian<\/em>\u00a0, desaparecieron en Vale do Javari, en el Amazonas, cuando viajaban entre la comunidad Ribeirinha S\u00e3o Rafael y la ciudad de Atalaia do Norte.\u00a0Este mi\u00e9rcoles 15, la polic\u00eda anunci\u00f3 la soluci\u00f3n del caso.\u00a0Ambos fueron b\u00e1rbaramente ejecutados y sus cuerpos cortados e incendiados por Amarildo da Costa de Oliveira, conocido como Pelado, y por Ozinei da Costa Oliveira, quien confes\u00f3 el crimen.\u00a0Las muertes del periodista y del indigenista fueron\u00a0<a href=\"https:\/\/www.instagram.com\/p\/Ce2Ofzcsl3y\/?hl=en\" target=\"_blank\" rel=\"noopener\">confirmadas la noche del 15 de junio<\/a>\u00a0por todas las organizaciones ind\u00edgenas.<\/p>\n<p>Bruno ayudaba a un equipo de vigilancia de la Uni\u00f3n de Pueblos Ind\u00edgenas del Valle de Javari (Univaja) a resguardar su territorio.\u00a0Ayudaba en entrenamiento con drones, en el georreferenciaci\u00f3n, en el uso de im\u00e1genes satelitales para que los ind\u00edgenas pudiesen documentar la invasi\u00f3n de su territorio por garimpeiros, traficantes, cazadores y pescadores ilegales.\u00a0Ayud\u00f3 a producir documentos con relatos de invasiones, se\u00f1alando la presencia de grupos armados, denunciando amenazas e incluso ataques a tiros contra ind\u00edgenas.<\/p>\n<p>Con todo esto, se entreg\u00f3 un informe al Ministerio P\u00fablico Federal de Tabatinga, a la Fuerza de Seguridad Nacional, con sede en la regi\u00f3n, y a la propia Funai. El documento incluso mencionaba el nombre del Pelado.<\/p>\n<div id=\"attachment_70088\" style=\"width: 423px\" class=\"wp-caption alignnone\"><img data-recalc-dims=\"1\" loading=\"lazy\" decoding=\"async\" aria-describedby=\"caption-attachment-70088\" class=\"wp-image-70088\" src=\"https:\/\/i0.wp.com\/litci.org\/es\/wp-content\/uploads\/2022\/06\/atalaia_do_norte2-300x225.jpg?resize=413%2C310&#038;ssl=1\" alt=\"\" width=\"413\" height=\"310\" srcset=\"https:\/\/i0.wp.com\/litci.org\/es\/wp-content\/uploads\/2022\/06\/atalaia_do_norte2.jpg?resize=300%2C225&amp;ssl=1 300w, https:\/\/i0.wp.com\/litci.org\/es\/wp-content\/uploads\/2022\/06\/atalaia_do_norte2.jpg?resize=768%2C576&amp;ssl=1 768w, https:\/\/i0.wp.com\/litci.org\/es\/wp-content\/uploads\/2022\/06\/atalaia_do_norte2.jpg?resize=560%2C420&amp;ssl=1 560w, https:\/\/i0.wp.com\/litci.org\/es\/wp-content\/uploads\/2022\/06\/atalaia_do_norte2.jpg?resize=80%2C60&amp;ssl=1 80w, https:\/\/i0.wp.com\/litci.org\/es\/wp-content\/uploads\/2022\/06\/atalaia_do_norte2.jpg?resize=100%2C75&amp;ssl=1 100w, https:\/\/i0.wp.com\/litci.org\/es\/wp-content\/uploads\/2022\/06\/atalaia_do_norte2.jpg?resize=180%2C135&amp;ssl=1 180w, https:\/\/i0.wp.com\/litci.org\/es\/wp-content\/uploads\/2022\/06\/atalaia_do_norte2.jpg?resize=238%2C178&amp;ssl=1 238w, https:\/\/i0.wp.com\/litci.org\/es\/wp-content\/uploads\/2022\/06\/atalaia_do_norte2.jpg?resize=640%2C480&amp;ssl=1 640w, https:\/\/i0.wp.com\/litci.org\/es\/wp-content\/uploads\/2022\/06\/atalaia_do_norte2.jpg?resize=681%2C511&amp;ssl=1 681w, https:\/\/i0.wp.com\/litci.org\/es\/wp-content\/uploads\/2022\/06\/atalaia_do_norte2.jpg?w=1024&amp;ssl=1 1024w\" sizes=\"auto, (max-width: 413px) 100vw, 413px\" \/><p id=\"caption-attachment-70088\" class=\"wp-caption-text\">Ind\u00edgenas protestan contra la desaparici\u00f3n de Bruno y Dom, en Atalaia do Norte (AM).<\/p><\/div>\n<p>Hace dos a\u00f1os y medio, Maxciel Pereira dos Santos, colaborador de la Funai en Tabatinga, fue asesinado por pistoleros frente a su familia.\u00a0Bruno firm\u00f3 una oficio con otros diez empleados, remitido a la Defensor\u00eda P\u00fablica de la Uni\u00f3n (DPU) para denunciar el asesinato y ocho tiroteos en Vale do Javari (Amap\u00e1).\u00a0En la \u00e9poca, Adelson Kor\u00e1 Kanamary, coordinador de la Asociaci\u00f3n Kanamary del Valle de Javari (Akavaja), dijo al Consejo Ind\u00edgenista Misionario (Cimi): \u201cEl problema m\u00e1s grave que enfrentamos aqu\u00ed en el Valle de Javari, ahora, no es ni siquiera las invasiones.\u00a0Son las amenazas de muerte\u201d.<\/p>\n<p>Todos sab\u00edan que nuevas ejecuciones ser\u00edan una cuesti\u00f3n de tiempo.\u00a0Y la raz\u00f3n fue explicada por el propio oficio firmado por Bruno: el desmantelamiento de la Funai, los sucesivos cortes presupuestarios y el debilitamiento de la fiscalizaci\u00f3n que atizaron los delincuentes.\u00a0\u201c<em>Antes, los invasores se evad\u00edan al avistar los equipos [de vigilancia].\u00a0En los \u00faltimos a\u00f1os, sin embargo, la realidad ha ido cambiando gradualmente, caracterizada por la presencia cada vez mayor de audacia y violencia<\/em>\u201d, citaba el documento entregado a la DPU.<\/p>\n<p>L\u00edderes ind\u00edgenas de la regi\u00f3n denunciaron la demora del Estado brasile\u00f1o en iniciar la b\u00fasqueda de los desaparecidos.\u00a0Solo despu\u00e9s de una fuerte demanda internacional, el gobierno decidi\u00f3 moverse.\u00a0Pero Bolsonaro y el presidente de la Funai no dejaron de lanzar un s\u00f3rdido intento de desmoralizaci\u00f3n de las v\u00edctimas, como un perfume barato rociado en el aire para avivar a su caterva.\u00a0El primero dijo que ser\u00edan \u201caventureros\u201d en tierras peligrosas y, luego, que Dom Phillips era \u201cmal visto en la regi\u00f3n\u201d, en su ya tradicional l\u00ednea de\u00a0<a href=\"https:\/\/www.estadao.com.br\/politica\/bolsonaro-alega-que-dom-phillips-seria-mal-visto-na-regiao-do-vale-do-javari\/\" target=\"_blank\" rel=\"noopener\">sembrar\u00a0<em>noticias falsas<\/em> y culpar a las v\u00edctimas.<\/a>\u00a0Y el segundo dijo que el indigenista y el periodista ingl\u00e9s no estaban autorizados a entrar en la Tierra Ind\u00edgena Vale do Javari.\u00a0En una nota, la Univaja rebati\u00f3 a la Funai y dijo que Bruno ten\u00eda licencia para ingresar en territorio ind\u00edgena.\u00a0Seg\u00fan la entidad, el indigenista sali\u00f3 de la tierra ind\u00edgena para encontrarse con Dom Phillips, quien nunca pis\u00f3 la Tierra Ind\u00edgena.\u00a0Ambos, de hecho, desaparecieron fuera de ella.\u00a0En protesta contra las declaraciones del delegado que desmantela la Funai, los empleados del organismo realizaron un paro de 24 horas (el d\u00eda 15) exigiendo su retractaci\u00f3n sobre la falsa informaci\u00f3n respecto de Bruno y Dom Phillips.<\/p>\n<div id=\"attachment_70089\" style=\"width: 425px\" class=\"wp-caption alignnone\"><img data-recalc-dims=\"1\" loading=\"lazy\" decoding=\"async\" aria-describedby=\"caption-attachment-70089\" class=\" wp-image-70089\" src=\"https:\/\/i0.wp.com\/litci.org\/es\/wp-content\/uploads\/2022\/06\/funai-1536x864-1-300x169.jpg?resize=415%2C234&#038;ssl=1\" alt=\"\" width=\"415\" height=\"234\" srcset=\"https:\/\/i0.wp.com\/litci.org\/es\/wp-content\/uploads\/2022\/06\/funai-1536x864-1.jpg?resize=300%2C169&amp;ssl=1 300w, https:\/\/i0.wp.com\/litci.org\/es\/wp-content\/uploads\/2022\/06\/funai-1536x864-1.jpg?resize=1024%2C576&amp;ssl=1 1024w, https:\/\/i0.wp.com\/litci.org\/es\/wp-content\/uploads\/2022\/06\/funai-1536x864-1.jpg?resize=768%2C432&amp;ssl=1 768w, https:\/\/i0.wp.com\/litci.org\/es\/wp-content\/uploads\/2022\/06\/funai-1536x864-1.jpg?resize=747%2C420&amp;ssl=1 747w, https:\/\/i0.wp.com\/litci.org\/es\/wp-content\/uploads\/2022\/06\/funai-1536x864-1.jpg?resize=640%2C360&amp;ssl=1 640w, https:\/\/i0.wp.com\/litci.org\/es\/wp-content\/uploads\/2022\/06\/funai-1536x864-1.jpg?resize=681%2C383&amp;ssl=1 681w, https:\/\/i0.wp.com\/litci.org\/es\/wp-content\/uploads\/2022\/06\/funai-1536x864-1.jpg?w=1536&amp;ssl=1 1536w\" sizes=\"auto, (max-width: 415px) 100vw, 415px\" \/><p id=\"caption-attachment-70089\" class=\"wp-caption-text\">Acto de funcionarios de la Funai. Foto: Jornalistas Livres.<\/p><\/div>\n<p>Mientras intentan desmoralizar a las v\u00edctimas, siempre es bueno recordar que el gobierno permiti\u00f3 que los misioneros evang\u00e9licos tomaran contacto con los pueblos ind\u00edgenas aislados en el Valle de Javari, cuando Bolsonaro nombr\u00f3 al pastor Ricardo Lopes Dias para comandar la Coordinaci\u00f3n General de Indios Aislados.\u00a0Hoy, las ciudades cercanas al Vale do Javari est\u00e1n abarrotadas de misiones evang\u00e9licas que intentan contactar a los ind\u00edgenas, aunque existen mandatos judiciales que impiden que los misioneros hagan contacto.\u00a0Es la conquista del alma para conquistar el territorio.<\/p>\n<h4><strong>&#8216;Guada\u00f1azo en la Funai&#8217;<\/strong><\/h4>\n<p>\u201c<em>Si soy elegido, voy a dar un guada\u00f1azo en la Funai, pero un guada\u00f1azo en el cuello.\u00a0No hay otro camino.\u00a0No sirve<\/em>\u00a0<em>m\u00e1s<\/em>\u201d, declar\u00f3 Bolsonaro en agosto de 2018, en plena campa\u00f1a presidencial.<\/p>\n<p>El guada\u00f1azo comenz\u00f3 con la designaci\u00f3n del delegado de la Polic\u00eda Federal Marcelo Xavier para la presidencia de la Funai, un lacayo del pecuarista Nabhan Garcia, exjefe de la Uni\u00f3n Democr\u00e1tica Ruralista (UDR) y vinculado a las milicias rurales que sembraron el terror en la regi\u00f3n del Pontal do Paranapanema (SP) entre 1990 y 2000. Hoy es secretario especial de Asuntos Territoriales del gobierno federal, organismo del Ministerio de Agricultura.<\/p>\n<p>Guada\u00f1a en mano, el delegado policial \u00a0Xavier redujo en 40% el presupuesto de la Funai. Paraliz\u00f3 620 procesos de demarcaci\u00f3n de tierras ind\u00edgenas que se encontraban en la fase inicial. Encajon\u00f3 117 procesos m\u00e1s que se encontraban en la fase final de homologaci\u00f3n de la Presidencia de la Rep\u00fablica.<\/p>\n<p>Al igual que con Bruno, la Funai pas\u00f3 a perseguir a innumerables empleados.\u00a0Los informes realizados por los trabajadores en campo comenzaron a ser tratados como \u00abopiniones personales\u00bb en lugar de constataciones realizadas por profesionales\u00a0<em>en el lugar<\/em>.\u00a0Muchos fueron transferidos a la fuerza hacia actividades burocr\u00e1ticas y otros simplemente no pueden trabajar debido a las trabas burocr\u00e1ticas, autorizaciones, adem\u00e1s de la falta de fondos necesarios para el trabajo en campo.<\/p>\n<p>Adem\u00e1s, la Funai fue \u201cmanipulada\u201d por militares (siempre ellos, en busca de negociados [boquinhas]\u2026). Hubo reemplazos de empleados p\u00fablicos con concursos de la Funai por personal militar de las Fuerzas Armadas y de la polic\u00eda. De las 39 coordinaciones regionales de la Funai, solo dos son administradas por empleados con concurso p\u00fablico. En Vale do Javari, por ejemplo, el responsable era Henry Charlles Lima da Silva, un teniente de reserva del Ej\u00e9rcito que fue exonerado hace un a\u00f1o por decir que \u201cprender\u00eda fuego\u201d a ind\u00edgenas aislados.<\/p>\n<p>Adem\u00e1s de negociados y puestos de poder, los militares buscan conquistar alguna sociedad en el garimpaje [actividad extractiva de minerales, en particular, oro, <em>ndt.<\/em>] de la Amazon\u00eda.\u00a0Hay sospechas de que el general Mour\u00e3o [vicepresidente en el gobierno Bolsonaro] y otros militares se est\u00e9n asociando a proyectos mineros en la regi\u00f3n.\u00a0Seg\u00fan un reportaje del\u00a0<em>diario Folha de S. Paulo<\/em>, el general de reserva Cl\u00e1udio Barroso Magno Filho es un <em>lobista<\/em> de la empresa minera Pot\u00e1ssio do Brasil, acusada por el Ministerio P\u00fablico Federal (MPF) de cooptaci\u00f3n de ind\u00edgenas del pueblo Mura para la exploraci\u00f3n minera en la Amazon\u00eda, m\u00e1s espec\u00edficamente en la regi\u00f3n de Autazes (AM), entre los r\u00edos Madeira y Amazonas.\u00a0La empresa minera incluso lleg\u00f3 a operar dentro del territorio ind\u00edgena, conforme la acci\u00f3n del MPF, incluso sin licencia ambiental y sin una autorizaci\u00f3n formal de los ind\u00edgenas,\u00a0<a href=\"https:\/\/www1.folha.uol.com.br\/ambiente\/2022\/05\/general-lobista-de-mineradora-acusada-pelo-mpf-foi-recebido-18-vezes-no-planalto.shtml\" target=\"_blank\" rel=\"noopener\">como exige la legislaci\u00f3n.<\/a>\u00a0Personal militar equipado en la Funai realiza prospecci\u00f3n de minerales en la Tierra Ind\u00edgena de la Amazon\u00eda.<\/p>\n<p>Pero no es solo eso. El equipamiento tambi\u00e9n obedece a las demandas de la vieja e infame UDR. Con la publicaci\u00f3n de la Instrucci\u00f3n Normativa N\u00b0 9\/2020 de la Funai, Nabhan Garcia logr\u00f3 que su lacayo borrara del Sistema de Gesti\u00f3n Territorial (Sigef) las tierras no homologadas, en proceso de demarcaci\u00f3n, y \u00e1reas descubiertas de ind\u00edgenas aislados, adem\u00e1s de terrenos bald\u00edos de la Uni\u00f3n. Esto imposibilit\u00f3 constatar la superposici\u00f3n de tierras de propietarios privados en tierras ind\u00edgenas, al mismo tiempo que permiti\u00f3 que los 237 territorios que a\u00fan se encuentran en proceso de demarcaci\u00f3n puedan ser vendidos o loteados. El viejo Marx llamar\u00eda esto acumulaci\u00f3n primitiva. Es el <a href=\"https:\/\/deolhonosruralistas.com.br\/2020\/04\/28\/medida-que-reduz-protecao-a-terras-indigenas-foi-articulada-por-nabhan-garcia\/\" target=\"_blank\" rel=\"noopener\">\u00abenclosure\u00bb siendo borrado del sistema<\/a>.<\/p>\n<h4><strong>La caballer\u00eda de Bolsonaro<\/strong><\/h4>\n<p>Desde su campa\u00f1a electoral, Bolsonaro dec\u00eda que no demarcar\u00eda ni un mil\u00edmetro de tierras ind\u00edgenas.\u00a0En varias ocasiones se pronunci\u00f3 contra los derechos de los pueblos originarios, defiende la tesis del marco temporal y el garimpaje en tierras ind\u00edgenas.\u00a0Junto con el Congreso, el gobierno prepara el \u201cpaquete de destrucci\u00f3n\u201d, un ataque de proporciones hist\u00f3ricas\u00a0<a href=\"https:\/\/www.pstu.org.br\/bolsonaro-e-congresso-preparam-pacote-da-destruicao-contra-o-meio-ambiente\/\" target=\"_blank\" rel=\"noopener\">contra el medio ambiente, los pueblos de la selva y toda la poblaci\u00f3n<\/a>.<\/p>\n<p>Su pol\u00edtica debe ser catalogada como de exterminio de los pueblos originarios, y as\u00ed lo dej\u00f3 muy claro en una entrevista al\u00a0<em>Correio Braziliense<\/em>, el 12 de abril de 1998: \u201c<em>Es\u00a0una pena que la caballer\u00eda brasile\u00f1a no haya sido tan eficiente como la caballer\u00eda americana, que extermin\u00f3 a los indios<\/em>\u201d.\u00a0Incluso con abundantes demostraciones de su pol\u00edtica genocida, Bolsonaro tuvo la desfachatez de otorgarse a s\u00ed mismo la Medalla del M\u00e9rito Indigenista.<\/p>\n<p>La \u201cguada\u00f1a en la Funai\u201d es la guada\u00f1a de la muerte, del exterminio ind\u00edgena promovido por Bolsonaro y atiza a criminales y milicianos.\u00a0Todos se frotaron las manos y vieron la oportunidad para hacer lo que la caballer\u00eda brasile\u00f1a no hizo.\u00a0\u201cEstos hombres [criminales y bandidos] se sienten protegidos por la Presidencia de la Rep\u00fablica\u201d, explic\u00f3 Sydney Possuelo sobre invasores de tierras ind\u00edgenas, en una entrevista al programa\u00a0<em>Roda Viva<\/em>\u00a0que se emiti\u00f3 el 13 de junio.\u00a0Possuelo, por cierto, devolvi\u00f3 la Medalla del M\u00e9rito Indigenista que recibi\u00f3 hace 35 a\u00f1os.\u00a0El gesto fue en protesta por la concesi\u00f3n de ese honor a Bolsonaro.<\/p>\n<p>En la Amazon\u00eda existen verdaderas bandas que roban tierras, extraen maderas y minerales ilegalmente en estas zonas, controlan r\u00edos y rutas para el narcotr\u00e1fico en \u00e1reas de frontera.\u00a0Si antes actuaban en las sombras, estaban dispersas y actuaban de forma poco coordinada, ahora act\u00faan a la luz del d\u00eda, sin mayores constricciones y con m\u00e1s letalidad.<\/p>\n<p>No es casualidad que, entre 2020 y 2021, el n\u00famero de conflictos en el campo sea el m\u00e1s alto en 35 a\u00f1os, y el n\u00famero de asesinatos en este tipo de enfrentamientos haya crecido 75%, seg\u00fan un relevamiento anual de la Comisi\u00f3n Pastoral de la Tierra (CPT).<\/p>\n<p>Seg\u00fan el Foro Brasile\u00f1o de Seguridad P\u00fablica, hubo un crecimiento de 9,2% en la violencia letal entre 2018 y 2020 en ciudades boscosas de la regi\u00f3n Norte del pa\u00eds.\u00a0Esto incluye un gui\u00f1o en la ocupaci\u00f3n del \u00e1rea demarcada, en el avance del narcotr\u00e1fico, de la caza y la pesca clandestinas, de la extracci\u00f3n ilegal de madera y de la miner\u00eda aur\u00edfera.<\/p>\n<p>En toda la Amazon\u00eda ha habido un incremento en los asesinatos de ind\u00edgenas, quilombolas, ribere\u00f1os, campesinos, indigenistas, ambientalistas y activistas.\u00a0La desaparici\u00f3n de un periodista reconocido como Dom, blanco y europeo, dio una fuerte evidencia a la violencia en la regi\u00f3n, como fue tambi\u00e9n el caso de la misionera estadounidense Dorothy Stang, asesinada en 2005, en el municipio de Anapu (Par\u00e1).\u00a0Pero tambi\u00e9n revela c\u00f3mo el bandidaje se siente a voluntad en el ambiente pol\u00edtico proporcionado por Bolsonaro.<\/p>\n<p>La Tierra Ind\u00edgena Vale do Javari viene sufriendo ataques de madereros, pescadores, cazadores, buscadores de oro y traficantes, que act\u00faan en forma de consorcio.\u00a0En general, el \u201cpatr\u00f3n\u201d de los cazadores y pescadores ilegales, es decir, quien los financia, es el traficante y el maderero, y todo el consorcio de criminales tiene profundas ramificaciones con agentes p\u00fablicos de seguridad, pol\u00edticos locales, comerciantes y autoridades.\u00a0En el Valle de Javari \u00a0ya se han registrado al menos 12 masacres contra los pueblos ind\u00edgenas aislados, entre 1966 y 2001 (ver\u00a0<a href=\"https:\/\/povosisolados.com\/2017\/06\/18\/nos-tapiris-korubo-uma-perspectiva-indigenista-das-tensoes-e-distensoes-korubo-e-matis\/#_ftnref8\" target=\"_blank\" rel=\"noopener\">aqu\u00ed<\/a>\u00a0).\u00a0Uno de los m\u00e1s conocidos ocurri\u00f3 en setiembre de 1989, cuando un grupo del pueblo Korubo, a\u00fan sin ning\u00fan contacto con la sociedad circundante, fue masacrado por invasores y sus cuerpos enterrados en una fosa poco profunda en una de las playas del r\u00edo Itacoa\u00ed.<\/p>\n<p>Otros ejemplos de la acci\u00f3n de criminales del consorcio tuvieron lugar en agosto de 2021, cuando en la regi\u00f3n de Nova Mutum, en Porto Velho, una operaci\u00f3n policial llev\u00f3 a la muerte de tres trabajadores sin tierra.\u00a0En la \u00e9poca, otras cinco personas fueron desaparecidas, seg\u00fan la CPT.\u00a0Un a\u00f1o antes, dos polic\u00edas acusados \u200b\u200bde ser milicianos fueron asesinados en el lugar.\u00a0En ese momento, la Polic\u00eda Federal investigaba a empresarios, abogados, jueces, servidores p\u00fablicos y empresas que formaron una banda y consiguieron lucrar m\u00e1s de R$ 330 millones\u00a0<a href=\"https:\/\/www.pstu.org.br\/ameaca-de-um-novo-massacre-de-camponeses-paira-sobre-rondonia\/\" target=\"_blank\" rel=\"noopener\">a trav\u00e9s del grillaje de tierras y el fraude<\/a>.<\/p>\n<p>En el norte del pa\u00eds, el garimpo ilegal provoc\u00f3 nueve muertes en 2020 y 109 en 2021, lo que significa un incremento de 1.110%. De las 109 muertes en 2021, 101 fueron ind\u00edgenas yanomamis de Roraima. La explosi\u00f3n del garimpaje en la Tierra Ind\u00edgena Yanomami tambi\u00e9n tiene el dedo del crimen organizado. Seg\u00fan informaci\u00f3n de los ind\u00edgenas e investigaciones de la PF, los garimpeiros son dirigidos por el PCC [Primer Comando de la Capital] y est\u00e1n fuertemente armados. Es el\u00a0<a href=\"https:\/\/www.nexojornal.com.br\/expresso\/2022\/04\/12\/O-que-%C3%A9-o-narcogarimpo.-E-como-ele-atinge-os-ind%C3%ADgenas\" target=\"_blank\" rel=\"noopener\">narcogarimpo expandiendo sus tent\u00e1culos<\/a>\u00a0en la Amazon\u00eda.<\/p>\n<p>En la ciudad donde fue asesinada Dorothy Stang, crece el ataque a los trabajadores rurales e ind\u00edgenas de Anapu (PA), con asesinatos, prisiones y amenazas de muerte, y Erasmo Te\u00f3filo, presidente de la\u00a0<a href=\"https:\/\/www.pstu.org.br\/pernambuco-e-sul-do-para-a-resistencia-contra-o-latifundio\/\" target=\"_blank\" rel=\"noopener\">Cooperativa de Agricultores Volta Grande do Xingu, est\u00e1 en la mira de la escopeta.<\/a><\/p>\n<p>Si coyunturalmente toda esta violencia tiene relaci\u00f3n con el ambiente pol\u00edtico brindado por el gobierno de Bolsonaro, desde un punto de vista estructural se explica por el avance del capitalismo en la Amazon\u00eda que, a lo largo de la historia, convierte medios y situaciones no capitalistas o precapitalistas en instrumentos de la producci\u00f3n capitalista propiamente dicha, es decir, de producci\u00f3n de m\u00e1s valor. Esta es la clave para entender la expropiaci\u00f3n territorial, la disoluci\u00f3n de las relaciones sociales que bloquean su reproducci\u00f3n ampliada o incluso la incorporaci\u00f3n de aquellas que no pueden ser reemplazadas. As\u00ed, son recreadas, pero bajo nuevas determinaciones resultantes de la mediaci\u00f3n del capital. Esto explica la colonizaci\u00f3n sistem\u00e1tica, la existencia del peonaje, del trabajo esclavo en la regi\u00f3n (incluso entre garimpeiros); c\u00f3mo la deforestaci\u00f3n y los incendios forestales son formas de expansi\u00f3n de la propiedad privada de la tierra; el proceso de anomia social de las comunidades tradicionales, o de parte de ellas; la deshumanizaci\u00f3n y el racismo contra ind\u00edgenas, quilombolas y campesinos de la selva.<\/p>\n<p>El bandolerismo, el crimen y los negocios ilegales capitalistas solo abren la carrera para los \u201cnegocios legales\u201d del gran capital, como lo demuestra la historia reciente de la Amazon\u00eda.\u00a0Mientras exista el capital, el bosque, su poblaci\u00f3n y la humanidad seguir\u00e1n amenazados.<\/p>\n<p>Art\u00edculo publicado en <a href=\"http:\/\/www.pstu.org.br\" target=\"_blank\" rel=\"noopener\">www.pstu.org.br<\/a>, 16\/6\/2022.-<br \/>\nTraducci\u00f3n: Natalia Estrada.<\/p>\n","protected":false},"excerpt":{"rendered":"<p>Me duele en el alma ver el video de Bruno Pereira entonando c\u00e1nticos ind\u00edgenas en medio del bosque. Uno de los indigenistas m\u00e1s talentosos del pa\u00eds, dedicado a la defensa de los pueblos originarios, especialista en pueblos aislados, fue despedido por la jefatura de la Fundaci\u00f3n Nacional del Indio (Funai) en 2019 por hacer con [&hellip;]<\/p>\n","protected":false},"author":4,"featured_media":70092,"menu_order":0,"comment_status":"closed","ping_status":"closed","sticky":false,"template":"","format":"standard","meta":{"jetpack_post_was_ever_published":false,"_jetpack_newsletter_access":"","_jetpack_dont_email_post_to_subs":false,"_jetpack_newsletter_tier_id":0,"_jetpack_memberships_contains_paywalled_content":false,"litci_post_political_author":"","_jetpack_memberships_contains_paid_content":false,"footnotes":""},"categories":[2676,2741],"tags":[17646,17633,15822,17634,17642,17644,13592,17645,2887,17643],"class_list":["post-70087","post","type-post","status-publish","format-standard","has-post-thumbnail","hentry","category-brasil","category-ecologia","tag-asesinatos-en-la-amazonia","tag-bruno-pereira","tag-demarcacion-de-tierras-indigenas","tag-dom-phillips","tag-funai","tag-garimpeiros-invasion-de-tierras","tag-gobierno-bolsonaro","tag-indigenas-asilados","tag-jeferson-choma","tag-tierras-indigenas"],"jetpack_featured_media_url":"https:\/\/i0.wp.com\/litci.org\/es\/wp-content\/uploads\/2022\/06\/WhatsApp-Image-2022-06-17-at-11.22.47.jpeg?fit=1600%2C1068&ssl=1","fimg_url":"https:\/\/i0.wp.com\/litci.org\/es\/wp-content\/uploads\/2022\/06\/WhatsApp-Image-2022-06-17-at-11.22.47.jpeg?fit=1600%2C1068&ssl=1","categories_names":["Brasil","Ecolog\u00eda"],"author_info":{"name":"Administraci\u00f3n Site","pic":"https:\/\/secure.gravatar.com\/avatar\/1fc4a65db396208ca881747f59a66a20c6b8670747457224753e1e98c43f719b?s=96&d=mm&r=g"},"political_author":null,"tagline":"","jetpack_sharing_enabled":true,"_links":{"self":[{"href":"https:\/\/litci.org\/es\/wp-json\/wp\/v2\/posts\/70087","targetHints":{"allow":["GET"]}}],"collection":[{"href":"https:\/\/litci.org\/es\/wp-json\/wp\/v2\/posts"}],"about":[{"href":"https:\/\/litci.org\/es\/wp-json\/wp\/v2\/types\/post"}],"author":[{"embeddable":true,"href":"https:\/\/litci.org\/es\/wp-json\/wp\/v2\/users\/4"}],"replies":[{"embeddable":true,"href":"https:\/\/litci.org\/es\/wp-json\/wp\/v2\/comments?post=70087"}],"version-history":[{"count":1,"href":"https:\/\/litci.org\/es\/wp-json\/wp\/v2\/posts\/70087\/revisions"}],"predecessor-version":[{"id":70091,"href":"https:\/\/litci.org\/es\/wp-json\/wp\/v2\/posts\/70087\/revisions\/70091"}],"wp:featuredmedia":[{"embeddable":true,"href":"https:\/\/litci.org\/es\/wp-json\/wp\/v2\/media\/70092"}],"wp:attachment":[{"href":"https:\/\/litci.org\/es\/wp-json\/wp\/v2\/media?parent=70087"}],"wp:term":[{"taxonomy":"category","embeddable":true,"href":"https:\/\/litci.org\/es\/wp-json\/wp\/v2\/categories?post=70087"},{"taxonomy":"post_tag","embeddable":true,"href":"https:\/\/litci.org\/es\/wp-json\/wp\/v2\/tags?post=70087"}],"curies":[{"name":"wp","href":"https:\/\/api.w.org\/{rel}","templated":true}]}}