{"id":69339,"date":"2022-03-28T19:09:44","date_gmt":"2022-03-28T19:09:44","guid":{"rendered":"https:\/\/litci.org\/es\/?p=69339"},"modified":"2024-11-03T13:27:43","modified_gmt":"2024-11-03T13:27:43","slug":"llamado-internacional-de-un-obrero-minero-ucraniano","status":"publish","type":"post","link":"https:\/\/litci.org\/es\/llamado-internacional-de-un-obrero-minero-ucraniano\/","title":{"rendered":"Llamado internacional de un obrero minero ucraniano"},"content":{"rendered":"<p>Desde la LIT-CI, junto a otras organizaciones pol\u00edticas, sindicales y de Derechos Humanos, venimos impulsando una campa\u00f1a internacional de solidaridad con la resistencia, los trabajadores y el pueblo ucraniano.<\/p>\n<p>Reproducimos a continuaci\u00f3n un nuevo llamado desde la primera l\u00ednea de la resistencia y llamamos a asumir y redoblar la campa\u00f1a de solidaridad.<\/p>\n<p><em>\u201cMe es insoportablemente doloroso escribir sobre esto. Hay una guerra en marcha. Guerra de invasi\u00f3n. Una guerra de agresi\u00f3n imperialista. Por el momento la guerra es en el territorio del estado de Ucrania. Los invasores hablan el mismo idioma que nosotros, pero nos tratan como personas de segunda.<\/em><\/p>\n<p><em>Miles de v\u00edctimas. Amenaza el hambre. Escasea el agua potable.<\/em><\/p>\n<p><em>La violencia por parte de los soldados de la Federaci\u00f3n Rusa contra los habitantes ucranianos se est\u00e1 generalizando.<\/em><\/p>\n<p><em>Crece la resistencia al agresor.<\/em><\/p>\n<p><em>Todas las dificultades y penurias de la guerra cayeron sobre los hombros del pueblo trabajador.<\/em><\/p>\n<p><em>Nosotros necesitamos mucho el apoyo internacional de los trabajadores de todo el mundo.<\/em><\/p>\n<p><em>Necesitamos armas, equipos de protecci\u00f3n, municiones, medicinas.<\/em><\/p>\n<p><em>Los mineros y metal\u00fargicos de Kryvyi Rih con las armas en la mano, lograremos la paz y la libertad para nuestras familias.<\/em><em>\u00a0<\/em><\/p>\n<p><em>\u00a0Yuri Petrovich Samoilov, Presidente del Sindicato Minero Independiente de Kryvyi Rih.\u201d<\/em><\/p>\n","protected":false},"excerpt":{"rendered":"<p>Desde la LIT-CI, junto a otras organizaciones pol\u00edticas, sindicales y de Derechos Humanos, venimos impulsando una campa\u00f1a internacional de solidaridad con la resistencia, los trabajadores y el pueblo ucraniano. Reproducimos a continuaci\u00f3n un nuevo llamado desde la primera l\u00ednea de la resistencia y llamamos a asumir y redoblar la campa\u00f1a de solidaridad. \u201cMe es insoportablemente [&hellip;]<\/p>\n","protected":false},"author":5,"featured_media":69340,"menu_order":0,"comment_status":"closed","ping_status":"closed","sticky":false,"template":"","format":"standard","meta":{"jetpack_post_was_ever_published":false,"_jetpack_newsletter_access":"","_jetpack_dont_email_post_to_subs":false,"_jetpack_newsletter_tier_id":0,"_jetpack_memberships_contains_paywalled_content":false,"litci_post_political_author":"","_jetpack_memberships_contains_paid_content":false,"footnotes":""},"categories":[17351],"tags":[3108,17381],"class_list":["post-69339","post","type-post","status-publish","format-standard","has-post-thumbnail","hentry","category-guerra-contra-ucrania","tag-ucrania-3","tag-yuri-petrovich-samoilov"],"jetpack_featured_media_url":"https:\/\/i0.wp.com\/litci.org\/es\/wp-content\/uploads\/2022\/03\/WhatsApp-Image-2022-03-28-at-16.09.02.jpeg?fit=1280%2C852&ssl=1","fimg_url":"https:\/\/i0.wp.com\/litci.org\/es\/wp-content\/uploads\/2022\/03\/WhatsApp-Image-2022-03-28-at-16.09.02.jpeg?fit=1280%2C852&ssl=1","categories_names":["Guerra contra Ucrania"],"author_info":{"name":"Kely","pic":"https:\/\/secure.gravatar.com\/avatar\/19003bf6219614b90207b39bd4a2733ce9cf96693efdfd639b15a829beed53d1?s=96&d=mm&r=g"},"political_author":null,"tagline":"","jetpack_sharing_enabled":true,"_links":{"self":[{"href":"https:\/\/litci.org\/es\/wp-json\/wp\/v2\/posts\/69339","targetHints":{"allow":["GET"]}}],"collection":[{"href":"https:\/\/litci.org\/es\/wp-json\/wp\/v2\/posts"}],"about":[{"href":"https:\/\/litci.org\/es\/wp-json\/wp\/v2\/types\/post"}],"author":[{"embeddable":true,"href":"https:\/\/litci.org\/es\/wp-json\/wp\/v2\/users\/5"}],"replies":[{"embeddable":true,"href":"https:\/\/litci.org\/es\/wp-json\/wp\/v2\/comments?post=69339"}],"version-history":[{"count":1,"href":"https:\/\/litci.org\/es\/wp-json\/wp\/v2\/posts\/69339\/revisions"}],"predecessor-version":[{"id":69341,"href":"https:\/\/litci.org\/es\/wp-json\/wp\/v2\/posts\/69339\/revisions\/69341"}],"wp:featuredmedia":[{"embeddable":true,"href":"https:\/\/litci.org\/es\/wp-json\/wp\/v2\/media\/69340"}],"wp:attachment":[{"href":"https:\/\/litci.org\/es\/wp-json\/wp\/v2\/media?parent=69339"}],"wp:term":[{"taxonomy":"category","embeddable":true,"href":"https:\/\/litci.org\/es\/wp-json\/wp\/v2\/categories?post=69339"},{"taxonomy":"post_tag","embeddable":true,"href":"https:\/\/litci.org\/es\/wp-json\/wp\/v2\/tags?post=69339"}],"curies":[{"name":"wp","href":"https:\/\/api.w.org\/{rel}","templated":true}]}}