{"id":69335,"date":"2022-03-28T19:49:08","date_gmt":"2022-03-28T19:49:08","guid":{"rendered":"https:\/\/litci.org\/es\/?p=69335"},"modified":"2024-11-03T13:27:43","modified_gmt":"2024-11-03T13:27:43","slug":"entrevista-dirigente-sindical-ucraniano-relata-la-resistencia-obrera","status":"publish","type":"post","link":"https:\/\/litci.org\/es\/entrevista-dirigente-sindical-ucraniano-relata-la-resistencia-obrera\/","title":{"rendered":"Entrevista: dirigente sindical ucraniano relata la resistencia obrera"},"content":{"rendered":"<p><em>Cerca de cumplir un mes, la invasi\u00f3n rusa no consigui\u00f3 avanzar como se esperaba y la poblaci\u00f3n ucraniana que qued\u00f3 en el territorio ha enfrentado una situaci\u00f3n cada vez m\u00e1s cr\u00edtica, con falta de remedios y recursos como combustible, electricidad, calefacci\u00f3n e incluso hasta comida.<\/em><!--more--><\/p>\n<p>Por: CSP-Conlutas, 24\/3\/2022.-<\/p>\n<p>Sin embargo, como ya destacamos <a href=\"http:\/\/cspconlutas.org.br\/2022\/03\/guerra-na-ucrania-chega-ao-20-dia-com-resistencia-da-populacao-civil\/\" target=\"_blank\" rel=\"noopener\">en art\u00edculo anterior<\/a>, la resistencia hizo que incluso un aliado del Kremlin admitiese que el curso de la guerra no agradaba, a pesar de la gran ventaja tecnol\u00f3gica y armamentista.<\/p>\n<p>Tanto que algunos especialistas, conforme <a href=\"https:\/\/oglobo.globo.com\/mundo\/inferno-mariupol-estrategica-para-russia-que-intensifica-cerco-apos-ucrania-recusar-rendicao-25442142\" target=\"_blank\" rel=\"noopener\">publicado en el diario <em>O Globo<\/em><\/a>, eval\u00faan que el cerco prolongado a Mariupol sugiere que \u201cRusia desistir\u00e1 del objetivo de instaurar un gobierno t\u00edtere en Kiev, prefiriendo en lugar de eso tomar las partes de las provincias orientales de Donetsk y Luhansk, en la regi\u00f3n del Donbass, que a\u00fan no est\u00e1n bajo su control, y garantizar un corredor terrestre hacia Crimea\u201d.<\/p>\n<p>Para tener una mejor idea sobre la realidad de la resistencia obrera, Fabio Bosco, del Sectorial Internacional de la CSP-Conlutas, condujo una entrevista para la <a href=\"http:\/\/laboursolidarity.org\/?lang=en\" target=\"_blank\" rel=\"noopener\">Red Sindical Internacional de Solidaridad y Luchas<\/a> con Yuri Samoilov, presidente del sindicato local de los Mineros y Metal\u00fargicos Independientes de Krivoy-Rog.<\/p>\n<p>Yuri, representante de los mineros que extraen el mineral de hierro y de los trabajadores del sector sider\u00fargico de la regi\u00f3n, se encuentra a cerca de 30 km de soldados rusos, y ha resistido contra la invasi\u00f3n junto con otros obreros.<\/p>\n<p>\u00c9l cont\u00f3 sobre el d\u00eda a d\u00eda de la resistencia, el clima entre los ucranianos que participan en el enfrentamiento a la invasi\u00f3n, y la importancia de la solidaridad internacional para el avance de la lucha.<\/p>\n<p><iframe loading=\"lazy\" title=\"Entrevista con dirigente sindical de los mineros ucranianos en Krivoy-Rog\" width=\"500\" height=\"281\" src=\"https:\/\/www.youtube.com\/embed\/av252pH0G40?feature=oembed\" frameborder=\"0\" allow=\"accelerometer; autoplay; clipboard-write; encrypted-media; gyroscope; picture-in-picture; web-share\" referrerpolicy=\"strict-origin-when-cross-origin\" allowfullscreen><\/iframe><\/p>\n","protected":false},"excerpt":{"rendered":"<p>Cerca de cumplir un mes, la invasi\u00f3n rusa no consigui\u00f3 avanzar como se esperaba y la poblaci\u00f3n ucraniana que qued\u00f3 en el territorio ha enfrentado una situaci\u00f3n cada vez m\u00e1s cr\u00edtica, con falta de remedios y recursos como combustible, electricidad, calefacci\u00f3n e incluso hasta comida.<\/p>\n","protected":false},"author":4,"featured_media":69336,"menu_order":0,"comment_status":"closed","ping_status":"closed","sticky":false,"template":"","format":"standard","meta":{"jetpack_post_was_ever_published":false,"_jetpack_newsletter_access":"","_jetpack_dont_email_post_to_subs":false,"_jetpack_newsletter_tier_id":0,"_jetpack_memberships_contains_paywalled_content":false,"litci_post_political_author":"","_jetpack_memberships_contains_paid_content":false,"footnotes":""},"categories":[17351,2737,2704,10806,2768],"tags":[3465,8756,17427,17428,5890,17429],"class_list":["post-69335","post","type-post","status-publish","format-standard","has-post-thumbnail","hentry","category-guerra-contra-ucrania","category-movimiento-obrero","category-rusia","category-sindical","category-ucrania","tag-csp-conlutas","tag-fabio-bosco","tag-guerra-contra-ucrania","tag-invasion-rusa","tag-resistencia-obrera","tag-yuri-samoilov"],"jetpack_featured_media_url":"https:\/\/i0.wp.com\/litci.org\/es\/wp-content\/uploads\/2022\/03\/Entrevista-Yuri.png?fit=768%2C429&ssl=1","fimg_url":"https:\/\/i0.wp.com\/litci.org\/es\/wp-content\/uploads\/2022\/03\/Entrevista-Yuri.png?fit=768%2C429&ssl=1","categories_names":["Guerra contra Ucrania","Movimiento Obrero","Rusia","Sindical","Ucrania"],"author_info":{"name":"Administraci\u00f3n Site","pic":"https:\/\/secure.gravatar.com\/avatar\/1fc4a65db396208ca881747f59a66a20c6b8670747457224753e1e98c43f719b?s=96&d=mm&r=g"},"political_author":null,"tagline":"","jetpack_sharing_enabled":true,"_links":{"self":[{"href":"https:\/\/litci.org\/es\/wp-json\/wp\/v2\/posts\/69335","targetHints":{"allow":["GET"]}}],"collection":[{"href":"https:\/\/litci.org\/es\/wp-json\/wp\/v2\/posts"}],"about":[{"href":"https:\/\/litci.org\/es\/wp-json\/wp\/v2\/types\/post"}],"author":[{"embeddable":true,"href":"https:\/\/litci.org\/es\/wp-json\/wp\/v2\/users\/4"}],"replies":[{"embeddable":true,"href":"https:\/\/litci.org\/es\/wp-json\/wp\/v2\/comments?post=69335"}],"version-history":[{"count":2,"href":"https:\/\/litci.org\/es\/wp-json\/wp\/v2\/posts\/69335\/revisions"}],"predecessor-version":[{"id":69342,"href":"https:\/\/litci.org\/es\/wp-json\/wp\/v2\/posts\/69335\/revisions\/69342"}],"wp:featuredmedia":[{"embeddable":true,"href":"https:\/\/litci.org\/es\/wp-json\/wp\/v2\/media\/69336"}],"wp:attachment":[{"href":"https:\/\/litci.org\/es\/wp-json\/wp\/v2\/media?parent=69335"}],"wp:term":[{"taxonomy":"category","embeddable":true,"href":"https:\/\/litci.org\/es\/wp-json\/wp\/v2\/categories?post=69335"},{"taxonomy":"post_tag","embeddable":true,"href":"https:\/\/litci.org\/es\/wp-json\/wp\/v2\/tags?post=69335"}],"curies":[{"name":"wp","href":"https:\/\/api.w.org\/{rel}","templated":true}]}}