{"id":69329,"date":"2022-03-28T12:40:32","date_gmt":"2022-03-28T12:40:32","guid":{"rendered":"https:\/\/litci.org\/es\/?p=69329"},"modified":"2024-11-03T13:27:43","modified_gmt":"2024-11-03T13:27:43","slug":"colombia-que-representa-francia-marquez-como-candidata-a-vicepresidenta","status":"publish","type":"post","link":"https:\/\/litci.org\/es\/colombia-que-representa-francia-marquez-como-candidata-a-vicepresidenta\/","title":{"rendered":"Colombia | \u00bfQu\u00e9 representa Francia M\u00e1rquez como candidata a vicepresidenta?"},"content":{"rendered":"<p><em>Francia M\u00e1rquez ha sido nombrada f\u00f3rmula vicepresidencial de la candidatura de Gustavo Petro, a pesar del esfuerzo que \u00e9l hizo por ofrecerle ese cargo a un liberal sin importarle incumplir los acuerdos previos. Pudo m\u00e1s la presi\u00f3n del proceso pol\u00edtico que le dio a Francia 803.000 votos en la consulta del Pacto Hist\u00f3rico. Era ella quien mejor pod\u00eda canalizar el descontento y la radicalidad de la lucha de masas en las calles, especialmente tras el paro nacional de 45 d\u00edas en 2021.<\/em><!--more--><\/p>\n<p><strong style=\"color: #222222;font-family: Verdana, Geneva, sans-serif;font-size: 14px\">Por:<\/strong><span style=\"color: #222222;font-family: Verdana, Geneva, sans-serif;font-size: 14px\"> Comit\u00e9 Ejecutivo del PST-Colombia<\/span><\/p>\n<p><strong>El grito que no quieren escuchar los de arriba<\/strong><\/p>\n<p>El descontento de la poblaci\u00f3n y la indignaci\u00f3n ante la profundizaci\u00f3n de la crisis social, por un lado, y por otro, la corrupci\u00f3n descarada, las masacres, la represi\u00f3n del r\u00e9gimen pol\u00edtico y la acumulaci\u00f3n de la riqueza por parte de un pu\u00f1ado de capitalistas, mientras millones aguantan hambre, no da para abrazos, reconciliaci\u00f3n, perd\u00f3n, pacifismo y resignaci\u00f3n; no da para que todo siga igual, para m\u00e1s de lo mismo; lo \u00fanico que nos est\u00e1 quedando a los de abajo es la dignidad y fuerzas para luchar por un cambio radical, un grito que no quieren escuchar los de arriba.<\/p>\n<p>La necesidad de un cambio es lo que expresa el ascenso de Francia M\u00e1rquez; que se manifiesta en el desprestigio del uribismo, lo que obliga a Federico Guti\u00e9rrez a intentar esconder cualquier nexo con este sector y al mismo tiempo a representarlo; es lo que tambi\u00e9n explica que el centro conciliador encabezado hoy por Sergio Fajardo haya recibido tan pocos votos; la necesidad de cambio es lo que obliga a Petro a nombrar a Francia M\u00e1rquez como su vicepresidenta.<\/p>\n<p><strong>Nuestra indignaci\u00f3n contra su odio<\/strong><\/p>\n<p>La \u201cgente de bien\u201d no han podido disimular el odio que les produce Francia M\u00e1rquez por ser una mujer, negra, de origen pobre, trabajadora minera, representante de todos los sectores oprimidos y l\u00edder social perseguida y amenazada; seg\u00fan ellos una zarrapastrosa, una igualada. Para completar, una candidata a la vicepresidencia que ha mostrado dignidad, con un discurso pausado, firme franco, directo y honesto.<\/p>\n<p>El odio de la clase capitalista contra Francia M\u00e1rquez lo expres\u00f3 Cesar Gaviria porque ella le dijo que \u00e9l representa el neoliberalismo y a m\u00e1s de lo mismo. Como si no fuera verdad. Eso para Cesar Gaviria son \u201cpalabras groseras, falsas y malintencionadas que constituyen una ofensa inaceptable\u201d. Gaviria dice que Francia es una \u201cgrosera\u201d porque considera un atrevimiento que una mujer, negra y pobre le hable de igual a igual, sin embargo, no hubo nada de grosero en sus palabras. Asimismo, muchos pronunciamientos, trinos, publicaciones en redes sociales, sobre Francia M\u00e1rquez apenas se conoci\u00f3 su designaci\u00f3n, como el caso de Paola Ochoa, expresan el machismo, el racismo y odio de clase contra esta l\u00edder social que finalmente es un desprecio hacia todos nosotros los despose\u00eddos.<\/p>\n<p>Para Gaviria y la burgues\u00eda, entregar el pa\u00eds al imperialismo, aprobar leyes para precarizar el trabajo y aumentar el desempleo, el robo cada a\u00f1o de 50 billones de pesos mediante contratos, el asesinato a l\u00edderes sociales y la represi\u00f3n a los manifestantes, no merecen indignaci\u00f3n ni descontento, sino perd\u00f3n, reconciliaci\u00f3n y olvido. Los de arriba odian y cometen todos los cr\u00edmenes posibles de manera impune, pero a los de abajo nos atacan por defender la dignidad y luchar por el cambio que necesitamos. Si nos defendemos dicen que fomentamos \u201cel odio\u201d.<\/p>\n<p><strong>Petro intenta conciliar lo irreconciliable<\/strong><\/p>\n<p>Petro intenta reconciliar los intereses de las clases sociales que son antag\u00f3nicos e irreconciliables. Luis Carlos Sarmiento no va a renunciar a sus 9.600 millones de d\u00f3lares que suma su capital acumulado mediante corrupci\u00f3n con contratos, expropiaci\u00f3n de apartamentos a los pobres que se endeudan con sus bancos, ni va a entregar su fondo de ahorros Porvenir que con enga\u00f1os lo presenta como fondo de pensiones; los dem\u00e1s capitalistas tampoco entregar\u00e1n las riquezas que se han apropiado para solventar la crisis social y la inequidad.<\/p>\n<p>Uribe, los ganaderos y los terratenientes no van a devolver pac\u00edfica y voluntariamente los siete millones de hect\u00e1reas de tierra que le han expropiado a los campesinos pobres e ind\u00edgenas; ni la burgues\u00eda narcotraficante dejar\u00e1 su jugoso negocio que alimenta la guerra y las masacres contra el pueblo.<\/p>\n<p>Los empresarios le pedir\u00e1n al gobierno de Petro m\u00e1s subsidios, menos impuestos y mayor precarizaci\u00f3n del empleo; los trabajadores le exigiremos m\u00e1s impuestos para los ricos, menos para los pobres; distribuir el trabajo y aumentar los salarios. En esta lucha de clases, e intereses de clase, que tratan de esconder los de arriba, \u00bfc\u00f3mo se pueden conciliar intereses?<\/p>\n<p><strong>Francia representa la lucha democr\u00e1tica<\/strong><\/p>\n<p>Francia representa la lucha contra el r\u00e9gimen pol\u00edtico; contra las opresiones, contra la represi\u00f3n a las protestas, contra el asesinato a l\u00edderes sociales y por las reivindicaciones de la tierra y territorios de campesinos pobres y pueblos ind\u00edgenas y negritudes. Pero tiene y tendr\u00e1 fuertes presiones para distanciarse de esta lucha democr\u00e1tica. Ha mencionado que ya se hizo la experiencia con la lucha y que ahora se har\u00e1 con la pol\u00edtica. Otra gran debilidad es que no es cercana al sector obrero ni a las luchas de los trabajadores.<\/p>\n<p>El paro de 2021 nos ense\u00f1\u00f3 que el \u00fanico camino efectivo para derrotar los planes de los capitalistas es la lucha en las calles. Ni con un gobierno conciliador, ni con un congreso mayoritariamente de los de arriba se conquistar\u00e1n reivindicaciones posibles de lograr con la lucha directa.<\/p>\n<p>Contradictoriamente, frente a la lucha de Francia M\u00e1rquez, el programa del Pacto Hist\u00f3rico es para un gobierno que representar\u00e1 m\u00e1s de lo mismo. Algunos dir\u00e1n que es para el cambio. En el mejor de los casos ser\u00e1 una promesa de cambio o un cambio parcial y temporal, no un cambio real, profundo y revolucionario, que es lo que exige la situaci\u00f3n actual y la crisis social; lo que exige la profunda crisis del sistema. Adem\u00e1s, a Francia le falta darle m\u00e1s importancia a las reivindicaciones de los trabajadores que sumamos la mayor\u00eda de la poblaci\u00f3n (25 millones de poblaci\u00f3n econ\u00f3micamente activa), como reparto del trabajo sin rebaja salarial, formalizaci\u00f3n del empleo y estabilidad laboral.<\/p>\n<p>La \u00fanica alternativa para que un gobierno de Petro vaya m\u00e1s all\u00e1 de su programa es que los trabajadores, la juventud, los campesinos pobres, los ind\u00edgenas y las negritudes nos unamos, y desde las calles le exijamos que aplique un programa de cambios radicales que defiendan los intereses de los de abajo, contra los intereses de los de arriba; que se expropie a los expropiadores y se redistribuya equitativamente la riqueza. No m\u00e1s gobiernos para los de arriba, necesitamos un gobierno de los trabajadores.<\/p>\n","protected":false},"excerpt":{"rendered":"<p>Francia M\u00e1rquez ha sido nombrada f\u00f3rmula vicepresidencial de la candidatura de Gustavo Petro, a pesar del esfuerzo que \u00e9l hizo por ofrecerle ese cargo a un liberal sin importarle incumplir los acuerdos previos. Pudo m\u00e1s la presi\u00f3n del proceso pol\u00edtico que le dio a Francia 803.000 votos en la consulta del Pacto Hist\u00f3rico. Era ella [&hellip;]<\/p>\n","protected":false},"author":5,"featured_media":69330,"menu_order":0,"comment_status":"closed","ping_status":"closed","sticky":false,"template":"","format":"standard","meta":{"jetpack_post_was_ever_published":false,"_jetpack_newsletter_access":"","_jetpack_dont_email_post_to_subs":false,"_jetpack_newsletter_tier_id":0,"_jetpack_memberships_contains_paywalled_content":false,"litci_post_political_author":"","_jetpack_memberships_contains_paid_content":false,"footnotes":""},"categories":[2678,12300],"tags":[2949,17169],"class_list":["post-69329","post","type-post","status-publish","format-standard","has-post-thumbnail","hentry","category-colombia","category-electoral","tag-colombia-2","tag-francia-marquez"],"jetpack_featured_media_url":"https:\/\/i0.wp.com\/litci.org\/es\/wp-content\/uploads\/2022\/03\/N7T5TI6UVRARDNLZPN7S6FUWDU.jpg?fit=1200%2C675&ssl=1","fimg_url":"https:\/\/i0.wp.com\/litci.org\/es\/wp-content\/uploads\/2022\/03\/N7T5TI6UVRARDNLZPN7S6FUWDU.jpg?fit=1200%2C675&ssl=1","categories_names":["Colombia","Electoral"],"author_info":{"name":"Kely","pic":"https:\/\/secure.gravatar.com\/avatar\/19003bf6219614b90207b39bd4a2733ce9cf96693efdfd639b15a829beed53d1?s=96&d=mm&r=g"},"political_author":null,"tagline":"","jetpack_sharing_enabled":true,"_links":{"self":[{"href":"https:\/\/litci.org\/es\/wp-json\/wp\/v2\/posts\/69329","targetHints":{"allow":["GET"]}}],"collection":[{"href":"https:\/\/litci.org\/es\/wp-json\/wp\/v2\/posts"}],"about":[{"href":"https:\/\/litci.org\/es\/wp-json\/wp\/v2\/types\/post"}],"author":[{"embeddable":true,"href":"https:\/\/litci.org\/es\/wp-json\/wp\/v2\/users\/5"}],"replies":[{"embeddable":true,"href":"https:\/\/litci.org\/es\/wp-json\/wp\/v2\/comments?post=69329"}],"version-history":[{"count":3,"href":"https:\/\/litci.org\/es\/wp-json\/wp\/v2\/posts\/69329\/revisions"}],"predecessor-version":[{"id":78207,"href":"https:\/\/litci.org\/es\/wp-json\/wp\/v2\/posts\/69329\/revisions\/78207"}],"wp:featuredmedia":[{"embeddable":true,"href":"https:\/\/litci.org\/es\/wp-json\/wp\/v2\/media\/69330"}],"wp:attachment":[{"href":"https:\/\/litci.org\/es\/wp-json\/wp\/v2\/media?parent=69329"}],"wp:term":[{"taxonomy":"category","embeddable":true,"href":"https:\/\/litci.org\/es\/wp-json\/wp\/v2\/categories?post=69329"},{"taxonomy":"post_tag","embeddable":true,"href":"https:\/\/litci.org\/es\/wp-json\/wp\/v2\/tags?post=69329"}],"curies":[{"name":"wp","href":"https:\/\/api.w.org\/{rel}","templated":true}]}}