{"id":68731,"date":"2022-02-18T11:07:39","date_gmt":"2022-02-18T11:07:39","guid":{"rendered":"https:\/\/litci.org\/es\/?p=68731"},"modified":"2024-11-03T13:27:47","modified_gmt":"2024-11-03T13:27:47","slug":"por-que-queremos-lanzar-una-candidatura-a-la-presidencia-de-la-republica","status":"publish","type":"post","link":"https:\/\/litci.org\/es\/por-que-queremos-lanzar-una-candidatura-a-la-presidencia-de-la-republica\/","title":{"rendered":"Brasil | Por qu\u00e9 queremos lanzar una candidatura a la Presidencia de la Rep\u00fablica"},"content":{"rendered":"<p><em>Los revolucionarios participan en las elecciones esencialmente para difundir el programa socialista.\u00a0No creemos que ser\u00e1 a trav\u00e9s de las elecciones que cambiaremos el pa\u00eds.\u00a0Pero esta es una necesidad presente mientras los trabajadores pongan sus esperanzas en la democracia burguesa, como es el caso del Brasil hoy.<\/em><!--more--><\/p>\n<p>Por: Eduardo Almeida<\/p>\n<p>Pero en este momento hay otras razones para ello, las que surgen del mundo concreto y de la realidad nacional.\u00a0Vale la pena enumerar aqu\u00ed cuatro razones principales para presentar una candidatura socialista a la presidencia en estas elecciones.<\/p>\n<h4><strong>\u201cSocialismo o Barbarie\u201d nunca ha sido tan actual<\/strong><\/h4>\n<p>Entre los activistas de izquierda es muy famosa la consigna \u201cSocialismo o barbarie\u201d.\u00a0Expresa la disyuntiva hist\u00f3rica: o llegamos a la revoluci\u00f3n socialista o el capitalismo nos lleva al retroceso hist\u00f3rico de la barbarie.<\/p>\n<p>Esto a menudo se entiende como una posibilidad futura y remota.\u00a0Sin embargo, el retraso de la revoluci\u00f3n socialista est\u00e1 provocando la aparici\u00f3n de elementos de barbarie incluso hoy.\u00a0En otras palabras, la barbarie ya empieza a hacerse presente y tiende a ampliarse.<\/p>\n<p>Esta es la realidad que viven los trabajadores, con la p\u00e9rdida de conquistas hist\u00f3ricas, con salarios rebajados a niveles infrahumanos, con el desempleo creciendo fuertemente. Tenemos 45 millones de personas pasando hambre en este momento. Tenemos 92 millones de desempleados y subempleados. Estos son elementos de barbarie en la situaci\u00f3n material de los trabajadores.<\/p>\n<p>La pandemia ha entrado en su tercer a\u00f1o y nadie puede decir cu\u00e1ndo terminar\u00e1.\u00a0Pueden venir otras cepas, u otras pandemias.\u00a0Se trata de una expresi\u00f3n de barbarie en el medio ambiente por la agresi\u00f3n de la deforestaci\u00f3n de los bosques, lo que gener\u00f3 la pandemia.\u00a0Y la barbarie en la salud p\u00fablica, que ha colapsado debido a d\u00e9cadas de planes neoliberales.<\/p>\n<p>La agresi\u00f3n al medio ambiente por parte del capitalismo tambi\u00e9n muestra signos de barbarie, con un calentamiento global que ya alcanza los 1,2\u00baC en relaci\u00f3n con los niveles preindustriales.\u00a0Los cient\u00edficos prev\u00e9n la posibilidad de que superemos los 1,5 \u00baC de aumento medio de la temperatura terrestre hasta 2030, lo que ya comenzar\u00eda a provocar da\u00f1os irreversibles en los sistemas ecol\u00f3gicos.\u00a0Aqu\u00ed en el Brasil, adem\u00e1s de las tragedias de Mariana y Brumadinho, en Minas Gerais, provocada por la Vale, la deforestaci\u00f3n de la Amazon\u00eda est\u00e1 muy cerca del punto de no retorno, cuyas consecuencias ser\u00e1n catastr\u00f3ficas.<\/p>\n<p>Del mismo modo, tenemos elementos de barbarie en relaci\u00f3n con las opresiones, con masacres de j\u00f3venes negros en barrios pobres, como las invasiones de Jacarezinho y Vila Cruzeiro, en Rio de Janeiro, o el cruel asesinato de Mo\u00efse.\u00a0Crece en todo el pa\u00eds el feminicidio y el asesinato de LBGTs.<\/p>\n<p>Estos crecientes signos de barbarie son productos del capitalismo.\u00a0Brasil est\u00e1 en decadencia como consecuencia de su sumisi\u00f3n al imperialismo, con una degradaci\u00f3n de su posici\u00f3n en la divisi\u00f3n mundial del trabajo.\u00a0Cada vez m\u00e1s deja su peso industrial para desplazarse hacia la producci\u00f3n agr\u00edcola y minera.<\/p>\n<p>Esta decadencia comenz\u00f3 antes del gobierno actual.\u00a0Bolsonaro no es solo un agente activo de esta decadencia, sino tambi\u00e9n un resultado de ella.\u00a0Surge como expresi\u00f3n de esa misma decadencia, de la crisis de la democracia burguesa, como el primer gobierno de ultraderecha en el pa\u00eds.<\/p>\n<p>La decadencia y la barbarie son productos del capitalismo, y seguir\u00e1n y se agudizar\u00e1n con cualquier gobierno burgu\u00e9s que se elija en octubre, sea Bolsonaro o Lula.\u00a0O se rompe con la dominaci\u00f3n capitalista o la barbarie se ampliar\u00e1.<\/p>\n<p>El programa socialista surge de esta realidad, con m\u00e1s fuerza que antes.\u00a0Es m\u00e1s f\u00e1cil hoy defender la necesidad de una revoluci\u00f3n socialista que en d\u00e9cadas anteriores, cuando la campa\u00f1a ideol\u00f3gica \u201cacab\u00f3 el socialismo\u201d a\u00fan pesaba mucho tras el derrocamiento de las dictaduras estalinistas en Europa del Este.<\/p>\n<p>\u201cSocialismo o barbarie\u201d nunca ha sido tan actual.\u00a0Y, por eso, tener una candidatura en las elecciones que presente con fuerza el programa socialista, de ruptura con el capitalismo, es de enorme importancia.<\/p>\n<h4><strong>Realmente es necesario derrotar a Bolsonaro. \u00bfC\u00f3mo hacerlo?<\/strong><\/h4>\n<p>\u201cTenemos que derrotar a Bolsonaro\u201d, ese es el gran argumento por el cual el PT logra ganarse a la mayor\u00eda de los trabajadores y activistas.\u00a0Y para eso vale todo, incluida la alianza Lula-Alckmin.<\/p>\n<p>Lula probablemente contar\u00e1 con el apoyo del PSOL, as\u00ed como de varios partidos de derecha.\u00a0Puede ganar las elecciones incluso en la primera vuelta.\u00a0Entendemos esta posici\u00f3n, defendida por muchos activistas socialistas honestos.\u00a0Despu\u00e9s de todo, Bolsonaro es odiado precisamente por la mayor\u00eda absoluta de los trabajadores y la juventud.<\/p>\n<div id=\"attachment_68733\" style=\"width: 452px\" class=\"wp-caption alignnone\"><img data-recalc-dims=\"1\" loading=\"lazy\" decoding=\"async\" aria-describedby=\"caption-attachment-68733\" class=\" wp-image-68733\" src=\"https:\/\/i0.wp.com\/litci.org\/es\/wp-content\/uploads\/2022\/02\/alckmin-lula-300x180.jpeg?resize=442%2C265&#038;ssl=1\" alt=\"\" width=\"442\" height=\"265\" srcset=\"https:\/\/i0.wp.com\/litci.org\/es\/wp-content\/uploads\/2022\/02\/alckmin-lula.jpeg?resize=300%2C180&amp;ssl=1 300w, https:\/\/i0.wp.com\/litci.org\/es\/wp-content\/uploads\/2022\/02\/alckmin-lula.jpeg?resize=768%2C461&amp;ssl=1 768w, https:\/\/i0.wp.com\/litci.org\/es\/wp-content\/uploads\/2022\/02\/alckmin-lula.jpeg?resize=699%2C420&amp;ssl=1 699w, https:\/\/i0.wp.com\/litci.org\/es\/wp-content\/uploads\/2022\/02\/alckmin-lula.jpeg?resize=640%2C384&amp;ssl=1 640w, https:\/\/i0.wp.com\/litci.org\/es\/wp-content\/uploads\/2022\/02\/alckmin-lula.jpeg?resize=681%2C409&amp;ssl=1 681w, https:\/\/i0.wp.com\/litci.org\/es\/wp-content\/uploads\/2022\/02\/alckmin-lula.jpeg?w=924&amp;ssl=1 924w\" sizes=\"auto, (max-width: 442px) 100vw, 442px\" \/><p id=\"caption-attachment-68733\" class=\"wp-caption-text\">El PT est\u00e1 preparando un gobierno m\u00e1s a la derecha que sus anteriores.\u00a0El desgaste posterior es inevitable y puede volver a ser capitalizado por la ultraderecha.<\/p><\/div>\n<p>Bolsonaro es la ultraderecha que lleg\u00f3 para quedarse, como consecuencia de la crisis de la democracia burguesa.\u00a0Tiene grupos organizados y armados en todo el pa\u00eds, como no exist\u00eda hace unos a\u00f1os.\u00a0Pero, \u00bfes verdad que el PT quiere derrotar a Bolsonaro?\u00a0Si y no.\u00a0S\u00ed, porque quiere derrotar a Bolsonaro en las elecciones de octubre, por dentro de la institucionalidad burguesa.<\/p>\n<p>Pero esto es solo parcialmente cierto.\u00a0El PT no quiso ni quiere derrotar a Bolsonaro de la manera m\u00e1s importante, que es la acci\u00f3n directa de las masas.\u00a0Por eso fren\u00f3 el desarrollo de las movilizaciones por el \u201cFuera Bolsonaro\u201d.\u00a0Este es un error grave, consecuencia de la completa adhesi\u00f3n del PT a la institucionalidad burguesa.<\/p>\n<p>Bolsonaro puede cuestionar el resultado de las elecciones, como hizo Trump en EE.UU.\u00a0Y puede, incluso derrotado electoralmente, capitalizar en el futuro el desgaste inevitable de un posible gobierno de Lula.\u00a0Decimos nuevamente que la decadencia del pa\u00eds y los elementos de barbarie no surgieron y no terminar\u00e1n con Bolsonaro fuera del gobierno.<\/p>\n<p>Lula tendr\u00e1 una forma de gobernar distinta de la de Bolsonaro.\u00a0Eso es evidente, ser\u00e1 un gobierno con una cara m\u00e1s amable.\u00a0Pero una cara diferente del mismo capitalismo.\u00a0El programa de Lula, en esencia, es el mantenimiento de los planes neoliberales, con alguna cobertura.\u00a0Por ejemplo, Lula defendi\u00f3 la \u201ccontrarreforma\u201d del PSOE (partido socialista) en Espa\u00f1a en relaci\u00f3n con la reforma laboral del anterior gobierno de derecha.\u00a0Pero, de hecho, el PSOE mantuvo la esencia de la reforma laboral, con la precarizaci\u00f3n del trabajo y el derecho de la burgues\u00eda a despedir trabajadores por cualquier necesidad econ\u00f3mica.<\/p>\n<p>Lula enfrentar\u00e1 una situaci\u00f3n econ\u00f3mica internacional m\u00e1s grave que la de 2003, que no permitir\u00e1 un crecimiento econ\u00f3mico como en los primeros gobiernos del PT.\u00a0Las multinacionales exigir\u00e1n a\u00fan m\u00e1s ataques a los trabajadores.\u00a0Y luego est\u00e1n los avances en la tecnolog\u00eda de internet 5G, la industria 4.0, la inteligencia artificial, que generar\u00e1n a\u00fan mayor desempleo.<\/p>\n<p>Al seguir aplicando los planes neoliberales, Lula atacar\u00e1 a los trabajadores y a la juventud, acabando tambi\u00e9n por desgastarse.\u00a0La ultraderecha podr\u00eda acabar reforz\u00e1ndose de nuevo si capitaliza este desgaste.\u00a0Esto est\u00e1 pasando, por ejemplo, en EEUU, con Trump.\u00a0Si las elecciones fuesen hoy, Trump ganar\u00eda con 46% frente a 40% de Joe Biden.\u00a0Como la derecha vuelve se fortalece nuevamente en Argentina frente al gobierno de Alberto Fern\u00e1ndez, como capitaliza el desgaste de L\u00f3pez Obrador, en M\u00e9xico, y de Pedro Castillo, en el Per\u00fa.<\/p>\n<p>Lula intentar\u00e1 enfrentar a la extrema derecha desde el marco institucional.\u00a0Pero las Fuerzas Armadas y las polic\u00edas est\u00e1n divididas, con un fuerte sector bolsonarista.\u00a0No se puede confiar en la justicia burguesa.\u00a0No vemos c\u00f3mo esto puede ser victorioso.<\/p>\n<p>Por eso decimos que la ultraderecha solo puede ser verdaderamente derrotada con la acci\u00f3n directa de las masas, con el movimiento prepar\u00e1ndose activamente, a trav\u00e9s de sus organismos, para la autodefensa.\u00a0La democracia burguesa es incapaz de derrotar a la ultraderecha.<\/p>\n<p>Y Lula solo quiere derrotar a Bolsonaro en las elecciones, por la democracia burguesa.\u00a0Puede derrotarlo en octubre, pero posibilitar que Bolsonaro vuelva a fortalecerse m\u00e1s tarde.\u00a0Esto nos reafirma la necesidad de una candidatura socialista en las pr\u00f3ximas elecciones.\u00a0No puede ser que la \u201cizquierda\u201d sea Lula en las elecciones de octubre, cuando \u00e9l defiende un programa de derecha.<\/p>\n<p>Es necesario que haya una candidatura de izquierda con un programa socialista.\u00a0No creemos que vayamos a tener una gran votaci\u00f3n, ya que la ilusi\u00f3n en Lula es muy grande, y el \u201cvoto \u00fatil\u201d pesar\u00e1 mucho.<\/p>\n<p>Pero afirmar una candidatura a la presidencia con programa socialista en estas elecciones ser\u00e1 muy importante para ahora y, m\u00e1s a\u00fan, para el futuro.\u00a0Cuando comience la experiencia de los trabajadores y de la juventud con un posible gobierno de Lula, ya se habr\u00e1 construido una peque\u00f1a referencia a alternativa socialista.\u00a0No puede ser que dejemos que la extrema derecha \u2013o cualquier otra alternativa burguesa\u2013 capitalice una vez m\u00e1s el desgaste de los gobiernos petistas.<\/p>\n<h4><strong>Contra el r\u00e9gimen, se necesita una candidatura socialista con un perfil por fuera de la institucionalidad<\/strong><\/h4>\n<p>La elecci\u00f3n de Bolsonaro fue una expresi\u00f3n de la crisis de la democracia burguesa.\u00a0Y el gran responsable por su victoria fue el PT.\u00a0Bolsonaro fue elegido por el rechazo de los trabajadores a los gobiernos del PT.<\/p>\n<p>Bolsonaro tambi\u00e9n fue elegido por su desconfianza en la propia democracia burguesa, aunque hab\u00eda sido un diputado por el \u201ccentr\u00e3o\u201d durante d\u00e9cadas.\u00a0No por casualidad, tambi\u00e9n aprovech\u00f3 la desconfianza hacia los \u201cpol\u00edticos de siempre\u201d, los principales medios de comunicaci\u00f3n, el Congreso, etc.<\/p>\n<p>La crisis de la democracia burguesa actual tiene origen en la grande y espont\u00e1nea movilizaci\u00f3n popular de 2013, que choc\u00f3 contra todos los gobiernos, incluido el gobierno de Dilma.\u00a0La juventud empobrecida exig\u00eda en las movilizaciones salud, educaci\u00f3n y transporte \u201cpadr\u00f3n FIFA\u201d.\u00a0Pero el PT le dio la espalda al pueblo en las calles.<\/p>\n<p>All\u00ed comenz\u00f3 una ruptura masiva de la base con el PT, que se fue profundizando.\u00a0Y comenz\u00f3 tambi\u00e9n la crisis de la democracia burguesa.<\/p>\n<p>Fue por este desgaste del PT, por haber implementado los planes neoliberales, que la burgues\u00eda, despu\u00e9s de utilizar al PT durante 14 a\u00f1os, pudo realizar una maniobra parlamentaria, con el\u00a0<em>impeachment<\/em>\u00a0de Dilma y la toma de posesi\u00f3n de Temer.\u00a0El PT estaba tan desgastado que no pudo hacer ning\u00fan acto de masas en defensa de Dilma, ni siquiera en el ABC [cord\u00f3n industrial de San Pablo, cuna del PT, <em>ndt.<\/em>].<\/p>\n<p>El PSTU, correctamente, se opuso a la maniobra parlamentaria que condujo a la asunci\u00f3n de Temer.\u00a0Defendimos el \u201cFuera Todos\u201d, incluyendo a Dilma, Temer y el Congreso.\u00a0El PT invent\u00f3 la narrativa del \u201cgolpe contra Dilma\u201d para justificarse, como si hubiese habido un golpe que cambi\u00f3 el r\u00e9gimen del pa\u00eds.\u00a0Con esta narrativa convenci\u00f3 a una generaci\u00f3n de activistas.\u00a0Pero ahora se al\u00eda con los \u201cgolpistas\u201d, desarmando su propia narrativa.<\/p>\n<p>Hasta hoy, el PT demoniza las movilizaciones de 2013, como si las masas en las calles, y no el propio PT, fuesen responsables por el surgimiento de Bolsonaro.\u00a0De hecho, Bolsonaro aprovech\u00f3 el desgaste del PT, as\u00ed como la crisis de la democracia burguesa.<\/p>\n<p>Ahora, el PT quiere repetir el mismo enredo.\u00a0La alianza en 2022 no es con Temer.\u00a0Est\u00e1 a\u00fan m\u00e1s a la derecha, con Alckmin, un cuadro tradicional de la burgues\u00eda, fundador del PSDB.\u00a0Un futuro gobierno Lula, al contrario de las expectativas de los activistas, terminar\u00e1 en una nueva gran frustraci\u00f3n.<\/p>\n<p>No decimos que habr\u00e1 un \u201cnuevo 2013\u201d.\u00a0Pero la combinaci\u00f3n de los nuevos elementos de la realidad concreta est\u00e1 abierta.\u00a0No sabemos cu\u00e1nto tardar\u00e1 en desgastarse un futuro gobierno del PT ni sus consecuencias concretas en relaci\u00f3n con\u00a0 el movimiento de masas.\u00a0Pero afirmamos que habr\u00e1 otro desgaste del gobierno del PT, as\u00ed como tambi\u00e9n de la democracia burguesa.\u00a0Y por eso es necesario presentar ahora una candidatura socialista categ\u00f3ricamente diferente del PT, del PSOL y de los dem\u00e1s partidos del r\u00e9gimen.\u00a0No como un programa marcado por reformas limitadas, sino de ruptura con el capitalismo, en defensa de la revoluci\u00f3n socialista.<\/p>\n<h4><strong>El probable apoyo del PSOL a Lula y Alckmin es un camino sin retorno<\/strong><\/h4>\n<p>El PSOL, que antes se presentaba ante los activistas como un partido a la izquierda del PT, anunciar\u00e1 su posici\u00f3n definitiva en abril.\u00a0Lo m\u00e1s probable es que termine por apoyar a Lula.\u00a0A continuaci\u00f3n, puede dar un paso m\u00e1s y entrar en el gobierno de Lula.<\/p>\n<p>Esto es algo nuevo en la historia de este partido reformista. Puede estar siguiendo, as\u00ed, el camino del Podemos, que apoy\u00f3 el gobierno del PSOE en Espa\u00f1a y entr\u00f3 en una crisis importante. O del Bloco de Esquerda [BE] en Portugal, que apoy\u00f3 el gobierno del Partido Socialista y vive una gran crisis tras su derrota en las \u00faltimas elecciones.<\/p>\n<p>El lanzamiento de una candidatura socialista revolucionaria en estas elecciones puede ayudar a ocupar una parte de este espacio a la izquierda del PT para una alternativa no reformista, sino socialista y revolucionaria.\u00a0El Polo Socialista y Revolucionario deber\u00e1 lanzar una candidatura a la Presidencia.<\/p>\n<p>El Polo, formado en 2021, cuenta actualmente con los militantes del PSTU; un sector del PSOL encabezado por Pl\u00ednio de Arruda Sampaio; la Corriente Socialista de los Trabajadores (CST), del PSOL; el Movimiento Revolucionario de los Trabjadores (MRT); as\u00ed como importantes grupos y colectivos de activistas.<\/p>\n<p>En este momento, el Polo est\u00e1 discutiendo qu\u00e9 hacer en las elecciones de 2022. En nuestra opini\u00f3n, deber\u00eda presentar candidatos a la Presidencia de la Rep\u00fablica, as\u00ed como a los gobiernos estaduales y el Parlamento.<\/p>\n<p>Nos parece fundamental que esas candidaturas defiendan un programa socialista y revolucionario, de independencia de clase.\u00a0Una candidatura de alternativa a la colaboraci\u00f3n de clases, al programa burgu\u00e9s de la alianza Lula-Alckmin.\u00a0Para ello, el PSTU propone a la compa\u00f1era Vera, obrera, negra y socialista.<\/p>\n<p>El PT est\u00e1 preparando un gobierno m\u00e1s a la derecha que sus anteriores.\u00a0El desgaste posterior es inevitable y puede volver a ser capitalizado por la extrema derecha.<\/p>\n<p>Art\u00edculo publicado en <a href=\"http:\/\/www.pstu.org.br\" target=\"_blank\" rel=\"noopener\">www.pstu.org.br<\/a>, 15\/2\/2022.-<br \/>\nTraducci\u00f3n: Natalia Estrada.<\/p>\n","protected":false},"excerpt":{"rendered":"<p>Los revolucionarios participan en las elecciones esencialmente para difundir el programa socialista.\u00a0No creemos que ser\u00e1 a trav\u00e9s de las elecciones que cambiaremos el pa\u00eds.\u00a0Pero esta es una necesidad presente mientras los trabajadores pongan sus esperanzas en la democracia burguesa, como es el caso del Brasil hoy.<\/p>\n","protected":false},"author":4,"featured_media":68765,"menu_order":0,"comment_status":"closed","ping_status":"closed","sticky":false,"template":"","format":"standard","meta":{"jetpack_post_was_ever_published":false,"_jetpack_newsletter_access":"","_jetpack_dont_email_post_to_subs":false,"_jetpack_newsletter_tier_id":0,"_jetpack_memberships_contains_paywalled_content":false,"litci_post_political_author":"","_jetpack_memberships_contains_paid_content":false,"footnotes":""},"categories":[12300,2676],"tags":[16667,13167,17307,2961,17306,14966,17308],"class_list":["post-68731","post","type-post","status-publish","format-standard","has-post-thumbnail","hentry","category-electoral","category-brasil","tag-brasil-elecciones-2022","tag-burguesia-brasilena","tag-candidaturas-del-polo-socialista-y-revolucionario","tag-eduardo-almeida","tag-gobierno-lula-alckmin","tag-pt-lula","tag-ultraderecha-golpe-bolsonarismo"],"jetpack_featured_media_url":"https:\/\/i0.wp.com\/litci.org\/es\/wp-content\/uploads\/2022\/02\/vera-lucia.jpg?fit=1380%2C920&ssl=1","fimg_url":"https:\/\/i0.wp.com\/litci.org\/es\/wp-content\/uploads\/2022\/02\/vera-lucia.jpg?fit=1380%2C920&ssl=1","categories_names":["Brasil","Electoral"],"author_info":{"name":"Administraci\u00f3n Site","pic":"https:\/\/secure.gravatar.com\/avatar\/1fc4a65db396208ca881747f59a66a20c6b8670747457224753e1e98c43f719b?s=96&d=mm&r=g"},"political_author":null,"tagline":"","jetpack_sharing_enabled":true,"_links":{"self":[{"href":"https:\/\/litci.org\/es\/wp-json\/wp\/v2\/posts\/68731","targetHints":{"allow":["GET"]}}],"collection":[{"href":"https:\/\/litci.org\/es\/wp-json\/wp\/v2\/posts"}],"about":[{"href":"https:\/\/litci.org\/es\/wp-json\/wp\/v2\/types\/post"}],"author":[{"embeddable":true,"href":"https:\/\/litci.org\/es\/wp-json\/wp\/v2\/users\/4"}],"replies":[{"embeddable":true,"href":"https:\/\/litci.org\/es\/wp-json\/wp\/v2\/comments?post=68731"}],"version-history":[{"count":3,"href":"https:\/\/litci.org\/es\/wp-json\/wp\/v2\/posts\/68731\/revisions"}],"predecessor-version":[{"id":68767,"href":"https:\/\/litci.org\/es\/wp-json\/wp\/v2\/posts\/68731\/revisions\/68767"}],"wp:featuredmedia":[{"embeddable":true,"href":"https:\/\/litci.org\/es\/wp-json\/wp\/v2\/media\/68765"}],"wp:attachment":[{"href":"https:\/\/litci.org\/es\/wp-json\/wp\/v2\/media?parent=68731"}],"wp:term":[{"taxonomy":"category","embeddable":true,"href":"https:\/\/litci.org\/es\/wp-json\/wp\/v2\/categories?post=68731"},{"taxonomy":"post_tag","embeddable":true,"href":"https:\/\/litci.org\/es\/wp-json\/wp\/v2\/tags?post=68731"}],"curies":[{"name":"wp","href":"https:\/\/api.w.org\/{rel}","templated":true}]}}