{"id":68636,"date":"2022-02-11T08:27:43","date_gmt":"2022-02-11T08:27:43","guid":{"rendered":"https:\/\/litci.org\/es\/?p=68636"},"modified":"2024-11-03T13:27:48","modified_gmt":"2024-11-03T13:27:48","slug":"cuba-brutal-persecucion-del-gobierno-cubano-a-los-manifestantes-del-11j","status":"publish","type":"post","link":"https:\/\/litci.org\/es\/cuba-brutal-persecucion-del-gobierno-cubano-a-los-manifestantes-del-11j\/","title":{"rendered":"Cuba | Brutal persecuci\u00f3n del gobierno cubano a los manifestantes del 11J"},"content":{"rendered":"<p><em>A siete meses de las protestas del 11 de julio de 2021 en Cuba, recrudece la represi\u00f3n contra quienes se manifestaron. El 25 de enero, luego de m\u00e1s de medio a\u00f1o de silencio, la Fiscal\u00eda general de Cuba ofreci\u00f3 datos acerca de los procesos penales de los acusados por haber participado de las manifestaciones.<\/em><!--more--><\/p>\n<p>Por Daniel Sugasti<\/p>\n<p>El informe oficial revela 117 expedientes abiertos contra 790 personas, entre las cuales hay 115 acusados que tienen entre 16 y 20 a\u00f1os<a href=\"#_ftn1\" name=\"_ftnref1\"><sup>[1]<\/sup><\/a>. El n\u00famero de expedientes indica que se juzgaron o juzgar\u00e1n a varias personas de modo simult\u00e1neo. Las autoridades cubanas, por otra parte, reconocieron que 68% de los acusados est\u00e1 en prisi\u00f3n provisional desde julio.<\/p>\n<p>Sin embargo, la informaci\u00f3n de la Fiscal\u00eda es incompleta, puesto que solo recoge los casos en que las investigaciones han sido completadas, dejando de lado aquellas que est\u00e1n en fase inicial del proceso penal. Tampoco hablan del n\u00famero exacto de personas que han sido detenidas durante y despu\u00e9s del 11J. Seg\u00fan <em>Justicia 11J<\/em>, que, con familiares, los mismos encarcelados y otros activistas realizan un recuento de las prisiones, 1.393 personas perdieron su libertad con motivo de las protestas del 11 de julio. Puesto que las autoridades solo reconocen 489 presos, es evidente existen decenas de casos sin documentar y, por lo tanto, sin contabilizar por parte del Estado<a href=\"#_ftn2\" name=\"_ftnref2\"><sup>[2]<\/sup><\/a>. De acuerdo con esos datos, por lo menos 730 cubanos siguen en prisi\u00f3n, entre los que se cuentan \u201c135 entre 12 y 20 a\u00f1os de edad, 7 menores de 16 a\u00f1os, 72 entre 16 y 18 a\u00f1os, y 56 entre 19 y 20 a\u00f1os\u201d<a href=\"#_ftn3\" name=\"_ftnref3\">[3]<\/a>. Sin embargo, ante tama\u00f1a persecuci\u00f3n y aberraciones jur\u00eddicas, el presidente cubano, Miguel D\u00edaz-Canel, declar\u00f3 que en Cuba <em>\u201cno hay presos pol\u00edticos\u201d<\/em><a href=\"#_ftn4\" name=\"_ftnref4\"><sup>[4]<\/sup><\/a>.<\/p>\n<p>Los acusados enfrentan penas de hasta 30 a\u00f1os de prisi\u00f3n. La intenci\u00f3n imponer castigos ejemplares para atemorizar a un pueblo y una juventud trabajadora y precarizada que despierta a la lucha pol\u00edtica y se levant\u00f3 contra d\u00e9cadas de penurias y represi\u00f3n. El estudiante del Instituto Superior de Arte (ISA), Abel Lescay, por ejemplo, puede ser condenado a siete a\u00f1os de c\u00e1rcel por el \u201cdesorden p\u00fablico\u201d de haber insultado a un polic\u00eda durante las protestas<a href=\"#_ftn5\" name=\"_ftnref5\"><sup>[5]<\/sup><\/a>.<\/p>\n<p>Diversos grupos de activistas y familiares han denunciado estas penas injustas y desproporcionadas, Hasta finales de enero, ocurrieron 84 juicios que dictaron sentencia a 172 personas, sin que la Fiscal\u00eda haya informado las penas impuestas. Pero los activistas y organizaciones de DDHH contabilizan muchas m\u00e1s sentencias. No existe transparencia. En todos los juicios se han negado los pedidos para televisarlos o que la prensa ingrese pueda ingresas para hacer una cobertura.<\/p>\n<p>Seg\u00fan el Granma, los cargos son m\u00faltiples: <em>\u201c\u2026des\u00f3rdenes p\u00fablicos, instigaci\u00f3n a delinquir, da\u00f1os, robos con fuerza y violencia, atentado, sabotaje y sedici\u00f3n<\/em>\u201d, pero la Fiscal\u00eda deja claro que su respuesta legal ocurre en el marco de la acusaci\u00f3n de atentado<em> \u201ccontra el orden constitucional y la estabilidad de nuestro Estado socialista\u201d<\/em>, puesto que, para ellos, el 11 de julio fue una conspiraci\u00f3n para \u201c<em>destruir a la Revoluci\u00f3n\u201d<\/em><a href=\"#_ftn6\" name=\"_ftnref6\"><sup>[6]<\/sup><\/a>. En primer lugar, esta es una mentira del tama\u00f1o de la propia isla. Como hemos explicado en otros materiales, no existe \u201csocialismo\u201d en Cuba, puesto que la propia direcci\u00f3n castrista encabez\u00f3 el proceso de restauraci\u00f3n capitalista (liquidando lo que, en su momento, fue un Estado obrero burocratizado) asociado a capitales e intereses imperialistas, sobre todo europeos y canadienses.<\/p>\n<p>Lo que existe en Cuba es un r\u00e9gimen autoritario, policiaco y represor, controlado por la c\u00fapula de Partido Comunista de Cuba (PCC) y el alto mando de las FFAA, que garantiza con mano de hierro la buena marcha de lucrativos negocios para los capitales extranjeros, asumiendo para s\u00ed un papel de \u201csocio menor\u201d de la entrega del pa\u00eds al imperialismo. Para ese r\u00e9gimen, es intolerable cualquier organizaci\u00f3n y acci\u00f3n independiente de la clase trabajadora y el pueblo cubanos. Su peor pesadilla es un estallido social, con las caracter\u00edsticas que tuvo el 11J.\u00a0 Por ese motivo, en Cuba no existe el derecho a la sindicalizaci\u00f3n independiente, a la reuni\u00f3n, a la huelga. Las caracter\u00edsticas brutales del r\u00e9gimen castrista explican la sa\u00f1a de la persecuci\u00f3n a todo lo que signific\u00f3 el 11J; su intenci\u00f3n es amilanar, desmoralizar a quienes se atrevieron a movilizarse contra la carest\u00eda, la crisis sanitaria, la asfixia pol\u00edtica, la ausencia de las libertades democr\u00e1ticas m\u00e1s elementales hace seis meses.<\/p>\n<p>Entre el 31 de enero y el 7 de febrero se desarroll\u00f3 el juicio a unas 33 personas \u201cmanifestantes del Toyo\u201d, acusados de \u201csedici\u00f3n\u201d, entre ellos seis menores de edad. No se conoce el resultado, pero la Fiscal\u00eda ped\u00eda penas de hasta 25 a\u00f1os de c\u00e1rcel. El mismo 31 de enero hubo una protesta de m\u00e1s de 30 personas frente al tribunal del municipio habanero 10 de octubre, en la que fueron agredidas y arrestadas al menos 14 activistas, incluso muchos familiares de las personas encarceladas que, simplemente, protestaban gritando \u201cjusticia\u201d y \u201clibertad\u201d. Tambi\u00e9n fueron detenidas las activistas Daniela Rojo, Tata Poet, Leonardo Romero Negr\u00edn, Alexander Hall, Carolina Barrero y Camila Rodr\u00edguez<a href=\"#_ftn7\" name=\"_ftnref7\"><sup>[7]<\/sup><\/a>. Carolina Barrero, luego de una fuerte presi\u00f3n y amenazas de la Seguridad del Estado (\u00f3rgano encargado de vigilar e interrogar a cualquiera en el pa\u00eds) parti\u00f3 rumbo a Madrid: \u201cLa Seguridad del Estado me dio 48 horas para salir\u201d, public\u00f3 en Facebook, puesto que, si no se marchaba, las madres detenidas y otros activistas \u201cser\u00edan instruidos por el delito de desorden p\u00fablico\u201d<a href=\"#_ftn8\" name=\"_ftnref8\">[8]<\/a>. \u00a0El 10 de febrero, la coordinadora de Justicia 11J, Camila Rodr\u00edguez, denunci\u00f3 en las redes de la organizaci\u00f3n que las puniciones por la protesta en el juicio llegaron a los mismos encarcelados, que fueron impedidos de recibir la \u201cjaba\u201d (bolsa con v\u00edveres, materiales de aseo y vestimenta) y visitas por 6 meses<a href=\"#_ftn9\" name=\"_ftnref9\"><sup>[9]<\/sup><\/a>.<\/p>\n<p>Aunque sometidos a interrogatorios constantes, como se puede ver frecuentemente en sus testimonios en redes sociales, acosados en sus ambientes laborales o locales de estudio, o incluso extendiendo ese acoso a sus familias, existen muchos activistas que, pese a las campa\u00f1as de difamaci\u00f3n, actos de repudio (escraches) y el clima de terror impuesto por la polic\u00eda pol\u00edtica castrista, est\u00e1n firmes, resistiendo y organiz\u00e1ndose.<\/p>\n<p>Desde la LIT-CI nos solidarizamos con todos\/as los\/as presos\/as, sus familias, amigos\/as, con los\/as activistas cubanos\/as que luchan contra el gobierno y r\u00e9gimen autoritario en la isla.<\/p>\n<p>Desde el inicio nos hemos sumado a la campa\u00f1a exigiendo la libertad inmediata de todos\/as los\/as presos\/as pol\u00edticos\/as en Cuba y el fin de la represi\u00f3n del r\u00e9gimen liderado por D\u00edaz-Canel. Es imperioso redoblar esfuerzos, ampliar esta campa\u00f1a democr\u00e1tica e internacionalista. Para ello, llamamos a todas las organizaciones obreras, campesinas, estudiantiles, colectivos de artistas, intelectuales, en definitiva, a todos\/as aquellos\/as que defiendan los derechos humanos y las garant\u00edas democr\u00e1ticas, a que colaboren con esta iniciativa democr\u00e1tica.<\/p>\n<p>La mayor parte de la izquierda mundial, influenciada por el castrismo, guarda un silencio c\u00f3mplice y criminal ante la represi\u00f3n del Estado cubano a los\/as luchadores\/as sociales. Todav\u00eda hay tiempo para abandonar esta posici\u00f3n y sumarse a la campa\u00f1a contra las prisiones, juicios sumarios, condenas ejemplarizantes, contra el intento de sofocar la protesta en Cuba.<\/p>\n<p>De nuestra parte, en la medida de nuestras fuerzas, seguiremos sosteniendo la bandera de las libertades democr\u00e1ticas en Cuba, contra el r\u00e9gimen autoritario del PCC y las FFAA que, lejos de lo que representa el socialismo, siembra y cosecha terror, desigualdad social, hambre y migraciones forzadas. Consideramos esta tarea un punto de partida esencial para una lucha estrat\u00e9gica: una nueva revoluci\u00f3n en la isla, que recupere las conquistas de 1959, ahora con profunda democracia obrera, combate permanente a las opresiones, con respecto a la diversidad y rumbo al socialismo.<\/p>\n<p><strong>\u00a1Libertad a los presos pol\u00edticos en Cuba! \u00a1Basta de represi\u00f3n!<\/strong><\/p>\n<p><strong>\u00a1Ninguna injerencia imperialista!<\/strong><\/p>\n<p><strong>\u00a1Abajo el r\u00e9gimen autoritario y capitalista de D\u00edaz-Canel!<\/strong><\/p>\n<p>Notas:<\/p>\n<p><a href=\"#_ftnref1\" name=\"_ftn1\"><sup>[1]<\/sup><\/a> Justicia11J denuncia que, de 520 ciudadanos enjuiciados, unos 67 tienen entre 16 y 20 a\u00f1os, y que de ellos 52 permanecen bajo prisi\u00f3n provisional.<\/p>\n<p><a href=\"#_ftnref2\" name=\"_ftn2\"><sup>[2]<\/sup><\/a> Ver: &lt;<a href=\"https:\/\/eltoque.com\/la-fiscalia-cubana-y-el-11j-silencio-y-manipulacion\" target=\"_blank\" rel=\"noopener\">https:\/\/eltoque.com\/la-fiscalia-cubana-y-el-11j-silencio-y-manipulacion<\/a>&gt;.<\/p>\n<p><a href=\"#_ftnref3\" name=\"_ftn3\">[3]<\/a> Ver: &lt;<a href=\"https:\/\/www.facebook.com\/justicia11j\/videos\/1509623116087696\/%20\" target=\"_blank\" rel=\"noopener\">https:\/\/www.facebook.com\/justicia11j\/videos\/1509623116087696\/ <\/a>&gt;.<\/p>\n<p><a href=\"#_ftnref4\" name=\"_ftn4\"><sup>[4]<\/sup><\/a> Ver: &lt;<a href=\"https:\/\/www.dw.com\/es\/cuba-denuncian-juicios-masivos-tras-protestas-del-11j\/a-60394153\" target=\"_blank\" rel=\"noopener\">https:\/\/www.dw.com\/es\/cuba-denuncian-juicios-masivos-tras-protestas-del-11j\/a-60394153<\/a>&gt;.<\/p>\n<p><a href=\"#_ftnref5\" name=\"_ftn5\"><sup>[5]<\/sup><\/a> Ver: &lt;<a href=\"https:\/\/litci.org\/es\/llamamiento-a-la-solidaridad-por-la-causa-de-los-presos-politicos-del-11-de-julio-en-cuba-el-caso-del-joven-artista-abel-lescay\/\">https:\/\/litci.org\/es\/llamamiento-a-la-solidaridad-por-la-causa-de-los-presos-politicos-del-11-de-julio-en-cuba-el-caso-del-joven-artista-abel-lescay\/<\/a>&gt;.<\/p>\n<p><a href=\"#_ftnref6\" name=\"_ftn6\"><sup>[6]<\/sup><\/a> Ver: &lt;<a href=\"https:\/\/www.granma.cu\/pensar-en-qr\/2022-01-24\/informacion-sobre-los-procesos-penales-derivados-de-los-disturbios-del-11-de-julio-de-2021-24-01-2022-23-01-35\" target=\"_blank\" rel=\"noopener\">https:\/\/www.granma.cu\/pensar-en-qr\/2022-01-24\/informacion-sobre-los-procesos-penales-derivados-de-los-disturbios-del-11-de-julio-de-2021-24-01-2022-23-01-35<\/a> &gt;.<\/p>\n<p><a href=\"#_ftnref7\" name=\"_ftn7\"><sup>[7]<\/sup><\/a> Ver: &lt;<a href=\"https:\/\/litci.org\/es\/alto-a-la-represion-de-la-dictadura-diaz-canel\/%20\">https:\/\/litci.org\/es\/alto-a-la-represion-de-la-dictadura-diaz-canel\/ <\/a>&gt;.<\/p>\n<p><a href=\"#_ftnref8\" name=\"_ftn8\">[8]<\/a> Ver: &lt;<a href=\"https:\/\/www.facebook.com\/octavia.caseres.1\/posts\/469422628011549\" target=\"_blank\" rel=\"noopener\">https:\/\/www.facebook.com\/octavia.caseres.1\/posts\/469422628011549<\/a>&gt;.<\/p>\n<p><a href=\"#_ftnref9\" name=\"_ftn9\"><sup>[9]<\/sup><\/a> Ver: &lt;<u><a href=\"https:\/\/www.facebook.com\/119947266958317\/posts\/246093937676982\/?app=fbl\" target=\"_blank\" rel=\"noopener\">https:\/\/www.facebook.com\/119947266958317\/posts\/246093937676982\/?app=fbl<\/a><\/u> &gt;.<\/p>\n<p>&nbsp;<\/p>\n<p>&nbsp;<\/p>\n","protected":false},"excerpt":{"rendered":"<p>A siete meses de las protestas del 11 de julio de 2021 en Cuba, recrudece la represi\u00f3n contra quienes se manifestaron. El 25 de enero, luego de m\u00e1s de medio a\u00f1o de silencio, la Fiscal\u00eda general de Cuba ofreci\u00f3 datos acerca de los procesos penales de los acusados por haber participado de las manifestaciones.<\/p>\n","protected":false},"author":5,"featured_media":68637,"menu_order":0,"comment_status":"closed","ping_status":"closed","sticky":false,"template":"","format":"standard","meta":{"jetpack_post_was_ever_published":false,"_jetpack_newsletter_access":"","_jetpack_dont_email_post_to_subs":false,"_jetpack_newsletter_tier_id":0,"_jetpack_memberships_contains_paywalled_content":false,"litci_post_political_author":"","_jetpack_memberships_contains_paid_content":false,"footnotes":""},"categories":[2680],"tags":[17214,4081,6069],"class_list":["post-68636","post","type-post","status-publish","format-standard","has-post-thumbnail","hentry","category-cuba","tag-11j","tag-cuba-3","tag-presos-politicos"],"jetpack_featured_media_url":"https:\/\/i0.wp.com\/litci.org\/es\/wp-content\/uploads\/2022\/02\/YAMIL-LAGE-AFP.jpg?fit=1960%2C1364&ssl=1","fimg_url":"https:\/\/i0.wp.com\/litci.org\/es\/wp-content\/uploads\/2022\/02\/YAMIL-LAGE-AFP.jpg?fit=1960%2C1364&ssl=1","categories_names":["Cuba"],"author_info":{"name":"Kely","pic":"https:\/\/secure.gravatar.com\/avatar\/19003bf6219614b90207b39bd4a2733ce9cf96693efdfd639b15a829beed53d1?s=96&d=mm&r=g"},"political_author":null,"tagline":"","jetpack_sharing_enabled":true,"_links":{"self":[{"href":"https:\/\/litci.org\/es\/wp-json\/wp\/v2\/posts\/68636","targetHints":{"allow":["GET"]}}],"collection":[{"href":"https:\/\/litci.org\/es\/wp-json\/wp\/v2\/posts"}],"about":[{"href":"https:\/\/litci.org\/es\/wp-json\/wp\/v2\/types\/post"}],"author":[{"embeddable":true,"href":"https:\/\/litci.org\/es\/wp-json\/wp\/v2\/users\/5"}],"replies":[{"embeddable":true,"href":"https:\/\/litci.org\/es\/wp-json\/wp\/v2\/comments?post=68636"}],"version-history":[{"count":3,"href":"https:\/\/litci.org\/es\/wp-json\/wp\/v2\/posts\/68636\/revisions"}],"predecessor-version":[{"id":68645,"href":"https:\/\/litci.org\/es\/wp-json\/wp\/v2\/posts\/68636\/revisions\/68645"}],"wp:featuredmedia":[{"embeddable":true,"href":"https:\/\/litci.org\/es\/wp-json\/wp\/v2\/media\/68637"}],"wp:attachment":[{"href":"https:\/\/litci.org\/es\/wp-json\/wp\/v2\/media?parent=68636"}],"wp:term":[{"taxonomy":"category","embeddable":true,"href":"https:\/\/litci.org\/es\/wp-json\/wp\/v2\/categories?post=68636"},{"taxonomy":"post_tag","embeddable":true,"href":"https:\/\/litci.org\/es\/wp-json\/wp\/v2\/tags?post=68636"}],"curies":[{"name":"wp","href":"https:\/\/api.w.org\/{rel}","templated":true}]}}