{"id":68053,"date":"2021-12-14T13:20:22","date_gmt":"2021-12-14T13:20:22","guid":{"rendered":"https:\/\/litci.org\/es\/?p=68053"},"modified":"2024-11-03T13:27:53","modified_gmt":"2024-11-03T13:27:53","slug":"con-el-apoyo-de-bolsonaro-la-amazonia-vuelve-a-vivir-una-corrida-por-el-oro","status":"publish","type":"post","link":"https:\/\/litci.org\/es\/con-el-apoyo-de-bolsonaro-la-amazonia-vuelve-a-vivir-una-corrida-por-el-oro\/","title":{"rendered":"Con el apoyo de Bolsonaro, la Amazon\u00eda vuelve a vivir una corrida por el oro"},"content":{"rendered":"<p><em>El \u00faltimo 6 de diciembre, el diario \u201cFolha de S. Paulo\u201d public\u00f3 un reportaje mostrando que, este a\u00f1o, el general Augusto Heleno, ministro del Gabinete de Seguridad Institucional (GSI) de la Presidencia, autoriz\u00f3 siete proyectos de exploraci\u00f3n de oro en la regi\u00f3n de S\u00e3o Gabriel da Cachoeira (Amazonas). La decisi\u00f3n fue tomada sobre la base de proyectos encaminados por la Agencia Nacional de Miner\u00eda (ANM).<\/em><!--more--><\/p>\n<p>Por: Jeferson Choma<\/p>\n<p>La regi\u00f3n, en el Noroeste del Amazonas, es conocida como Cabe\u00e7a do Cachorro. Es una de las m\u00e1s preservadas de la selva tropical, repleta de tierras ind\u00edgenas: hay aproximadamente 23 etnias viviendo en el lugar. La presencia ind\u00edgena es tan fuerte que la regi\u00f3n de S\u00e3o Gabriel es conocida como la capital del nheengatu y de otras lenguas de pueblos originarios, como la de los Tukanos y los Baniwas.<\/p>\n<p><strong>Deforestaci\u00f3n<\/strong><\/p>\n<p>Todas las \u00e1reas autorizadas por el general son de tierras de la Uni\u00f3n, vecinas a las Tierras Ind\u00edgenas. Se trata, por lo tanto, de una acci\u00f3n m\u00e1s del gobierno Bolsonaro destinada a incentivar la miner\u00eda sobre tierras p\u00fablicas de la Amazon\u00eda, sean ellas desocupadas (sin destino por el poder p\u00fablico y que nunca integraron el patrimonio de un particular), ind\u00edgenas o Unidades de Conservaci\u00f3n.<\/p>\n<p>Adem\u00e1s, esa pol\u00edtica criminal result\u00f3 en la deforestaci\u00f3n de 405,36 km<sup>2<\/sup> de la Amazon\u00eda Legal (Acre, Amap\u00e1, Amazonas, Mato Grosso, Par\u00e1, Rond\u00f4nia, Roraima y Tocantins, y parte del Maranh\u00e3o) en los \u00faltimos cinco a\u00f1os, seg\u00fan datos del Sistema de Detecci\u00f3n de Deforestaci\u00f3n en Tiempo Real (Deter), del Instituto de Pesquisas Espaciales (Inpe).<\/p>\n<p>En lo que respecta a las Unidades de Conservaci\u00f3n, la deforestaci\u00f3n por miner\u00eda creci\u00f3 80,62% en el primer trimestre de 2020, en comparaci\u00f3n con el mismo per\u00edodo del a\u00f1o anterior, de acuerdo con la ONG Greenpeace.<\/p>\n<p><strong>Genocidio de los pueblos de la selva<\/strong><\/p>\n<p>Adem\u00e1s de la selva, los pueblos que viven en ella son las mayores v\u00edctimas de la expansi\u00f3n de la miner\u00eda, que contamina r\u00edos, suelos y personas, genera violencia y desagrega comunidades tradicionales.<\/p>\n<p>Los pueblos ind\u00edgenas, particularmente, viven bajo la amenaza de un nuevo genocidio. Actualmente, m\u00e1s de 3.000 requerimientos mineros sobrepuestos a tierras ind\u00edgenas de la Amazon\u00eda Legal tramitan en la ANM. De acuerdo con el proyecto \u201cAmazon\u00eda Minada\u201d, del InfoAmazonia, por lo menos 58 requerimientos de pesquisa o laboreo de mineral fueron aprobados por la agencia, incluso afectando tierras ind\u00edgenas, lo que es prohibido por la Constituci\u00f3n.<\/p>\n<p>La minera Anglo American es due\u00f1a de casi la mitad de las autorizaciones hechas por la ANM, con 27 pedidos v\u00e1lidos de pesquisa de cobre en tierras ind\u00edgenas del Mato Grosso y del Par\u00e1. Su principal blanco, con 13 pedidos, es la tierra Sawr\u00e9 Muybu (Pimental), en el sudeste del Par\u00e1, un \u00e1rea tradicionalmente ocupada por el pueblo Munduruku.<\/p>\n<p><strong>Invasi\u00f3n y contaminaci\u00f3n<\/strong><\/p>\n<p>Hace m\u00e1s de setenta a\u00f1os, el pueblo Munduruku enfrenta la invasi\u00f3n del garimpo [miner\u00eda furtiva] en sus tierras, localizadas en medio del r\u00edo Tapaj\u00f3s. Una pesquisa realizada por la Fiocruz en sociedad con el WWF-Brasil muestra que, como resultado de la actividad \u201cgarimpeira\u201d [de explotaci\u00f3n de metales y minerales preciosos], 100% de los ind\u00edgenas est\u00e1n contaminados por mercurio.<\/p>\n<p>El pueblo Yanomami enfrenta la misma situaci\u00f3n en Roraima. Desde que Bolsonaro fue electo, m\u00e1s de 20.000 \u201cgarimpeiros\u201d invadieron sus tierras, asesinaron a ind\u00edgenas, y contaminan los r\u00edos y los peces.<\/p>\n<p>No obstante, el compromiso de Bolsonaro en promover el genocidio de esa poblaci\u00f3n es tal que la Fundaci\u00f3n Nacional del Indio (Funai) prohibi\u00f3 que investigadores de la Fundaci\u00f3n Oswaldo Cruz (Fiocruz) realizasen un estudio sobre la contaminaci\u00f3n de mercurio (o sea, causada por la miner\u00eda) en los Yanomami.<\/p>\n<p><strong>Qui\u00e9n es qui\u00e9n en la miner\u00eda de la Amazon\u00eda. Explotaci\u00f3n o miner\u00eda \u2018legal\u2019: destrucci\u00f3n, saqueo y muerte<\/strong><\/p>\n<p>Hoy en d\u00eda, el \u201cgarimpo\u201d [b\u00fasqueda y explotaci\u00f3n de metales y minerales preciosos] tiene muy poco en com\u00fan con lo que ocurri\u00f3 en otros tiempos, como en la d\u00e9cada de 1970, en Serra Pelada. En aquel momento, Serra Pelada atrajo a campesinos pobres, despose\u00eddos y peones que trabajaban en obras de autopistas promovidas por la dictadura.<\/p>\n<p>Despu\u00e9s, vinieron los desvalidos del fin del llamado \u201cmilagro econ\u00f3mico\u201d, y aventureros de todas partes. Por alg\u00fan tiempo, la propia dictadura foment\u00f3 el \u201cgarimpo\u201d, queriendo garantizar la ocupaci\u00f3n de tierras en la regi\u00f3n e impedir el movimiento de guerrillas.<\/p>\n<p>Pero, actualmente, no es m\u00e1s el \u201cgarimpeiro\u201d quien financia la actividad ilegal. Y esta no se realiza m\u00e1s con picos ni re\u00fane un \u201chormiguero humano\u201d. El \u201cgarimpo\u201d en la Amazon\u00eda es hoy m\u00e1s empresarial y desmonta, contamina y degrada mucho m\u00e1s, comenzando por el uso de excavadoras, tractores y maquinaria pesada.<\/p>\n<p><strong>Un esquema criminal<\/strong><\/p>\n<p>Adem\u00e1s, quien financia la actividad son pol\u00edticos, empresarios, el crimen organizado, cuadrillas de grillaje [apropiaci\u00f3n de tierras con documentos falsos, <em>ndt.<\/em>] de tierras y milicias que atraen a trabajadores, personas vulnerables, y corrompen a l\u00edderes comunitarios. Son los l\u00edderes de esas cuadrillas que se enriquecen, y no el \u201cgarimpeiro\u201d que muchas veces trabaja en condiciones an\u00e1logas a la esclavitud (desde 2008, 333 trabajadores en \u201cgarimpos\u201d fueron rescatados en esas condiciones).<\/p>\n<p>Generalmente, el \u201cgarimpaje\u201d est\u00e1 asociado a otras actividades ilegales, como explotaci\u00f3n de la madera, invasi\u00f3n de tierras p\u00fablicas, pecuaria, tr\u00e1fico de drogas, etc. O sea, el \u201cgarimpo\u201d ilegal es un cap\u00edtulo m\u00e1s de la acumulaci\u00f3n capitalista realizada en la Amazon\u00eda, que hoy es palco de una \u201cterritorializaci\u00f3n miliciana\u201d, realizada por grupos criminales.<\/p>\n<p><strong>La destructiva \u201clegalidad\u201d del capitalismo<\/strong><\/p>\n<p>Pero, existe tambi\u00e9n la miner\u00eda \u201clegal\u201d capitalista, realizada en la regi\u00f3n por grandes industrias, generalmente extranjeras. Reza la leyenda que estas ser\u00edan \u201cmenos predatorias\u201d, pues tendr\u00edan la autorizaci\u00f3n de la Agencia Nacional de Miner\u00eda. La filtraci\u00f3n en la represa de residuos [sustancias sometidas a agentes f\u00edsicos o qu\u00edmicos, <em>ndt<\/em>.] de la empresa Hydro Alunorte, en diciembre de 2018, que contamin\u00f3 con mercurio, arsenio y plomo a ciudades del Par\u00e1, muestra que eso es una farsa. No hay fiscalizaci\u00f3n y, como vimos, la miner\u00eda \u201clegal\u201d tambi\u00e9n invade tierras ind\u00edgenas.<\/p>\n<p>Actualmente, las mineras presionan por la flexibilizaci\u00f3n de la legislaci\u00f3n ambiental, como prev\u00e9, por ejemplo, el Proyecto de Ley 3729 en tr\u00e1mite en el Congreso Nacional, que propone el fin del licenciamiento ambiental. El proyecto ya fue denominado \u201cel pai de todas las boiadas\u201d (en referencia a la famosa frase del ex ministro Ricardo Salles)<a href=\"#_ftn1\" name=\"_ftnref1\">[1]<\/a>.<\/p>\n<p>Legal o ilegal, la miner\u00eda en la Amazon\u00eda representa la destrucci\u00f3n y el genocidio de pueblos ind\u00edgenas, mientras media docena de criminales \u2013milicianos o de saco y corbata de la Faria Lima (avenida que concentra el centro neural de la burgues\u00eda en San Pablo)\u2013 facturan miles de millones con el robo, el saqueo y la muerte.<\/p>\n<p><a href=\"#_ftnref1\" name=\"_ftn1\">[1]<\/a> Ricardo Salles, en la \u00e9poca ministro del Medio Ambiente del gobierno Bolsonaro, afirm\u00f3 en video de la reuni\u00f3n ministerial del 22 de abril de 2020, que el per\u00edodo de la pandemia ser\u00eda ideal para pasar reformas \u201cinfralegales\u201d [que no est\u00e1n perfectamente de acuerdo con los mecanismos legales], de \u201csimplificci\u00f3n\u201d y \u201cdesregulaci\u00f3n\u201d de leyes ambientales. A continuaci\u00f3n, lleg\u00f3 a convocar a otros ministros para \u201cir pasando la boiada\u201d [expresi\u00f3n que tiene la intenci\u00f3n de referirse a una situaci\u00f3n de f\u00e1cil entrada para algo o alg\u00fan lugar], ir cambiando todo el reglamento\u201d, mientras la prensa estaba ocupada tratando el impacto del nuevo coronavirus en el Brasil. Fuente: <em>Brasil de Fato<\/em>, edici\u00f3n Leandro Melito, S\u00e3o Paulo, 9 de junio de 2020.<\/p>\n<p>Art\u00edculo publicado en <a href=\"http:\/\/www.pstu.org.br\" target=\"_blank\" rel=\"noopener\">www.pstu.org.br<\/a>, 8\/12\/2021.-<br \/>\nTraducci\u00f3n: Natalia Estrada.<\/p>\n<p>&nbsp;<\/p>\n","protected":false},"excerpt":{"rendered":"<p>El \u00faltimo 6 de diciembre, el diario \u201cFolha de S. Paulo\u201d public\u00f3 un reportaje mostrando que, este a\u00f1o, el general Augusto Heleno, ministro del Gabinete de Seguridad Institucional (GSI) de la Presidencia, autoriz\u00f3 siete proyectos de exploraci\u00f3n de oro en la regi\u00f3n de S\u00e3o Gabriel da Cachoeira (Amazonas). La decisi\u00f3n fue tomada sobre la base [&hellip;]<\/p>\n","protected":false},"author":4,"featured_media":68054,"menu_order":0,"comment_status":"closed","ping_status":"closed","sticky":false,"template":"","format":"standard","meta":{"jetpack_post_was_ever_published":false,"_jetpack_newsletter_access":"","_jetpack_dont_email_post_to_subs":false,"_jetpack_newsletter_tier_id":0,"_jetpack_memberships_contains_paywalled_content":false,"litci_post_political_author":"","_jetpack_memberships_contains_paid_content":false,"footnotes":""},"categories":[2676,14605],"tags":[13710,13736,13592,2887,3126],"class_list":["post-68053","post","type-post","status-publish","format-standard","has-post-thumbnail","hentry","category-brasil","category-crisis-climatica-y-ambiental","tag-amazonia","tag-deforestacion","tag-gobierno-bolsonaro","tag-jeferson-choma","tag-medio-ambiente"],"jetpack_featured_media_url":"https:\/\/i0.wp.com\/litci.org\/es\/wp-content\/uploads\/2021\/12\/general_heleno-696x464-1.jpg?fit=696%2C464&ssl=1","fimg_url":"https:\/\/i0.wp.com\/litci.org\/es\/wp-content\/uploads\/2021\/12\/general_heleno-696x464-1.jpg?fit=696%2C464&ssl=1","categories_names":["Brasil","Crisis clim\u00e1tica y ambiental"],"author_info":{"name":"Administraci\u00f3n Site","pic":"https:\/\/secure.gravatar.com\/avatar\/1fc4a65db396208ca881747f59a66a20c6b8670747457224753e1e98c43f719b?s=96&d=mm&r=g"},"political_author":null,"tagline":"","jetpack_sharing_enabled":true,"_links":{"self":[{"href":"https:\/\/litci.org\/es\/wp-json\/wp\/v2\/posts\/68053","targetHints":{"allow":["GET"]}}],"collection":[{"href":"https:\/\/litci.org\/es\/wp-json\/wp\/v2\/posts"}],"about":[{"href":"https:\/\/litci.org\/es\/wp-json\/wp\/v2\/types\/post"}],"author":[{"embeddable":true,"href":"https:\/\/litci.org\/es\/wp-json\/wp\/v2\/users\/4"}],"replies":[{"embeddable":true,"href":"https:\/\/litci.org\/es\/wp-json\/wp\/v2\/comments?post=68053"}],"version-history":[{"count":1,"href":"https:\/\/litci.org\/es\/wp-json\/wp\/v2\/posts\/68053\/revisions"}],"predecessor-version":[{"id":68055,"href":"https:\/\/litci.org\/es\/wp-json\/wp\/v2\/posts\/68053\/revisions\/68055"}],"wp:featuredmedia":[{"embeddable":true,"href":"https:\/\/litci.org\/es\/wp-json\/wp\/v2\/media\/68054"}],"wp:attachment":[{"href":"https:\/\/litci.org\/es\/wp-json\/wp\/v2\/media?parent=68053"}],"wp:term":[{"taxonomy":"category","embeddable":true,"href":"https:\/\/litci.org\/es\/wp-json\/wp\/v2\/categories?post=68053"},{"taxonomy":"post_tag","embeddable":true,"href":"https:\/\/litci.org\/es\/wp-json\/wp\/v2\/tags?post=68053"}],"curies":[{"name":"wp","href":"https:\/\/api.w.org\/{rel}","templated":true}]}}