{"id":67328,"date":"2021-10-23T21:26:25","date_gmt":"2021-10-23T21:26:25","guid":{"rendered":"https:\/\/litci.org\/es\/?p=67328"},"modified":"2024-11-03T13:27:58","modified_gmt":"2024-11-03T13:27:58","slug":"libertad-para-los-presos-politicos-de-la-dictadura-cubana","status":"publish","type":"post","link":"https:\/\/litci.org\/es\/libertad-para-los-presos-politicos-de-la-dictadura-cubana\/","title":{"rendered":"Libertad para los presos pol\u00edticos de la dictadura Cubana"},"content":{"rendered":"<p><em>El empeoramiento de las condiciones de vida del pueblo cubano ha llevado a las m\u00e1s grandes manifestaciones antigubernamentales, desde 1959, ocurridas el 11-J. En m\u00e1s de 60 ciudades,<\/em><em> en las catorce provincias y el municipio especial isla de la Juventud. Donde se escucharon consignas como: \u201cAbajo la dictadura\u201d y \u201cLibertad\u201d<a href=\"#_ftn1\" name=\"_ftnref1\"><strong>[1]<\/strong><\/a>. Las protestas, estallaron por la escasez de alimentos, los apagones y los efectos de la crisis econ\u00f3mica agravada por la pandemia.<\/em><\/p>\n<p>Por Am\u00e9rico Gomes<\/p>\n<p><!--more--><\/p>\n<p>Compuestas mayoritariamente por sectores populares, que no tiene nada que ver con la derecha burguesa o proimperialistas (no son \u201cmercenarios\u201d, \u201copositores del socialismo\u201d, \u201cgusanos\u201d, \u201ccontrarrevolucionarios\u201d, o \u201cagentes a sueldo del imperialismo\u201d), y si manifestantes populares, movidos por como empeoran sus condiciones de vida.<\/p>\n<p>Estas condiciones se agravaron, a\u00fan mas, a partir de 1 de enero de 2021 con el llamado d\u00eda \u00abcero\u00bb, donde hubo un ordenamiento monetario<a href=\"#_ftn2\" name=\"_ftnref2\">[2]<\/a> combinado con una reforma salarial que cambio los ingresos personales y la asistencia social, adem\u00e1s de correcci\u00f3n de precios y la eliminaci\u00f3n de subsidios, considerados por el gobierno \u201cexcesivos e indebidos\u201d. que van a afectar las canastas b\u00e1sicas y el transporte<a href=\"#_ftn3\" name=\"_ftnref3\">[3]<\/a>.<\/p>\n<p>El agravamiento de la situaci\u00f3n econ\u00f3mica es fruto de la restauraci\u00f3n del capitalismo, hecha por el propio gobierno cubano; combinada, con el criminal Bloqueo llevado a cabo por el imperialismo norteamericano, a lo que se suma la pandemia del COVID. Hechos que afectaran profundamente la econom\u00eda y golpean la vida de los trabajadores.<\/p>\n<p>Para el gobierno de D\u00edaz-Canel estas medidas son esenciales para acabar con d\u00e9cadas de \u201cineficiencia\u201d en la econom\u00eda y aumentar la productividad, para el pueblo significa el aumento de la miseria.<\/p>\n<h6><strong>EL AUMENTO DE LA REPRESI\u00d3N <\/strong><\/h6>\n<p>Tras las protestas realizadas en Cuba en 11-J, el gobierno castrista, ahora, teniendo a la cabeza el presidente D\u00edaz-Canel, ha intensificado la represi\u00f3n contra la juventud y el pueblo cubano, criminalizando, a\u00fan mas, la protesta social, encarcelando y maltratando a activistas y j\u00f3venes que fueron a las calles, solamente por el \u201cdelito\u201d de expresar sus opiniones. Manteniendo varias personas detenidas en los \u00faltimos meses como presos de conciencia o como presos pol\u00edticos.<\/p>\n<p>\u201c<em>En respuesta a las protestas del 11 de julio, las autoridades cubanas han utilizado la misma maquinaria de control que usan desde hace d\u00e9cadas para actuar contra quienes piensan de otra manera, aunque esta vez en una escala que no hab\u00edamos visto en casi 20 a\u00f1os y con nuevas t\u00e1cticas que incluyen censura e interrupciones de Internet para controlar y encubrir las graves violaciones de derechos humanos que han cometido<\/em>\u201d<a href=\"#_ftn4\" name=\"_ftnref4\">[4]<\/a>.<\/p>\n<p>El cuadro de violaciones de derechos humanos, despu\u00e9s de las manifestaciones, apunta a una pol\u00edtica de represi\u00f3n dirigida a recuperar el control y restablecer una cultura del miedo que domina la sociedad cubana, intimidando, arrestando, deteniendo y criminalizando, en distintos grados, a las personas que protestaron.<\/p>\n<p>Varias entidades de Derechos Humanos y organizaciones del movimiento obrero y sindical, en varios pa\u00edses del mundo, han documentado cr\u00edmenes de los agentes del Estado y violaciones graves de derechos. Por eso se est\u00e1n sumando a la campa\u00f1a para que se pongan en libertad de inmediato y sin condiciones a los cientos de personas que contin\u00faan detenidas por protestar.<\/p>\n<p>En su mayor\u00eda, los presos est\u00e1n acusados de delitos, que en verdad son acusaciones que se utilizan para silenciar la disidencia, como: \u201c<em>des\u00f3rdenes p\u00fablicos<\/em>\u201d, o \u201c<em>desacato<\/em>\u201d. Lo que fue confirmado por el art\u00edculo publicado en Cubadebate (peri\u00f3dico af\u00edn al gobierno)<a href=\"#_ftn5\" name=\"_ftnref5\">[5]<\/a>. De las 62 personas juzgadas por hechos relacionados con las protestas del 11-J, su mayor\u00eda fueran por estos supuestos delitos, adem\u00e1s de \u201cresistencia\u201d, \u201cinstigaci\u00f3n a delinquir\u201d y \u201cda\u00f1os\u201d. Lo que contradice la versi\u00f3n oficial de que la mayor\u00eda est\u00e1 siendo juzgada por delitos violentos.<\/p>\n<h6><strong>VIOLACIONES DEL DERECHO DE DEFENSA.<\/strong><\/h6>\n<p>Tras las detenciones masivas del 11-J, manifestantes que fueran liberados, as\u00ed como los que contin\u00faan en detenci\u00f3n, han informado de una diversidad de violaciones del debido proceso legal y de su derecho a defensa.<\/p>\n<p>Varios presos y\/o libertos no son informados de su situaci\u00f3n jur\u00eddica. En algunos casos solamente son informados de la sentencia o de la punici\u00f3n que deben cumplir. Como \u201c<em>presentarse a firmar todas las semanas<\/em>\u201d o penados con \u201c<em>pagar una multa<\/em>\u201d, en valores muchas veces que llegan dos o a cuatro veces el salario de un cubano.<\/p>\n<p>Peor a\u00fan, cuando son informados de que mismo saliendo de la c\u00e1rcel \u201c<em>no se hab\u00edan retirado los cargos<\/em>\u201d, o ni siquiera informados de su situaci\u00f3n jur\u00eddica, dej\u00e1ndolos con miedo de que pueden volver a ser detenidos a cualquier momento.<\/p>\n<p>Los testigos seleccionados para declarar sobre los \u201c<em>autores, hechos y circunstancias<\/em>\u201d han sido en su mayor\u00eda oficiales y jefes de estaciones de la Polic\u00eda Nacional Revolucionaria (muchas veces se\u00f1alados tambi\u00e9n como \u201c<em>agredidos<\/em>\u201d) oficiales del DTI y otros agentes de la autoridad del Estado, lo cual demuestra una alta carga de parcialidad.<\/p>\n<p>Como en muchos juicios no se les ha emitido documentaci\u00f3n, que d\u00e9 cuenta de las decisiones del tribunal, se imposibilita de realizar un an\u00e1lisis certero sobre las tomas de decisiones.<\/p>\n<p>Los que contin\u00faan detenidos enfrentan procesos penales ordinarios. Se les imputan delitos m\u00e1s graves, como desorden p\u00fablico agravado, atentado, o delitos contra la Seguridad del Estado.<\/p>\n<p>Cubadebate publico la informaci\u00f3n de la propria Fiscal\u00eda General de la Rep\u00fablica de que apenas el 35.4%, tuvo un abogado defensor, mismo as\u00ed afirmando que en ninguna de las denuncias contra el MININT se haya detectado violaciones a la legalidad.<\/p>\n<p>Al final, el grueso de los liberados es \u201c<em>personas con cierta visibilidad: artistas, estudiantes, universitarios, gente con redes de apoyo<\/em>\u201d. Mucha de la gente que contina encarcelada es gente del pueblo sin \u201cvisibilidad\u201d, pobres, enfermos y discapacitados<a href=\"#_ftn6\" name=\"_ftnref6\">[6]<\/a>.<\/p>\n<h6><strong>R\u00c9GIMEN DE DETENCION: INCOMUNICACI\u00d3N Y DESAPARICIONES<\/strong><\/h6>\n<p>Los encarcelados denunciaran que las celdas son muy peque\u00f1as, antihigi\u00e9nicas y que en ellas no hay atenci\u00f3n m\u00e9dica. Sufrieron amenazas e insultos, fueron sometidos a actos humillantes, acusaciones falsas, amenazas de muerte y de da\u00f1os a la familia o personas queridas; sometidos a exposici\u00f3n a temperaturas extremas; hambre o la sed; privaci\u00f3n del sue\u00f1o y aislamiento.<\/p>\n<p>Adem\u00e1s, hubo corte de contacto con el mundo exterior, al no notificar a parientes o amigos que estaban en detenci\u00f3n o negar el derecho a recibir visitas. Eso cuando no se ubicaba los presos lejos de sus provincias.<\/p>\n<p>Hubo presos que se quedaron sin defensores jur\u00eddicos por m\u00e1s de una semana. Familias privadas de informaci\u00f3n, que no pudieron contactar o localizar donde estaban sus hijos detenidos o el lugar de reclusi\u00f3n.<\/p>\n<p>Son varios los casos en que hubo detenciones bajo r\u00e9gimen de incomunicaci\u00f3n. Aunque la Fiscal\u00eda General de la Rep\u00fablica niega que se haya privado de asistencia letrada a las personas detenidas o se les haya aplicado el r\u00e9gimen de incomunicaci\u00f3n.<\/p>\n<p>El magistrado del Tribunal Supremo Popular Josel\u00edn S\u00e1nchez declaro a <em>Granma<\/em><a href=\"#_ftn7\" name=\"_ftnref7\">[7]<\/a> que la Fiscal\u00eda recibi\u00f3 215 reclamaciones despu\u00e9s del 11 de julio, principalmente para saber d\u00f3nde estaban los detenidos.<\/p>\n<p>Tambi\u00e9n hubo casos de desaparici\u00f3n forzada, con arrestos donde se negaba a revelar el paradero de los detenidos.<\/p>\n<p>Utilizando de la alegaci\u00f3n del contagio de COVID las autoridades cubanas denegaron visitas de familiares. Lo que podr\u00eda justificarse en determinadas circunstancias, pero deber\u00eda compensarse, potenciando otras formas de contacto, como permitir el acceso a tel\u00e9fonos, Internet, correo electr\u00f3nico o videollamadas y que los familiares entreguen comida y otros art\u00edculos.<\/p>\n<p>Adem\u00e1s, nada indica que las autoridades cubanas est\u00e9n realmente preocupadas con el contagio de los presos ya que en las celdas las condiciones de humedad, falta de espacio y de higiene eran generales, tampoco se hab\u00edan adoptado medidas de distanciamiento social ni otras para prevenir la COVID-19.<\/p>\n<h6><strong>EN LA MANIFESTACI\u00d3N: REPRESI\u00d3N POLICIAL<\/strong><\/h6>\n<p>\u201c<em>La orden de combate est\u00e1 dada: a la calle los revolucionarios<\/em>\u201d, orden\u00f3 D\u00edaz-Canel en el 11-J, dando luz verde tanto a las fuerzas represivas del Estado como a sus partidarios en grupos paramilitares (que <a href=\"https:\/\/www.hypermediamagazine.com\/seccion\/dosieres-hm\/soscuba\/\" target=\"_blank\" rel=\"noopener\">agredieron con tonfas, piedras y palos los manifestantes<\/a>).<\/p>\n<p>Los ataques de las fuerzas especiales, principalmente los \u201cBoinas Negras,\u201d como de los agentes de polic\u00eda y de seguridad del Estado fueron denunciados de manera generalizada. Uso de excesiva fuerza policial, malos tratos y violencia contra la poblaci\u00f3n, j\u00f3venes y particularmente las mujeres. Varias que fueron detenidas, por solo agentes hombres, fueron sometidas a requisas vejatorias. La violencia dej\u00f3 hematomas en brazos y rodillas, producto del trato que sufrieron a manos de los agentes de seguridad del Estado.<\/p>\n<p>Igualmente se sabe de encierro de personas en patrulleros bajo el sol y en camiones y reclusi\u00f3n domiciliaria sin causa formada.<\/p>\n<p>Lea tambi\u00e9n |\u00a0<a title=\"Cuba | El r\u00e9gimen responde al 15N, con m\u00e1s represi\u00f3n\u2026 e hipocres\u00eda\" href=\"https:\/\/litci.org\/es\/cuba-el-regimen-responde-al-15n-con-mas-represion\/\" rel=\"bookmark\">Cuba | El r\u00e9gimen responde al 15N, con m\u00e1s represi\u00f3n\u2026 e hipocres\u00eda<\/a><\/p>\n<h6><strong>ALLANAMIENTO Y ARRESTOS DOMICILIARIOS<\/strong><\/h6>\n<p>Pero la represi\u00f3n no fue solamente durante las manifestaciones. Los agentes del Estado despu\u00e9s de la protesta actuaron en contra de j\u00f3venes, de quienes sospechaban que hab\u00edan participado en ellas, los sacaron a rastras de sus camas y, a veces sin calzado ni ropa, se los llevaron a la c\u00e1rcel en veh\u00edculos policiales.<\/p>\n<p>Cuando no allanaban directamente, los agentes del Estado realizaban vigilancias y monitoreos en contra de los manifestantes. Con la presencia permanente y el seguimiento a estas personas. Acompa\u00f1ado de terror psicol\u00f3gico, con la amenaza contante de detenerla o la realizaci\u00f3n del arresto domiciliario.<\/p>\n<h6><strong>RECLUSIONES DOMICIARIAS<\/strong><\/h6>\n<p>Otra t\u00e1ctica empleada por el Estado cubano es emitir formalmente \u00f3rdenes de reclusi\u00f3n domiciliaria y con eso restringir la libertad de circulaci\u00f3n. Tras las manifestaciones del 11-J muchas personas, que salieron de prisi\u00f3n y que tuvieron los cargos en su contra retirados, tuvieron que someterse a la condici\u00f3n de un arresto domiciliario, donde tienen que quedarse en su casa, a no ser para asistir a su centro de trabajo o estudio, o para atender a su salud, solo pudiendo hacerlo con autorizaci\u00f3n judicial formal.<\/p>\n<h6><strong>NEGACI\u00d3N E INTERRUPCIONES DE INTERNET<\/strong><\/h6>\n<p>El mismo 11-J hubo una interrupci\u00f3n general del servicio de Internet en todo el pa\u00eds y, posteriormente, un descenso del tr\u00e1fico en la red hasta el 12 de julio, seg\u00fan las mediciones de red recopiladas. Desde entonces, las autoridades han bloqueado regularmente las aplicaciones de mensajer\u00eda instant\u00e1nea como WhatsApp, Telegram y Signal.<\/p>\n<p>El r\u00e9gimen se utiliz\u00f3 de su asociaci\u00f3n con las empresas chinas Huawei e ZEF, responsables por los cortes de la internet para desmovilizar las manifestaciones.<\/p>\n<p>Huawei tambi\u00e9n es responsable por el monitoreo y vigilancia de opositores de los gobiernos em Zambia y Uganda.<\/p>\n<h6><strong>\u00a1LIBERTAD IMEDIATA A TODOS LOS PRESOS POLITICOS EN CUBA! \u00a1BASTA DE PERSECUSIONES!<\/strong><\/h6>\n<p>Ante toda la situaci\u00f3n que describimos, desde la LIT-CI consideramos urgente que todas las entidades sindicales y populares de manera internacional se suman a la campa\u00f1a que exige al gobierno de Miguel D\u00edaz-Canel que ponga en libertad inmediata e incondicional a todas las personas detenidas, exclusivamente por ejercer su derecho pol\u00edtico a manifestarse.<\/p>\n<p>El n\u00famero actual de encarcelados no se sabe con seguridad. Una coordinaci\u00f3n del <a href=\"https:\/\/www.facebook.com\/justicia11j\" target=\"_blank\" rel=\"noopener\">Grupo de Trabajo sobre detenciones por motivos pol\u00edticos, Justicia 11J<\/a>, habla de 897 a 1167 \u201cciudadanos detenidos\u201d\u00a0<a href=\"#_ftn8\" name=\"_ftnref8\">[8]<\/a>, han sido excarceladas 480 (96 bajo medida cautelar de libertad bajo fianza y 41 en prisi\u00f3n domiciliaria). Contin\u00faan en detenci\u00f3n al menos 10 menores.<a href=\"#_ftn9\" name=\"_ftnref9\">[9]<\/a>, de entre 15 y 18 a\u00f1os, que pueden ser juzgados como adultos desde los 16 en la isla. Algunos expedientes han sido trasladados a Fiscal\u00eda Militar, a ra\u00edz de la modificaci\u00f3n de los cargos en contra los acusados, en virtud de supuestos ataque a sitios pertenecientes al conglomerado empresarial militar GAESA<a href=\"#_ftn10\" name=\"_ftnref10\">[10]<\/a>.<\/p>\n<p>Es fundamental reiterar la petici\u00f3n hecha por los abogados y defensores de entidades de Derechos Humanos y de organizaciones de la clase trabajadora, como sindicatos y movimientos populares, internacionales, de acceso en Cuba para monitorear la situaci\u00f3n de los presos. As\u00ed como solicitar que estas entidades internacionales, del movimiento sindical y popular, pueda asistir, como observadores, a los pr\u00f3ximos juicios de las personas que contin\u00faan detenidas.<\/p>\n<p>Lea tambi\u00e9n |\u00a0<a title=\"Cuba: \u00bfpor qu\u00e9 apoyamos el llamado a movilizarse el 15 de noviembre?\" href=\"https:\/\/litci.org\/es\/cuba-por-que-apoyamos-el-llamado-a-movilizarse-el-15-de-noviembre\/\" rel=\"bookmark\">Cuba: \u00bfpor qu\u00e9 apoyamos el llamado a movilizarse el 15 de noviembre?<\/a><\/p>\n<h6><strong>SE PREPARA A REPRESION PARA LA MARCHA DEL 15-N<\/strong><\/h6>\n<p>El r\u00e9gime cubano a trav\u00e9s de la Fiscal\u00eda de la Rep\u00fablica, cit\u00f3 a varios miembros del grupo Archipi\u00e9lago, entre ellos el dramaturgo Y\u00fanior Garc\u00eda, el jueves 21 de octubre, para advertirles sobre las consecuencias penales para los organizadores, si persisten en realizar la protesta p\u00fablica. Eso fue precedido de una serie hostigamientos y represiones a trav\u00e9s de amenazas, interrogatorios y hasta expulsiones laborales. Como las que pasaron con Daniela Rojo, encarcelada; el m\u00e9dico Manuel Guerra, detenido por algunas horas y expulso de su trabajo; el despido del profesor universitario David Martinez y la propria persecuci\u00f3n de Y\u00fanior Garc\u00eda, entre otros.<\/p>\n<p>El portal Cubadebate public\u00f3 una nota de la Fiscal\u00eda General informando que si similares manifestaciones se realizaran en las localidades provinciales de Villa Clara, Cienfuegos y Holgu\u00edn los manifestantes incurrir\u00edan en los delitos de \u201c<em>desobediencia, manifestaciones il\u00edcitas, instigaci\u00f3n a delinquir<\/em>\u201d, entre otros. El gobierno califica la marcha de \u201cil\u00edcita\u201d, y supuestamente \u201c<em>para destruir al socialismo<\/em>\u201d<a href=\"#_ftn11\" name=\"_ftnref11\">[11]<\/a>,<\/p>\n<p>Y\u00fanior a la salida de la Fiscal\u00eda Provincial de La Habana declaro \u201c<em>No percibo que haya una sola instituci\u00f3n del pa\u00eds donde nac\u00ed que se ponga del lado nuestro, del lado del ciudadano, que ni somos mercenarios, ni estamos recibiendo \u00f3rdenes de ninguna parte, estamos simplemente mostrando abiertamente una diferencia de opini\u00f3n, de criterio, de perspectivas sobre el pa\u00eds que so\u00f1amos y queremos construir<\/em>\u201d<\/p>\n<p>Reiteramos nuestro apoyo a la convocatoria del 15N y hacemos un llamado a las organizaciones pol\u00edticas, sindicales y sociales a defender el derecho del pueblo cubano a manifestarse. A exigir del gobierno que permita su realizaci\u00f3n y repudiar la represi\u00f3n, que ya est\u00e1 en curso, contra sus organizadores y participantes.<\/p>\n<p><a href=\"#_ftnref1\" name=\"_ftn1\">[1]<\/a>\u00a0\u00a0\u00a0\u00a0\u00a0\u00a0\u00a0<a href=\"https:\/\/www.hypermediamagazine.com\/dosieres-hm\/dd-hh-en-latinoamerica\/los-detenidos-del-11j-cuba\/\" target=\"_blank\" rel=\"noopener\">\u00a0\u00a0\u00a0 https:\/\/www.hypermediamagazine.com\/dosieres-hm\/dd-hh-en-latinoamerica\/los-detenidos-del-11j-cuba\/<\/a><\/p>\n<p><a href=\"#_ftnref2\" name=\"_ftn2\">[2]<\/a>\u00a0\u00a0\u00a0\u00a0\u00a0<a href=\"http:\/\/www.granma.cu\/tarea-ordenamiento\/2021-01-01\/primero-de-enero-de-2021-dia-cero-para-el-ordenamiento-monetario-en-cuba\" target=\"_blank\" rel=\"noopener\">\u00a0 http:\/\/www.granma.cu\/tarea-ordenamiento\/2021-01-01\/primero-de-enero-de-2021-dia-cero-para-el-ordenamiento-monetario-en-cuba<\/a><\/p>\n<p><a href=\"#_ftnref3\" name=\"_ftn3\">[3]<\/a>\u00a0\u00a0\u00a0\u00a0\u00a0<a href=\"https:\/\/www.france24.com\/es\/am%C3%A9rica-latina\/20210102-1-de-enero-de-2021-d%C3%ADa-cero-para-la-reforma-monetaria-en-cuba\" target=\"_blank\" rel=\"noopener\">\u00a0 https:\/\/www.france24.com\/es\/am%C3%A9rica-latina\/20210102-1-de-enero-de-2021-d%C3%ADa-cero-para-la-reforma-monetaria-en-cuba<\/a><\/p>\n<p><a href=\"#_ftnref4\" name=\"_ftn4\">[4]<\/a>\u00a0\u00a0\u00a0\u00a0\u00a0\u00a0\u00a0\u00a0\u00a0\u00a0\u00a0\u00a0\u00a0\u00a0\u00a0\u00a0 Erika Guevara Rosas, diretora para las Am\u00e9ricas de Amnist\u00eda Internacional<\/p>\n<p><a href=\"#_ftnref5\" name=\"_ftn5\">[5]<\/a>\u00a0\u00a0\u00a0\u00a0\u00a0\u00a0\u00a0\u00a0\u00a0\u00a0\u00a0\u00a0\u00a0\u00a0\u00a0\u00a0 En 4 de agosto<\/p>\n<p><a href=\"#_ftnref6\" name=\"_ftn6\">[6]<\/a>\u00a0\u00a0\u00a0\u00a0\u00a0\u00a0\u00a0\u00a0\u00a0<a href=\"https:\/\/www.hypermediamagazine.com\/dosieres-hm\/dd-hh-en-latinoamerica\/los-detenidos-del-11j-cuba\/\" target=\"_blank\" rel=\"noopener\">\u00a0 https:\/\/www.hypermediamagazine.com\/dosieres-hm\/dd-hh-en-latinoamerica\/los-detenidos-del-11j-cuba\/<\/a><\/p>\n<p><a href=\"#_ftnref7\" name=\"_ftn7\">[7]<\/a>\u00a0\u00a0\u00a0\u00a0\u00a0\u00a0<a href=\"https:\/\/oncubanews.com\/cuba\/algunas-lecciones-del-11-j-cubano-observaciones-de-julio-cesar-guanche\/\" target=\"_blank\" rel=\"noopener\"> https:\/\/oncubanews.com\/cuba\/algunas-lecciones-del-11-j-cubano-observaciones-de-julio-cesar-guanche\/<\/a><\/p>\n<p><a href=\"#_ftnref8\" name=\"_ftn8\">[8]<\/a><a href=\"https:\/\/www.hypermediamagazine.com\/dosieres-hm\/los-juicios-del-11j\/presos-politicos-en-cuba-numeros-y-juicios-en-torno-al-11j\/\" target=\"_blank\" rel=\"noopener\">https:\/\/www.hypermediamagazine.com\/dosieres-hm\/los-juicios-del-11j\/presos-politicos-en-cuba-numeros-y-juicios-en-torno-al-11j\/<\/a><\/p>\n<p><a href=\"#_ftnref9\" name=\"_ftn9\">[9]<\/a>\u00a0\u00a0\u00a0\u00a0\u00a0\u00a0\u00a0\u00a0\u00a0\u00a0\u00a0\u00a0\u00a0\u00a0\u00a0\u00a0\u00a0\u00a0\u00a0\u00a0\u00a0\u00a0\u00a0\u00a0\u00a0 El listado se puede consultar en el siguiente enlace: Bit.ly\/Detenidos11J.<\/p>\n<p><a href=\"#_ftnref10\" name=\"_ftn10\">[10]<\/a>\u00a0\u00a0\u00a0\u00a0\u00a0\u00a0<a href=\"https:\/\/www.hypermediamagazine.com\/dosieres-hm\/los-juicios-del-11j\/presos-politicos-en-cuba-numeros-y-juicios-en-torno-al-11j\/\" target=\"_blank\" rel=\"noopener\"> https:\/\/www.hypermediamagazine.com\/dosieres-hm\/los-juicios-del-11j\/presos-politicos-en-cuba-numeros-y-juicios-en-torno-al-11j\/<\/a><\/p>\n<p><a href=\"#_ftnref11\" name=\"_ftn11\">[11]<\/a>\u00a0\u00a0\u00a0\u00a0 Sobre eso vide el articulo: <a href=\"https:\/\/litci.org\/es\/cuba-el-regimen-responde-al-15n-con-mas-represion\/\">https:\/\/litci.org\/es\/cuba-el-regimen-responde-al-15n-con-mas-represion\/<\/a><\/p>\n","protected":false},"excerpt":{"rendered":"<p>El empeoramiento de las condiciones de vida del pueblo cubano ha llevado a las m\u00e1s grandes manifestaciones antigubernamentales, desde 1959, ocurridas el 11-J. En m\u00e1s de 60 ciudades, en las catorce provincias y el municipio especial isla de la Juventud. Donde se escucharon consignas como: \u201cAbajo la dictadura\u201d y \u201cLibertad\u201d[1]. Las protestas, estallaron por la [&hellip;]<\/p>\n","protected":false},"author":14,"featured_media":67332,"menu_order":0,"comment_status":"closed","ping_status":"closed","sticky":false,"template":"","format":"standard","meta":{"jetpack_post_was_ever_published":false,"_jetpack_newsletter_access":"","_jetpack_dont_email_post_to_subs":false,"_jetpack_newsletter_tier_id":0,"_jetpack_memberships_contains_paywalled_content":false,"litci_post_political_author":"","_jetpack_memberships_contains_paid_content":false,"footnotes":""},"categories":[2680],"tags":[4081,16771,6069,2815],"class_list":["post-67328","post","type-post","status-publish","format-standard","has-post-thumbnail","hentry","category-cuba","tag-cuba-3","tag-dictadura-cubana","tag-presos-politicos","tag-represion"],"jetpack_featured_media_url":"https:\/\/i0.wp.com\/litci.org\/es\/wp-content\/uploads\/2021\/10\/P3H3Y4GT75CZHDULARWBZFULPQ-1.jpg?fit=980%2C531&ssl=1","fimg_url":"https:\/\/i0.wp.com\/litci.org\/es\/wp-content\/uploads\/2021\/10\/P3H3Y4GT75CZHDULARWBZFULPQ-1.jpg?fit=980%2C531&ssl=1","categories_names":["Cuba"],"author_info":{"name":"leonardo","pic":"https:\/\/secure.gravatar.com\/avatar\/5b026831a33fc9397b874aaf2fbce7cc661697946383efa447f6bf2fd4c79d48?s=96&d=mm&r=g"},"political_author":null,"tagline":"","jetpack_sharing_enabled":true,"_links":{"self":[{"href":"https:\/\/litci.org\/es\/wp-json\/wp\/v2\/posts\/67328","targetHints":{"allow":["GET"]}}],"collection":[{"href":"https:\/\/litci.org\/es\/wp-json\/wp\/v2\/posts"}],"about":[{"href":"https:\/\/litci.org\/es\/wp-json\/wp\/v2\/types\/post"}],"author":[{"embeddable":true,"href":"https:\/\/litci.org\/es\/wp-json\/wp\/v2\/users\/14"}],"replies":[{"embeddable":true,"href":"https:\/\/litci.org\/es\/wp-json\/wp\/v2\/comments?post=67328"}],"version-history":[{"count":5,"href":"https:\/\/litci.org\/es\/wp-json\/wp\/v2\/posts\/67328\/revisions"}],"predecessor-version":[{"id":67362,"href":"https:\/\/litci.org\/es\/wp-json\/wp\/v2\/posts\/67328\/revisions\/67362"}],"wp:featuredmedia":[{"embeddable":true,"href":"https:\/\/litci.org\/es\/wp-json\/wp\/v2\/media\/67332"}],"wp:attachment":[{"href":"https:\/\/litci.org\/es\/wp-json\/wp\/v2\/media?parent=67328"}],"wp:term":[{"taxonomy":"category","embeddable":true,"href":"https:\/\/litci.org\/es\/wp-json\/wp\/v2\/categories?post=67328"},{"taxonomy":"post_tag","embeddable":true,"href":"https:\/\/litci.org\/es\/wp-json\/wp\/v2\/tags?post=67328"}],"curies":[{"name":"wp","href":"https:\/\/api.w.org\/{rel}","templated":true}]}}