{"id":67239,"date":"2021-10-11T13:07:32","date_gmt":"2021-10-11T13:07:32","guid":{"rendered":"https:\/\/litci.org\/es\/?p=67239"},"modified":"2024-11-03T13:27:58","modified_gmt":"2024-11-03T13:27:58","slug":"duque-y-la-crisis-del-uribismo","status":"publish","type":"post","link":"https:\/\/litci.org\/es\/duque-y-la-crisis-del-uribismo\/","title":{"rendered":"Duque y la crisis del uribismo"},"content":{"rendered":"<h6 class=\"entry-title\">Duque y la crisis del uribismo<\/h6>\n<p>En la ma\u00f1ana del martes 21 de septiembre, Iv\u00e1n Duque pronunci\u00f3 su \u00faltimo discurso como Presidente de Colombia ante la Asamblea de la Organizaci\u00f3n de Naciones Unidas, ONU. Un discurso en el que mostr\u00f3 un pa\u00eds que no existe, un discurso que no es apoyado ni por los mismos sectores uribistas que enfrentan el reto de hacer una campa\u00f1a defendiendo uno de los gobiernos m\u00e1s nefastos de la historia reciente del pa\u00eds.<\/p>\n<p>Por: Antonio Romero \/ PST Colombia<\/p>\n<p><!--more--><\/p>\n<p>En New York, Duque cerraba su discurso diciendo: \u201cAvanza la Colombia de la vacunaci\u00f3n masiva, avanza la Colombia de la reactivaci\u00f3n segura, avanza la Colombia del mayor presupuesto social de nuestra historia. Avanza la Colombia de la Transici\u00f3n Energ\u00e9tica y la acci\u00f3n clim\u00e1tica, avanza la Colombia de la fraternidad migratoria\u201d.<\/p>\n<p>Mientras en las ciudades escasean las segundas dosis de las vacunas, mientras cientos de peque\u00f1as empresas est\u00e1n en quiebra y las cifras de desempleo siguen en aumento, mientras el presupuesto aprobado est\u00e1 destinado a pagar la deuda externa y a fortalecer la represi\u00f3n contra las protestas, mientras se sigue contin\u00faa pensando en la industria extractiva como motor de desarrollo, acabando con p\u00e1ramos y fuentes de agua, mientras la xenofobia contra los migrantes venezolanos y haitianos sigue us\u00e1ndose para esconder la crisis social del pa\u00eds.<\/p>\n<p>De igual manera, Duque habl\u00f3 de su pol\u00edtica de \u201cpaz con legalidad\u201d, comparando los avances de su gobierno y el anterior en la implementaci\u00f3n de los acuerdos, acomodando cifras que comparan los veinte meses del anterior con los tres a\u00f1os de su mandato, sin decir una palabra del asesinato sistem\u00e1tico de l\u00edderes sociales y de la represi\u00f3n desatada durante y despu\u00e9s del Paro Nacional.<\/p>\n<h6><strong>Las cifras que esconde el discurso de Duque<\/strong><\/h6>\n<p>El gobierno de Duque ha mostrado como bandera de la reactivaci\u00f3n el crecimiento del 7,2% en la econom\u00eda durante este a\u00f1o, omitiendo que esta cifra tiene como base el 2020, que fue un a\u00f1o de cat\u00e1strofe econ\u00f3mico con una ca\u00edda de 6,8% de la econom\u00eda, por lo que esa recuperaci\u00f3n no solo es insuficiente, sino que preocupa a los economistas burgueses, pues las perspectivas para el a\u00f1o entrante no son buenas.<\/p>\n<p>Desde Acciones &amp; Valores, comisionistas de bolsa, se advierte con preocupaci\u00f3n que las pol\u00edticas de reactivaci\u00f3n conllevan tambi\u00e9n a una mayor inflaci\u00f3n, en el marco de una devaluaci\u00f3n preocupante del peso colombiano respecto al d\u00f3lar: \u201cHay que tener presente la p\u00e9rdida de grado de inversi\u00f3n, adem\u00e1s que las importaciones bordean casi los US$5.000 millones mes, mientras que las exportaciones est\u00e1n alrededor de los US$3.200 millones. Lo que se traduce en que estamos sacando m\u00e1s d\u00f3lares de los que entran, por eso decimos que hay un d\u00e9ficit de cuenta corriente superior al 5% del PIB y eso hace m\u00e1s vulnerable a la moneda\u201d.<\/p>\n<p>A todo lo anterior le sumamos que Iv\u00e1n Duque deja al pa\u00eds mucho m\u00e1s endeudado, de 120 mil millones pas\u00f3 a 157 mil millones de d\u00f3lares, es decir, el 56% del PIB. Lo que ha presionado a la burgues\u00eda para acelerar los planes ajuste que parcialmente fueron frenados por el Paro Nacional, pero que ahora han sido cargados sobre la clase trabajadora a trav\u00e9s del congelamiento de facto de los salarios del magisterio y de los empleados estatales, con un aumento de apenas el 1%.<\/p>\n<p>A este panorama debemos agregar la inflaci\u00f3n que llega al 3,93%, golpeando mucho m\u00e1s a los pobres, porque mientras para la clase alta la inflaci\u00f3n en el mes de agosto fue de 5,09%, para los hogares en extrema pobreza es de 5,24% y para los hogares de asalariados es de 4,65%, para los hogares de ingresos altos es de apenas 3,41%.<\/p>\n<p>Por \u00faltimo, est\u00e1 la cifra del desempleo, que para julio de 2021 fue 14,3%, cifra que si se compara con el 20,2% del a\u00f1o pasado es positiva, pero que debe ser comparada es con el 2019, antes de la pandemia, cuando era del 10,7%.<\/p>\n<h6>Lea tambi\u00e9n: <a title=\"Vacunaci\u00f3n: Entre el negacionismo y la ganancia\" href=\"https:\/\/litci.org\/es\/vacunacion-entre-el-negacionismo-y-la-ganancia\/\" rel=\"bookmark\">Vacunaci\u00f3n: Entre el negacionismo y la ganancia<\/a><\/h6>\n<h6><strong>Crisis Duque, crisis del uribismo<\/strong><\/h6>\n<p>La situaci\u00f3n del gobierno de Duque, ha tenido sus efectos en el panorama pol\u00edtico. Tras el Paro Nacional, los partidos burgueses se han unificado para proteger a los ministros, tanto a Molano por la brutal represi\u00f3n durante el Paro Nacional como a Abudinen por la p\u00e9rdida de los 70 mil millones de pesos destinados a la conectividad de las instituciones educativas.<\/p>\n<p>Tambi\u00e9n se han unificado para la aprobaci\u00f3n de la reforma tributaria y del presupuesto nacional, as\u00ed como en todos los planes de ajuste de Duque y en la sistem\u00e1tica represi\u00f3n de luchadores sociales que participaron en el Paro Nacional.<\/p>\n<p>Sin embargo, el gobierno de Duque no ha logrado levantar su popularidad, que sigue por debajo del 25% en las encuestas, lo que ha dificultado tener una opci\u00f3n viable desde el Centro Democr\u00e1tico en las pr\u00f3ximas elecciones. Pues a seis meses de las presidenciales, las candidaturas uribistas \u2013 Mar\u00eda Fernanda Cabal, \u00d3scar Iv\u00e1n Zuluaga, Paloma Valencia, Rafael Nieto y Alirio Barrera \u2013 no logran marcar en las encuestas como una alternativa viable.<\/p>\n<p>La coyuntura electoral para 2022 no es la de hace cuatro a\u00f1os, cuando el uribismo se propon\u00eda como oposici\u00f3n al Proceso de Paz de Santos y las FARC, logrando imponer a un desconocido candidato por el solo hecho de recibir la unci\u00f3n de Uribe V\u00e9lez. Pero hoy el mismo Uribe atraviesa una crisis, agobiado por los procesos judiciales y con una juventud que rechaza su proyecto conservador y autoritario.<\/p>\n<p>Esta crisis pol\u00edtica del Centro Democr\u00e1tico ha obligado a la burgues\u00eda a apostar por una candidatura distinta, que todav\u00eda no est\u00e1 clara. En la baraja de opciones del r\u00e9gimen est\u00e1 una salida por la derecha que puede ser con Germ\u00e1n Vargas Lleras, quien se presenta como cr\u00edtico del gobierno, o los ex mandatarios (Alejandro Char, Federico Guti\u00e9rrez, Enrique Pe\u00f1alosa) que se presentan como \u2018buenos administradores\u2019 en medio del caos del gobierno actual. Tambi\u00e9n exploran por el \u2018centro\u2019 con Alejandro Gaviria, ante la crisis de los Verdes y la Coalici\u00f3n de la Esperanza, desprestigiada por el papel represivo que jugaron sus \u2018gobiernos alternativos\u2019 durante el Paro Nacional.<\/p>\n<p>As\u00ed, el discurso de Iv\u00e1n Duque, que llama a \u201casumir juntos, sin divisiones, con equidad y pensando en el porvenir de la humanidad\u201d es un discurso vac\u00edo, de un gobierno que ha recurrido a la represi\u00f3n criminal como respuesta a la protesta social y que ha aprovechado la pandemia para enriquecer a los grandes empresarios, en detrimento de la clase trabajadora y los pobres.<\/p>\n<p>Art\u00edculo tomado de:<a href=\"http:\/\/www.magazine.pstcolombia.org\/\" target=\"_blank\" rel=\"noopener\"> http:\/\/www.magazine.pstcolombia.org\/\u00a0<\/a><\/p>\n","protected":false},"excerpt":{"rendered":"<p>Duque y la crisis del uribismo En la ma\u00f1ana del martes 21 de septiembre, Iv\u00e1n Duque pronunci\u00f3 su \u00faltimo discurso como Presidente de Colombia ante la Asamblea de la Organizaci\u00f3n de Naciones Unidas, ONU. Un discurso en el que mostr\u00f3 un pa\u00eds que no existe, un discurso que no es apoyado ni por los mismos [&hellip;]<\/p>\n","protected":false},"author":14,"featured_media":67240,"menu_order":0,"comment_status":"closed","ping_status":"closed","sticky":false,"template":"","format":"standard","meta":{"jetpack_post_was_ever_published":false,"_jetpack_newsletter_access":"","_jetpack_dont_email_post_to_subs":false,"_jetpack_newsletter_tier_id":0,"_jetpack_memberships_contains_paywalled_content":false,"litci_post_political_author":"","_jetpack_memberships_contains_paid_content":false,"footnotes":""},"categories":[2678,12849,2659],"tags":[2949,13220,8387,16914],"class_list":["post-67239","post","type-post","status-publish","format-standard","has-post-thumbnail","hentry","category-colombia","category-polemica","category-pst-colombia","tag-colombia-2","tag-duque","tag-uribe","tag-uribismo"],"jetpack_featured_media_url":"https:\/\/i0.wp.com\/litci.org\/es\/wp-content\/uploads\/2021\/10\/FotoJet-8.jpg?fit=1762%2C907&ssl=1","fimg_url":"https:\/\/i0.wp.com\/litci.org\/es\/wp-content\/uploads\/2021\/10\/FotoJet-8.jpg?fit=1762%2C907&ssl=1","categories_names":["Colombia","Pol\u00e9mica","PST - Colombia"],"author_info":{"name":"leonardo","pic":"https:\/\/secure.gravatar.com\/avatar\/5b026831a33fc9397b874aaf2fbce7cc661697946383efa447f6bf2fd4c79d48?s=96&d=mm&r=g"},"political_author":null,"tagline":"","jetpack_sharing_enabled":true,"_links":{"self":[{"href":"https:\/\/litci.org\/es\/wp-json\/wp\/v2\/posts\/67239","targetHints":{"allow":["GET"]}}],"collection":[{"href":"https:\/\/litci.org\/es\/wp-json\/wp\/v2\/posts"}],"about":[{"href":"https:\/\/litci.org\/es\/wp-json\/wp\/v2\/types\/post"}],"author":[{"embeddable":true,"href":"https:\/\/litci.org\/es\/wp-json\/wp\/v2\/users\/14"}],"replies":[{"embeddable":true,"href":"https:\/\/litci.org\/es\/wp-json\/wp\/v2\/comments?post=67239"}],"version-history":[{"count":2,"href":"https:\/\/litci.org\/es\/wp-json\/wp\/v2\/posts\/67239\/revisions"}],"predecessor-version":[{"id":67243,"href":"https:\/\/litci.org\/es\/wp-json\/wp\/v2\/posts\/67239\/revisions\/67243"}],"wp:featuredmedia":[{"embeddable":true,"href":"https:\/\/litci.org\/es\/wp-json\/wp\/v2\/media\/67240"}],"wp:attachment":[{"href":"https:\/\/litci.org\/es\/wp-json\/wp\/v2\/media?parent=67239"}],"wp:term":[{"taxonomy":"category","embeddable":true,"href":"https:\/\/litci.org\/es\/wp-json\/wp\/v2\/categories?post=67239"},{"taxonomy":"post_tag","embeddable":true,"href":"https:\/\/litci.org\/es\/wp-json\/wp\/v2\/tags?post=67239"}],"curies":[{"name":"wp","href":"https:\/\/api.w.org\/{rel}","templated":true}]}}