{"id":67074,"date":"2021-09-27T14:55:56","date_gmt":"2021-09-27T14:55:56","guid":{"rendered":"https:\/\/litci.org\/es\/?p=67074"},"modified":"2024-11-03T13:27:59","modified_gmt":"2024-11-03T13:27:59","slug":"24-de-setiembre-un-dia-importante-de-huelga-y-luchas-este-es-solo-el-comienzo","status":"publish","type":"post","link":"https:\/\/litci.org\/es\/24-de-setiembre-un-dia-importante-de-huelga-y-luchas-este-es-solo-el-comienzo\/","title":{"rendered":"Italia | Un d\u00eda importante de huelga y luchas. Este es solo el comienzo"},"content":{"rendered":"<p><em>El 24 de septiembre fue un d\u00eda importante de huelgas y movilizaciones en nuestro pa\u00eds. Los estudiantes del Fridays for Future (FFF) tomaron las calles y organizaron huelgas y manifestaciones en muchas ciudades. Las plazas del Climate Global Strike, aunque menos concurridas que hace dos a\u00f1os, han mostrado una nueva combatividad y radicalismo: es cada vez m\u00e1s evidente para las generaciones m\u00e1s j\u00f3venes que no hay futuro en el sistema capitalista, ni para ellos ni para el planeta. Fue importante que los trabajadores de los sectores qu\u00edmico, energ\u00e9tico, caucho-pl\u00e1stico y petrolero de Allca Cub se cruzaran de brazos para unirse a los j\u00f3venes del FFF. Lamentablemente, la convocatoria de huelga por el clima fue rechazada por las dem\u00e1s direcciones sindicales.<\/em><!--more--><\/p>\n<p>Por: Comit\u00e9 Ejecutivo del PdAC, Italia<\/p>\n<p>Pero el 24 de septiembre tambi\u00e9n fue un d\u00eda importante por otra raz\u00f3n. Fue un d\u00eda de huelga del transporte a\u00e9reo nacional, con la disputa de Alitalia en el centro. En Fiumicino, miles de trabajadores y trabajadoras de Alitalia bloquearon el aeropuerto y luego se movilizaron con una marcha que bloque\u00f3 la carretera. Incluso en Linate, la defensa de la huelga cont\u00f3 con una participaci\u00f3n amplia y radical. Los trabajadores y las trabajadoras de Alitalia han gritado un fuerte <em>no<\/em> al plan Ita, que prev\u00e9 el desmantelamiento de la compa\u00f1\u00eda de bandera, miles de despidos y la reducci\u00f3n de los salarios a la mitad. Hay muchas consignas contra el gobierno Draghi, que con el plan Ita, con la liberaci\u00f3n de despidos y con las pol\u00edticas de gesti\u00f3n irresponsable frente a la pandemia, est\u00e1 atacando con ferocidad a las masas populares.<\/p>\n<p>Pero la clase trabajadora, el viernes demostr\u00f3 que puede responder con fuerza, unidad y determinaci\u00f3n a estos ataques. En la combativa manifestaci\u00f3n de Fiumicino hubo delegaciones de obreros de otras ciudades. Sobre todo, estuvieron presentes los trabajadores de la GKN de Florencia, con su estandarte <em>Insorgiamo<\/em> [\u00a1Nos levantamos!] que ahora se ha convertido en el s\u00edmbolo de todas las luchas en nuestro pa\u00eds. Los trabajadores de la GKN y los trabajadores de Alitalia con su ejemplo est\u00e1n mostr\u00e1ndonos cu\u00e1l es el camino a seguir para repeler los ataques del gobierno Draghi y los patrones: es el de la solidaridad rec\u00edproca y la unidad en las luchas, independientemente de los sindicatos. Un mensaje que tambi\u00e9n quisieron representar simb\u00f3licamente con sus pancartas: los obreros de GKN llevaron una pancarta en solidaridad con la lucha en Alitalia, los trabajadores y trabajadoras del Comit\u00e9 Todos a Bordo No Ita llevaron una pancarta en solidaridad con los obreros de GKN.<\/p>\n<p><iframe loading=\"lazy\" title=\"Sciopero del trasporto aereo: la lotta contro ITA e la solidariet\u00e0 degli operai GKN e Pirelli\" width=\"500\" height=\"281\" src=\"https:\/\/www.youtube.com\/embed\/AZ5g_K_KwR8?feature=oembed\" frameborder=\"0\" allow=\"accelerometer; autoplay; clipboard-write; encrypted-media; gyroscope; picture-in-picture; web-share\" referrerpolicy=\"strict-origin-when-cross-origin\" allowfullscreen><\/iframe><\/p>\n<p>Si los comentaristas de televisi\u00f3n estigmatizaron el viernes las consignas de los trabajadores contra Draghi y temieron la llegada de un peligroso \u00abnuevo sesenta y ocho\u00bb \u2013pensemos por ejemplo en las declaraciones de Padellaro sobre La7 (1)\u2013 esperamos en cambio que haya una reanudaci\u00f3n de las luchas obreras. Estamos orgullosos de ser activos en estas movilizaciones y, en algunos casos, como en Alitalia, que nuestros compa\u00f1eros est\u00e9n a la cabeza. El viernes estuvimos en la plaza con los alumnos. Est\u00e1bamos, sobre todo, en la primera l\u00ednea en Fiumicino: nuestro compa\u00f1ero Daniele Cofani es uno de los principales dirigentes de esta lucha que se ha prolongado durante meses, aunque en gran parte es ocultada por los medios de comunicaci\u00f3n. En Fiumicino, llevamos la solidaridad de los obreros de Pirelli (tambi\u00e9n en huelga) a los trabajadores de Alitalia. Tambi\u00e9n estuvimos, con nuestros activistas y trabajadores del sector, en la defensa de Linate.<\/p>\n<p>El viento de la lucha de clases comienza a soplar: el Partido de Alternativa Comunista har\u00e1 todo lo posible para abrir pronto una nueva fase de luchas obreras y estudiantiles que pueda cambiar la correlaci\u00f3n de fuerza en beneficio de la clase trabajadora hasta derrocar el gobierno Draghi. Por eso, invitamos a quienes nos leen a profundizar en el conocimiento del programa PdAC y a venir a construir con nosotros el partido revolucionario. Como muchos j\u00f3venes gritaron en las calles el viernes: \u00a1para salvar a la humanidad y el planeta, hay que cambiar el sistema!<\/p>\n<p>[1]<\/p>\n<p><u>https:\/\/www.la7.it\/tagada\/video\/crisi-alitalia-gkn-ilva-padellaro-si-rischia-un-ritorno-agli-anni-settanta-24-09-2021-398804<\/u><\/p>\n<p>Art\u00edculo publicado en <a href=\"http:\/\/www.partitodialternativacomunista\">www.partitodialternativacomunista<\/a>, 26\/9\/2021.<br \/>\nTraducci\u00f3n: Natalia Estrada.<\/p>\n","protected":false},"excerpt":{"rendered":"<p>El 24 de septiembre fue un d\u00eda importante de huelgas y movilizaciones en nuestro pa\u00eds. Los estudiantes del Fridays for Future (FFF) tomaron las calles y organizaron huelgas y manifestaciones en muchas ciudades. Las plazas del Climate Global Strike, aunque menos concurridas que hace dos a\u00f1os, han mostrado una nueva combatividad y radicalismo: es cada [&hellip;]<\/p>\n","protected":false},"author":4,"featured_media":67075,"menu_order":0,"comment_status":"closed","ping_status":"closed","sticky":false,"template":"","format":"standard","meta":{"jetpack_post_was_ever_published":false,"_jetpack_newsletter_access":"","_jetpack_dont_email_post_to_subs":false,"_jetpack_newsletter_tier_id":0,"_jetpack_memberships_contains_paywalled_content":false,"litci_post_political_author":"","_jetpack_memberships_contains_paid_content":false,"footnotes":""},"categories":[2700,2657],"tags":[16880,13471,16776,16879,5594,7108,9902],"class_list":["post-67074","post","type-post","status-publish","format-standard","has-post-thumbnail","hentry","category-italia","category-pdac-italia","tag-alitalia-gkn-pirelli","tag-daniele-cofani","tag-gobierno-draghi","tag-huelga-nacional-del-transporte-italia","tag-movilizacion-obrera-y-estudiantil","tag-pdac-italia","tag-solidaridad-obrera"],"jetpack_featured_media_url":"https:\/\/i0.wp.com\/litci.org\/es\/wp-content\/uploads\/2021\/09\/alitaliaprimo_piano.jpg?fit=2016%2C954&ssl=1","fimg_url":"https:\/\/i0.wp.com\/litci.org\/es\/wp-content\/uploads\/2021\/09\/alitaliaprimo_piano.jpg?fit=2016%2C954&ssl=1","categories_names":["Italia","PdAC - Italia"],"author_info":{"name":"Administraci\u00f3n Site","pic":"https:\/\/secure.gravatar.com\/avatar\/1fc4a65db396208ca881747f59a66a20c6b8670747457224753e1e98c43f719b?s=96&d=mm&r=g"},"political_author":null,"tagline":"","jetpack_sharing_enabled":true,"_links":{"self":[{"href":"https:\/\/litci.org\/es\/wp-json\/wp\/v2\/posts\/67074","targetHints":{"allow":["GET"]}}],"collection":[{"href":"https:\/\/litci.org\/es\/wp-json\/wp\/v2\/posts"}],"about":[{"href":"https:\/\/litci.org\/es\/wp-json\/wp\/v2\/types\/post"}],"author":[{"embeddable":true,"href":"https:\/\/litci.org\/es\/wp-json\/wp\/v2\/users\/4"}],"replies":[{"embeddable":true,"href":"https:\/\/litci.org\/es\/wp-json\/wp\/v2\/comments?post=67074"}],"version-history":[{"count":3,"href":"https:\/\/litci.org\/es\/wp-json\/wp\/v2\/posts\/67074\/revisions"}],"predecessor-version":[{"id":67079,"href":"https:\/\/litci.org\/es\/wp-json\/wp\/v2\/posts\/67074\/revisions\/67079"}],"wp:featuredmedia":[{"embeddable":true,"href":"https:\/\/litci.org\/es\/wp-json\/wp\/v2\/media\/67075"}],"wp:attachment":[{"href":"https:\/\/litci.org\/es\/wp-json\/wp\/v2\/media?parent=67074"}],"wp:term":[{"taxonomy":"category","embeddable":true,"href":"https:\/\/litci.org\/es\/wp-json\/wp\/v2\/categories?post=67074"},{"taxonomy":"post_tag","embeddable":true,"href":"https:\/\/litci.org\/es\/wp-json\/wp\/v2\/tags?post=67074"}],"curies":[{"name":"wp","href":"https:\/\/api.w.org\/{rel}","templated":true}]}}