{"id":66624,"date":"2021-08-11T20:13:05","date_gmt":"2021-08-11T20:13:05","guid":{"rendered":"https:\/\/litci.org\/es\/?p=66624"},"modified":"2024-11-03T13:28:06","modified_gmt":"2024-11-03T13:28:06","slug":"cuba-lgbtis-tambien-salieron-a-las-calles-en-el-11j","status":"publish","type":"post","link":"https:\/\/litci.org\/es\/cuba-lgbtis-tambien-salieron-a-las-calles-en-el-11j\/","title":{"rendered":"Cuba: LGBTIs tambi\u00e9n salieron a las calles en el 11J"},"content":{"rendered":"<p><em>Las manifestaciones del 11J contaron con una importante presencia de LGBTI (lesbianas, gays bisexuales, travestis, transexuales e intersexuales) de la isla, que salieron a las calles del pa\u00eds para exigir derechos b\u00e1sicos como la alimentaci\u00f3n, la atenci\u00f3n m\u00e9dica y los preservativos. Asimismo, estaban all\u00ed para cuestionar la violencia policial y la discriminaci\u00f3n en el pa\u00eds.<\/em><!--more--><\/p>\n<p>Por: Helena N\u00e1huatl<\/p>\n<p><em>\u00a0<\/em>\u00abVine porque estoy cansada de la represi\u00f3n que tiene la polic\u00eda con los trans, no nos dejan salir a las calles, nos piden carn\u00e9s, nos llevan por prostituci\u00f3n\u00bb<\/p>\n<p>\u00abYo tengo t\u00edtulo. T\u00edtulo de maestra, de peluquera. No hay necesidad de llevarnos, meternos en \u201cpeligro\u201d<a href=\"#_edn1\" name=\"_ednref1\">[i]<\/a> sin necesidad\u00bb<\/p>\n<p>\u00abVine en compa\u00f1erismo con todas las dem\u00e1s personas que hay aqu\u00ed. Por el hambre, la necesidad. No hay medicamentos, no hay comida. No hay agua. No hay nada. \u00a1Las casas en La Habana se est\u00e1n cayendo y ellos est\u00e1n construyendo hoteles!\u00bb<a href=\"#_edn2\" name=\"_ednref2\">[ii]<\/a><\/p>\n<p>Estos son los relatos de diferentes mujeres trans que asistieron a la Marcha (celebrada el 11 de julio, el llamado \u00ab11J\u00bb<a href=\"#_edn3\" name=\"_ednref3\">[iii]<\/a>). Otra, inform\u00f3 que su participaci\u00f3n estaba motivada por cosas b\u00e1sicas, como el derecho a los preservativos para protegerse de las enfermedades de transmisi\u00f3n sexual (ETS).<\/p>\n<p>Con una escasez generalizada de alimentos, medicinas y una inflaci\u00f3n disparada por el plan econ\u00f3mico de la dictadura de D\u00edaz-Canel<a href=\"#_edn4\" name=\"_ednref4\">[iv]<\/a>, varios sectores de la comunidad LGBTI se sumaron a las protestas por condiciones dignas en la isla, con un \u00e9nfasis visible en las mujeres trans, debido a la transfobia cotidiana, la exclusi\u00f3n espec\u00edfica y la marginaci\u00f3n a la que son sometidas, una realidad muy cercana a la de las hermanas latinoamericanas.<\/p>\n<p>Sin acceso real al nombre social y sin protecci\u00f3n legal en los empleos (en Cuba existe desde 2014 una ley contra la discriminaci\u00f3n por orientaci\u00f3n sexual<a href=\"#_edn5\" name=\"_ednref5\">[v]<\/a>, pero no por identidad de g\u00e9nero), las mujeres trans acaban siendo constantemente discriminadas y criminalizadas.<\/p>\n<p><strong>Transfobia y homofobia en las detenciones realizadas tras las protestas<\/strong><\/p>\n<p>Sabemos que las detenciones en la isla suman unos cuantos cientos, con datos organizados por varios activistas que informan de unas 750 detenciones desde el 11J. Muchos de ellos fueron detenidos en los d\u00edas posteriores a las protestas generalizadas en todo el pa\u00eds, despu\u00e9s de que las im\u00e1genes circularan por las redes sociales y fueran utilizadas por el gobierno para identificar a los presentes.<\/p>\n<p>Sin embargo, dos casos han tenido una gran visibilidad. La detenci\u00f3n de Nathalia \u00c1lvarez, que pas\u00f3 11 d\u00edas en la c\u00e1rcel y est\u00e1 siendo investigada penalmente, y de Brenda D\u00edaz Garc\u00eda, acusada de lanzar piedras durante las protestas en su ciudad. Brenda fue detenida junto con su hermano Luis, de 16 a\u00f1os, y todav\u00eda hoy est\u00e1 en prisi\u00f3n. A pesar de tener una situaci\u00f3n de salud que requiere atenci\u00f3n, se le ha negado la asistencia m\u00e9dica en varias ocasiones. Su familia, que intenta visitarla semanalmente, dice que se le niega el acceso a su hija y teme por su salud e integridad f\u00edsica<a href=\"#_edn6\" name=\"_ednref6\">[vi]<\/a>.<\/p>\n<p><strong>Represi\u00f3n constante<\/strong><\/p>\n<p>Las personas trans en Cuba se enfrentan a una barrera burocr\u00e1tica para tener un nombre social. Adem\u00e1s de estar obligados a someterse a la cirug\u00eda de reasignaci\u00f3n de g\u00e9nero, deben ser acompa\u00f1ados por las instituciones del r\u00e9gimen hasta que se les garantice este derecho. El resultado de esta pol\u00edtica es una inmensa mayor\u00eda de personas sin reconocimiento legal de su identidad, generando y perpetuando la marginalidad y la exclusi\u00f3n en la que viven. En el C\u00f3digo Penal, tambi\u00e9n son objeto del \u00abEstado de Peligroso\u00bb<a href=\"#_edn7\" name=\"_ednref7\">[vii]<\/a>, que prev\u00e9 el acercamiento policial si tienen una conducta considerada antisocial (situaci\u00f3n en la que se incluyen las personas trans), seg\u00fan los t\u00e9rminos del C\u00f3digo.<\/p>\n<p>Otra alegaci\u00f3n expresada en los testimonios es la detenci\u00f3n por prostituci\u00f3n, que, seg\u00fan el mismo C\u00f3digo, afectar\u00eda a las \u00abnormas de la moral socialista\u00bb. Aunque el C\u00f3digo se refiere al proxenetismo y no al acto de la prostituci\u00f3n, el relato de la participante del 11J revela que esta pr\u00e1ctica se utiliza de forma recurrente contra las mujeres trans.<\/p>\n<div id=\"attachment_66625\" style=\"width: 574px\" class=\"wp-caption alignnone\"><img data-recalc-dims=\"1\" loading=\"lazy\" decoding=\"async\" aria-describedby=\"caption-attachment-66625\" class=\"wp-image-66625 \" src=\"https:\/\/i0.wp.com\/litci.org\/es\/wp-content\/uploads\/2021\/08\/Captura-de-pantalla-2021-08-11-a-las-17.04.07.png?resize=564%2C376&#038;ssl=1\" alt=\"\" width=\"564\" height=\"376\" srcset=\"https:\/\/i0.wp.com\/litci.org\/es\/wp-content\/uploads\/2021\/08\/Captura-de-pantalla-2021-08-11-a-las-17.04.07.png?w=444&amp;ssl=1 444w, https:\/\/i0.wp.com\/litci.org\/es\/wp-content\/uploads\/2021\/08\/Captura-de-pantalla-2021-08-11-a-las-17.04.07.png?resize=300%2C200&amp;ssl=1 300w\" sizes=\"auto, (max-width: 564px) 100vw, 564px\" \/><p id=\"caption-attachment-66625\" class=\"wp-caption-text\">Leo Negr\u00edn, a la derecha. (Foto: Mar\u00eda Luc\u00eda Exp\u00f3sito)<\/p><\/div>\n<p><strong>La homofobia como pr\u00e1ctica de tortura<\/strong><\/p>\n<p>Leonardo Romero Negr\u00edn fue detenido el 11J cuando intentaba impedir una agresi\u00f3n policial a su alumno Marcos, de 17 a\u00f1os. Tras ser puesto bajo arresto domiciliario el 19 de julio, en una declaraci\u00f3n a la prensa cubana<a href=\"#_edn1\" name=\"_ednref1\">[i]<\/a>, el estudiante y activista (por el que existe una campa\u00f1a para su liberaci\u00f3n por parte de la LIT-CI<a href=\"#_edn2\" name=\"_ednref2\">[ii]<\/a> ) relat\u00f3 los abusos y la violencia que sufri\u00f3 poco despu\u00e9s de su detenci\u00f3n. Aunque no pertenece directamente a la comunidad LGBTI, Leonardo apoya abiertamente las luchas de la comunidad en Cuba.<\/p>\n<p>En la c\u00e1rcel, relata que sufri\u00f3 varios golpes, adem\u00e1s de ver a muchos otros golpeados de forma a\u00fan m\u00e1s violenta. Como parte de su tortura, una violencia expl\u00edcitamente homof\u00f3bica:<\/p>\n<p>\u00abCuando llegamos a la unidad nos desnudaron a todos. Nos dec\u00edan que nosotros \u00e9ramos unos maricones chupapingas y que nos iban a coger el culo\u00bb dijo Leo.<\/p>\n<p>\u00abNos tuvieron contra la pared durante dos horas, llev\u00e1bamos cuarenta minutos desnudos esperando, ven\u00edan por detr\u00e1s y me halaban el pelo, lo tengo largo, y me dec\u00edan: \u201cChinita, con este pelito se puede hacer tremendo peluqu\u00edn\u00bb, relat\u00f3 Leonardo.<\/p>\n<p>\u00abMe tocaban las nalgas, a m\u00ed y a otros tambi\u00e9n\u00bb, complet\u00f3.<\/p>\n<p>Leo espera el juicio en casa, pero con un tel\u00f3n de fondo de incertidumbre y miedo. Adem\u00e1s de que su declaraci\u00f3n fue cuestionada y desmentida por las autoridades, el 25 de julio fue secuestrado por la polic\u00eda y devuelto a su casa horas despu\u00e9s, como un claro intento de intimidar su activismo y la repercusi\u00f3n del caso.<\/p>\n<p><strong>Marcha LGBTI en 2019: la llama del inconformismo en Cuba<\/strong><\/p>\n<p>No es la primera vez que la comunidad LGBTI independiente (sin v\u00ednculos con el gobierno) gana visibilidad en el pa\u00eds. En 2019, el 11 de mayo, una marcha no autorizada por el Estado fue convocada por las redes sociales y reuni\u00f3 a cientos de personas en las calles de La Habana<a href=\"#_edn3\" name=\"_ednref3\">[iii]<\/a>.<\/p>\n<p>En medio de las discusiones sobre la nueva Constituci\u00f3n del pa\u00eds (aprobada en abril de 2019) y los avances sobre lo que ser\u00edan los derechos de la comunidad LGBTI -en particular el art\u00edculo sobre el C\u00f3digo de Familia, que tendr\u00eda hasta dos a\u00f1os para definirse despu\u00e9s de la entrada en vigor de la Constituci\u00f3n, con la posibilidad de la uni\u00f3n homoafectiva se convirti\u00f3 en la vanguardia de un movimiento que tendr\u00eda impacto en los a\u00f1os siguientes y en el 11J del mes pasado.<\/p>\n<p>En esa ocasi\u00f3n, la respuesta violenta a la manifestaci\u00f3n pac\u00edfica del 11 de mayo fue recibida con gran repudio, que trascendi\u00f3 a la isla, adquiriendo una inmensa visibilidad internacional, incluso con cr\u00edticas de personalidades residentes en el pa\u00eds, como la cantante Hayd\u00e9e Milan\u00e9s, hija del hist\u00f3rico cantante Pablo Milan\u00e9s (quien tambi\u00e9n hizo una cr\u00edtica muy fuerte al gobierno cubano por la represi\u00f3n del 11J<a href=\"#_edn4\" name=\"_ednref4\">[iv]<\/a>).<\/p>\n<p>Hace unos a\u00f1os, como respuesta a los \u00e1nimos de la isla y bajo una fuerte presi\u00f3n del turismo europeo, el gobierno cubano present\u00f3 a Mariela Castro, directora del CENESEX (Centro Nacional de Educaci\u00f3n Sexual), como portavoz de un <em>mea culpa<a href=\"#_edn5\" name=\"_ednref5\"><strong>[v]<\/strong><\/a><\/em> que trataba de justificar los tiempos de terror a las personas LGBTI en el pa\u00eds.<\/p>\n<p>En agosto de 2010, Fidel Castro asumi\u00f3 ante el diario mexicano \u00abLa Jornada\u00bb<a href=\"#_edn6\" name=\"_ednref6\">[vi]<\/a>, el \u00aberror\u00bb de haber sometido a los LGBTI a campos de trabajo forzado agr\u00edcola, a la tortura, a la expulsi\u00f3n de sus trabajos y a obligarles a ocultar sus identidades para sobrevivir:<\/p>\n<p>\u00abFueron momentos de una gran injusticia, \u00a1una gran injusticia! \u2013repite enf\u00e1tico\u2013, la haya hecho quien sea. Si la hicimos nosotros, nosotros\u201d, \u201cEscapar a la CIA, que compraba tantos traidores, a veces entre la misma gente de uno, no era cosa sencilla; pero, en fin, de todas maneras, si hay que asumir responsabilidad, asumo la m\u00eda. Yo no voy a echarle la culpa a otros\u2026\u201d dijo Fidel.<\/p>\n<p>Sin embargo, la realidad de la isla sigue siendo extremadamente hostil a las personas LGBTI. No s\u00f3lo no hay pol\u00edticas concretas para incluir a la comunidad y satisfacer sus necesidades b\u00e1sicas, sino que, de hecho, las pr\u00e1cticas y comportamientos no heterosexuales o cisg\u00e9nero (que responden al sexo biol\u00f3gico) est\u00e1n fuertemente reprimidos y forman parte de la vida cotidiana cubana. Los escasos signos de apertura est\u00e1n completamente sujetos a los intentos de mejorar la imagen p\u00fablica del pa\u00eds, en gran medida en funci\u00f3n de presentarlo como un para\u00edso tur\u00edstico para los grandes pa\u00edses imperialistas del mundo.<\/p>\n<p>Otro factor relevante son las estrechas relaciones del R\u00e9gimen con el Vaticano, incluyendo el hecho de recibir, en 2015, al entonces Papa Francisco con honores de m\u00e1xima autoridad en la Isla. Desde los \u00faltimos a\u00f1os, la Iglesia Cat\u00f3lica no s\u00f3lo ha recuperado la propiedad en el pa\u00eds, sino que desempe\u00f1a un papel clave en el conservadurismo y las limitaciones ideol\u00f3gicas que impregnan el Estado cubano.<\/p>\n<p><strong>11J: un grito que dura d\u00e9cadas<\/strong><\/p>\n<p>La Revoluci\u00f3n Cubana, responsable de incre\u00edbles avances en la isla, fue un inmenso logro de la clase obrera del continente y del mundo. Aboli\u00f3 la propiedad burguesa a partir de 1961, planific\u00f3 la econom\u00eda y los principales medios de producci\u00f3n, propici\u00f3 un inmenso avance cient\u00edfico y cultural que super\u00f3 a cualquier pa\u00eds del Caribe y de Am\u00e9rica Latina durante mucho tiempo.<\/p>\n<p>Sin embargo, nunca lleg\u00f3 a tener un car\u00e1cter verdaderamente socialista. Desde su origen, controlado por la burocracia castrista<a href=\"#_edn7\" name=\"_ednref7\">[vii]<\/a>, nunca tuvo una democracia obrera como la de Rusia despu\u00e9s de 1917, ni los derechos conquistados por los sovi\u00e9ticos. Si en Rusia el derecho al aborto tuvo un lugar in\u00e9dito en el mundo, as\u00ed como las leyes contra la discriminaci\u00f3n sexual y de g\u00e9nero, Cuba fue la heredera de los peores retrocesos estalinistas en la materia. A partir de los a\u00f1os 30, todos los derechos de los sectores oprimidos que la revoluci\u00f3n bolchevique hab\u00eda conquistado fueron eliminados, criminalizados y defendidos por el estalinismo. La Cuba postrevolucionaria, por desgracia, no fue diferente. Si Fidel tuvo tiempo en su vida de \u00abjustificar\u00bb la opresi\u00f3n por la mayor necesidad de luchar contra el imperialismo, una generaci\u00f3n de revolucionarios y las posteriores, en estos \u00faltimos 60 a\u00f1os, han vivido y sufrido las inestimables consecuencias de la exclusi\u00f3n, la criminalizaci\u00f3n y el destierro que nada tienen que ver con una sociedad socialista, ni en su direcci\u00f3n.<\/p>\n<p>En lugar de resolver estas contradicciones y avanzar hacia el socialismo, el castrismo fue en la direcci\u00f3n contraria. Consolid\u00f3 una dictadura en la isla y avanz\u00f3 a pasos agigantados hacia la restauraci\u00f3n capitalista, hoy completa y fuertemente dominada por el Imperialismo Europeo.<\/p>\n<p><strong>\u00a0<\/strong><\/p>\n<p><strong>Es hora de un debate honesto<\/strong><\/p>\n<p>Los movimientos LGBTI, ligados a la clase obrera y a la lucha por el socialismo, deben enfrentar la realidad de la isla con franqueza.<\/p>\n<p>Quienes comparten una visi\u00f3n socialista, en contra de cualquier forma de opresi\u00f3n y a favor de los derechos plenos, a la libertad y a la vida en su esencia (derechos que el capitalismo nunca nos ha dado ni nos dar\u00e1) tienen que saber de qu\u00e9 lado est\u00e1n frente a un r\u00e9gimen que niega derechos b\u00e1sicos apoyado en las ideolog\u00edas m\u00e1s reaccionarias de esta sociedad decadente.<\/p>\n<p>El descalabro estalinista que hizo retroceder todas las conquistas revolucionarias -muchas de ellas pioneras en el mundo, como el derecho al aborto y el fin de las leyes que criminalizaban la homosexualidad- ha dejado sus profundas huellas.<\/p>\n<p>No es de extra\u00f1ar que muchos movimientos surgidos en d\u00e9cadas anteriores, que dicen luchar por los sectores oprimidos, nieguen y demonicen lo que entienden por marxismo, negando, de hecho, la dictadura contrarrevolucionaria estalinista y su legado de persecuci\u00f3n constante a las minor\u00edas en el r\u00e9gimen sovi\u00e9tico.<\/p>\n<p>Consentir los abusos y la discriminaci\u00f3n de la dictadura capitalista de D\u00edaz-Canel demuestra la incapacidad de reconocer que un futuro socialista en Cuba pasa por su derrocamiento. No estar al lado de las mujeres LGBTI en la isla, al igual que negar su derecho a manifestarse o incluso la solidaridad con los presos pol\u00edticos, es negarles el apoyo incondicional que hemos dado a las recientes luchas por la democracia y los derechos, con una fuerte presencia LGBTI, en Colombia, en Chile, en Brasil.<\/p>\n<p>Las valientes voces del 11J demostraron que la libertad de las personas LGBTI en la isla pasa por la libertad de todos los trabajadores y j\u00f3venes. Esta poderosa fuerza, que une a las personas LGBTI como parte de la clase trabajadora en objetivos comunes, es la que destruye las dictaduras y organiza las revoluciones.<\/p>\n<p><strong>&#8211; \u00a1Todo el apoyo a los derechos LGBTI en Cuba!<\/strong><\/p>\n<p><strong>&#8211; \u00a1Libertad para todos los presos pol\u00edticos de la isla!<\/strong><\/p>\n<p><strong>&#8211; \u00a1Fin de la dictadura de D\u00edaz-Canel!<\/strong><\/p>\n<p><strong>&#8211; \u00a1No al bloqueo de Estados Unidos! \u00a1No a la intervenci\u00f3n imperialista en Cuba!<\/strong><\/p>\n<p><a href=\"#_ednref1\" name=\"_edn1\">[i]<\/a> <a href=\"https:\/\/jovencuba.com\/abusos-manifestantes\/\" target=\"_blank\" rel=\"noopener\">https:\/\/jovencuba.com\/abusos-manifestantes\/<\/a><\/p>\n<p><a href=\"#_ednref2\" name=\"_edn2\">[ii]<\/a> <a href=\"https:\/\/www.facebook.com\/litci.cuartainternacional\/photos\/a.985348764829758\/4585050748192857\/\" target=\"_blank\" rel=\"noopener\">https:\/\/www.facebook.com\/litci.cuartainternacional\/photos\/a.985348764829758\/4585050748192857\/<\/a><\/p>\n<p>&nbsp;<\/p>\n<p><a href=\"#_ednref3\" name=\"_edn3\">[iii]<\/a> <a href=\"https:\/\/litci.org\/pt\/repressao-a-uma-marcha-lgbt-em-cuba-ditadura-e-homofobia-no-regime-de-castrista\/\">https:\/\/litci.org\/pt\/repressao-a-uma-marcha-lgbt-em-cuba-ditadura-e-homofobia-no-regime-de-castrista\/<\/a><\/p>\n<p><a href=\"#_ednref4\" name=\"_edn4\">[iv]<\/a> <a href=\"https:\/\/oncubanews.com\/cultura\/pablo-milanes-critica-al-gobierno-y-asegura-confiar-en-el-pueblo-cubano\/\" target=\"_blank\" rel=\"noopener\">https:\/\/oncubanews.com\/cultura\/pablo-milanes-critica-al-gobierno-y-asegura-confiar-en-el-pueblo-cubano\/<\/a><\/p>\n<p><a href=\"#_ednref5\" name=\"_edn5\">[v]<\/a> <a href=\"https:\/\/operamundi.uol.com.br\/politica-e-economia\/26928\/mariela-castro-consenso-e-de-que-homofobia-e-transfobia-sao-incoerentes-com-a-revolucao\" target=\"_blank\" rel=\"noopener\">https:\/\/operamundi.uol.com.br\/politica-e-economia\/26928\/mariela-castro-consenso-e-de-que-homofobia-e-transfobia-sao-incoerentes-com-a-revolucao<\/a><\/p>\n<p><a href=\"#_ednref6\" name=\"_edn6\">[vi]<\/a> <a href=\"https:\/\/www.jornada.com.mx\/2010\/08\/31\/mundo\/026e1mun\" target=\"_blank\" rel=\"noopener\">https:\/\/www.jornada.com.mx\/2010\/08\/31\/mundo\/026e1mun<\/a><\/p>\n<p><a href=\"#_ednref7\" name=\"_edn7\">[vii]<\/a> <a href=\"https:\/\/www.pstu.org.br\/cuba-da-revolucao-a-restauracao-2\/\" target=\"_blank\" rel=\"noopener\">https:\/\/www.pstu.org.br\/cuba-da-revolucao-a-restauracao-2\/<\/a><\/p>\n<p><a href=\"#_ednref1\" name=\"_edn1\">[i]<\/a> \u00abEstado Peligroso\u201d un dispositivo legal cubano para procesar a las personas que son detenidas por presunta prostituci\u00f3n.<\/p>\n<p><a href=\"#_ednref2\" name=\"_edn2\">[ii]<\/a> Testimonios originales en: <a href=\"https:\/\/www.tremendanota.com\/cuba-11-de-julio-de-2021-la-manifestacion-lgbtiq\/\" target=\"_blank\" rel=\"noopener\">https:\/\/www.tremendanota.com\/cuba-11-de-julio-de-2021-la-manifestacion-lgbtiq\/<\/a><\/p>\n<p><a href=\"#_ednref3\" name=\"_edn3\">[iii]<\/a> <a href=\"https:\/\/www.pstu.org.br\/lit-qi-todo-apoio-a-luta-do-povo-cubano\/\" target=\"_blank\" rel=\"noopener\">https:\/\/www.pstu.org.br\/lit-qi-todo-apoio-a-luta-do-povo-cubano\/<\/a><\/p>\n<p><a href=\"#_ednref4\" name=\"_edn4\">[iv]<\/a> <a href=\"https:\/\/litci.org\/pt\/cuba-o-significado-do-dia-zero\/\">https:\/\/litci.org\/pt\/cuba-o-significado-do-dia-zero\/<\/a><\/p>\n<p><a href=\"#_ednref5\" name=\"_edn5\">[v]<\/a> <a href=\"https:\/\/oncubanews.com\/cuba\/sociedad-cuba\/sociedad-sociedad-cuba\/revive-debate-sobre-codigo-de-trabajo-por-revelaciones-de-activista-gay\/\" target=\"_blank\" rel=\"noopener\">https:\/\/oncubanews.com\/cuba\/sociedad-cuba\/sociedad-sociedad-cuba\/revive-debate-sobre-codigo-de-trabajo-por-revelaciones-de-activista-gay\/<\/a><\/p>\n<p><a href=\"#_ednref6\" name=\"_edn6\">[vi]<\/a> <a href=\"https:\/\/www.tremendanota.com\/mujeres-trans-detenidas-en-el-11j-a-las-arbitrariedades-reportadas-se-anade-la-violencia-de-genero\/\" target=\"_blank\" rel=\"noopener\">https:\/\/www.tremendanota.com\/mujeres-trans-detenidas-en-el-11j-a-las-arbitrariedades-reportadas-se-anade-la-violencia-de-genero\/<\/a><\/p>\n<p><a href=\"#_ednref7\" name=\"_edn7\">[vii]<\/a> <a href=\"https:\/\/wipolex.wipo.int\/en\/text\/492002\" target=\"_blank\" rel=\"noopener\">https:\/\/wipolex.wipo.int\/en\/text\/492002<\/a><\/p>\n","protected":false},"excerpt":{"rendered":"<p>Las manifestaciones del 11J contaron con una importante presencia de LGBTI (lesbianas, gays bisexuales, travestis, transexuales e intersexuales) de la isla, que salieron a las calles del pa\u00eds para exigir derechos b\u00e1sicos como la alimentaci\u00f3n, la atenci\u00f3n m\u00e9dica y los preservativos. Asimismo, estaban all\u00ed para cuestionar la violencia policial y la discriminaci\u00f3n en el pa\u00eds.<\/p>\n","protected":false},"author":4,"featured_media":66626,"menu_order":0,"comment_status":"closed","ping_status":"closed","sticky":false,"template":"","format":"standard","meta":{"jetpack_post_was_ever_published":false,"_jetpack_newsletter_access":"","_jetpack_dont_email_post_to_subs":false,"_jetpack_newsletter_tier_id":0,"_jetpack_memberships_contains_paywalled_content":false,"litci_post_political_author":"","_jetpack_memberships_contains_paid_content":false,"footnotes":""},"categories":[8349,2680,5345,5290,2653],"tags":[4081,16771,15471,7747,16772,6584],"class_list":["post-66624","post","type-post","status-publish","format-standard","has-post-thumbnail","hentry","category-debates","category-cuba","category-lgbt","category-opresiones","category-pstu-brasil","tag-cuba-3","tag-dictadura-cubana","tag-gabriela-hipolito","tag-lgbtfobia","tag-regimen-castrista","tag-represion-a-los-trabajadores"],"jetpack_featured_media_url":"https:\/\/i0.wp.com\/litci.org\/es\/wp-content\/uploads\/2021\/08\/Captura-de-pantalla-2000-12-31-a-las-22.05.08.png?fit=506%2C272&ssl=1","fimg_url":"https:\/\/i0.wp.com\/litci.org\/es\/wp-content\/uploads\/2021\/08\/Captura-de-pantalla-2000-12-31-a-las-22.05.08.png?fit=506%2C272&ssl=1","categories_names":["Cuba","Debates","LGBT","Opresiones","PSTU - Brasil"],"author_info":{"name":"Administraci\u00f3n Site","pic":"https:\/\/secure.gravatar.com\/avatar\/1fc4a65db396208ca881747f59a66a20c6b8670747457224753e1e98c43f719b?s=96&d=mm&r=g"},"political_author":null,"tagline":"","jetpack_sharing_enabled":true,"_links":{"self":[{"href":"https:\/\/litci.org\/es\/wp-json\/wp\/v2\/posts\/66624","targetHints":{"allow":["GET"]}}],"collection":[{"href":"https:\/\/litci.org\/es\/wp-json\/wp\/v2\/posts"}],"about":[{"href":"https:\/\/litci.org\/es\/wp-json\/wp\/v2\/types\/post"}],"author":[{"embeddable":true,"href":"https:\/\/litci.org\/es\/wp-json\/wp\/v2\/users\/4"}],"replies":[{"embeddable":true,"href":"https:\/\/litci.org\/es\/wp-json\/wp\/v2\/comments?post=66624"}],"version-history":[{"count":2,"href":"https:\/\/litci.org\/es\/wp-json\/wp\/v2\/posts\/66624\/revisions"}],"predecessor-version":[{"id":67895,"href":"https:\/\/litci.org\/es\/wp-json\/wp\/v2\/posts\/66624\/revisions\/67895"}],"wp:featuredmedia":[{"embeddable":true,"href":"https:\/\/litci.org\/es\/wp-json\/wp\/v2\/media\/66626"}],"wp:attachment":[{"href":"https:\/\/litci.org\/es\/wp-json\/wp\/v2\/media?parent=66624"}],"wp:term":[{"taxonomy":"category","embeddable":true,"href":"https:\/\/litci.org\/es\/wp-json\/wp\/v2\/categories?post=66624"},{"taxonomy":"post_tag","embeddable":true,"href":"https:\/\/litci.org\/es\/wp-json\/wp\/v2\/tags?post=66624"}],"curies":[{"name":"wp","href":"https:\/\/api.w.org\/{rel}","templated":true}]}}