{"id":66547,"date":"2021-08-04T10:15:09","date_gmt":"2021-08-04T10:15:09","guid":{"rendered":"https:\/\/litci.org\/es\/?p=66547"},"modified":"2024-11-03T13:28:06","modified_gmt":"2024-11-03T13:28:06","slug":"la-mujer-en-el-paro-nacional-una-mirada-desde-cartagena","status":"publish","type":"post","link":"https:\/\/litci.org\/es\/la-mujer-en-el-paro-nacional-una-mirada-desde-cartagena\/","title":{"rendered":"La Mujer en el Paro Nacional, una mirada desde Cartagena"},"content":{"rendered":"<p><em>A partir del 28 de abril, como resultado de una convocatoria a paro nacional en contra de una lesiva reforma tributaria, Colombia fue sacudida por una ola de movilizaciones, bloqueos, cortes de ruta durante al menos dos meses. Se vivieron asambleas, ollas comunitarias, se desarrollaron las primeras l\u00edneas y se puso en aprietos al Gobierno de Duque, logrando la derrota de la reforma tributaria, la reforma a la salud, y la ca\u00edda de dos ministros. En este proceso el rol de las mujeres fue fundamental. El Socialista entrevist\u00f3 a Alicia Cardiles, dirigente del Sindicato Nacional de Trabajadores del Sistema Agroalimentario, obrera del at\u00fan, y miembro de la Comisi\u00f3n de la Mujer del Partido Socialista de los Trabajadores de Colombia, quien particip\u00f3 directamente en la lucha en la ciudad de Cartagena.<\/em><!--more--><\/p>\n<p><strong>ES: Alicia, \u00bfCu\u00e1l ha sido el papel de la mujer en el paro nacional a nivel general?<\/strong><\/p>\n<p><strong>AC<\/strong>: Es muy importante en este proceso de ascenso social, reconocer y visibilizar el papel fundamental de la mujer en el marco del Paro Nacional, y tambi\u00e9n denunciar las violaciones m\u00faltiples cometidas en general por el aparato policial y militar contra las mujeres en este proceso de luchas.<\/p>\n<p>Desde antes del estallido social del 28 A del presente a\u00f1o, es decir, desde el proceso que se viene gestando hace varios a\u00f1os con momentos cumbre en el 21N de 2019 y la actualidad, ha sido\u00a0 fundamental el papel de la mujer y sus luchas. En los \u00faltimos a\u00f1os por ejemplo, las mujeres recuperamos la movilizaci\u00f3n callejera del 8M y el 25N, siendo progresivamente m\u00e1s importantes en los \u00faltimos a\u00f1os. De tal forma que no es sorprendente que en esta coyuntura se haya visto m\u00e1s unidad y fortalecimiento entre nosotras las mujeres obreras, j\u00f3venes, feministas, LGTBI, movimientos y mesas de mujeres barriales, artistas, estudiantes y dem\u00e1s, mostrando una mejor organizaci\u00f3n, participaci\u00f3n, en cuanto a preparar y enfrentar la lucha, se trata de un trabajo que se viene gestando y que hoy da importantes frutos. No solo somos parte del ascenso actual sino de su construcci\u00f3n.<\/p>\n<p><strong>ES: \u00bfC\u00f3mo se vivi\u00f3 en\u00a0 Cartagena esta participaci\u00f3n de la mujer en el paro?<\/strong><\/p>\n<p>Durante la preparaci\u00f3n del paro y el paro en Cartagena, se particip\u00f3 activamente en reuniones virtuales del comando departamental de paro, reuniones presenciales en la denominada minga social, con pedagog\u00eda de nuestra pol\u00edtica en los barrios alrededor de la zona industrial de Mamonal y dem\u00e1s barrios populares de Cartagena, denunciando las violencia (violaciones sexuales y de derechos humanos sistem\u00e1ticamente\u00a0 a manos de la polic\u00eda), desapariciones contra la mujer en Cartagena y a nivel nacional. A nivel de acci\u00f3n participamos en movilizaciones, minga de mujeres, conciertos art\u00edsticos, conversatorios, asambleas de mujeres, sancochos comunitarios, barricadas, bloqueos y dem\u00e1s actividades que se dieron.<\/p>\n<p>En los espacios de actividades la presencia de mujeres -sobre todo j\u00f3venes- fue masiva, incluso hubo \u00a0participaci\u00f3n de mujeres en las primeras l\u00edneas y corredores humanitarios de derechos humanos y primeros auxilios, tambi\u00e9n la mujer hizo presencia importante Involucrando a sus familiares e hijos.<\/p>\n<p><strong>ES: Nos han comentado que tuvieron que lidiar con el machismo y el acoso en los propios espacios de lucha, este es un debate muy vigente. \u00bfC\u00f3mo lidiaron con esta situaci\u00f3n?<\/strong><\/p>\n<p><strong>AC<\/strong>: Efectivamente tuvimos la dificultad en algunos espacios presenciales por la presencia de algunos agresores machitas, a los cuales las compa\u00f1eras en su momento los hab\u00edan denunciado p\u00fablicamente dentro del movimiento. Ante esto, se hizo el debate y tuvimos la postura de que estos agresores no pod\u00edan estar liderando nuestros espacios y organizaciones de lucha colectiva, \u00a0al tener antecedentes de acoso o agresi\u00f3n sexual o ser casos en investigaci\u00f3n fue foco de peligro y temor para nosotras, en algunos casos se consigui\u00f3 que se retiraran del espacio y las vocer\u00edas y as\u00ed logramos participar activamente de las tareas que se programaron.<\/p>\n<p><strong>ES: \u00bfCu\u00e1les son los principales puntos por los que las mujeres luchan espec\u00edficamente<\/strong>?<\/p>\n<p>En muchos de estos espacios, exig\u00edamos al estado y gobierno nuestros derechos, manifestando desde las necesidades m\u00e1s b\u00e1sicas hasta las dificultades m\u00e1s sentidas de todas las mujeres \u2013 y de los trabajadores y los pobres en general- originadas por la desigualdad social, exigiendo la derogatoria de la reforma tributaria, el 1174 y otras \u00a0medidas tomadas por este Gobierno contra nuestra clase. En el caso de las mujeres del d\u00eda a d\u00eda, denunciamos que estamos sometidas a horarios extendidos, menores salarios y a ambientes donde permanentemente se presentan agresiones f\u00edsicas, verbales, sexuales, intimidaciones, amenazas de todo tipo de represi\u00f3n.\u00a0 Tambi\u00e9n seguimos sometidas a la doble jornada laboral con los oficios dom\u00e9sticos, todas estas situaciones empeoraron con la pandemia.<\/p>\n<p><strong>ES:\u00bfQu\u00e9 logros o avances puedes resaltar en cuanto a la lucha de la mujer cartagenera en el paro?<\/strong><\/p>\n<p><strong>AC: \u00a0<\/strong>a pesar de toda la opresi\u00f3n y agresiones contra las mujeres, esto no evit\u00f3 que nosotras sigui\u00e9ramos con nuestras tareas, en lo organizativo logramos tener un canal de comunicaci\u00f3n permanente entre mujeres para el auto cuidado teniendo en cuenta la pr\u00e1ctica criminal hist\u00f3rica del Estado burgu\u00e9s en Colombia. Tambi\u00e9n en medio de esta coyuntura se logr\u00f3 visibilizar el caso de la joven ALEXANDRITH SARMIENTO ARROYO, quien se encuentra desaparecida hace m\u00e1s de 3 meses, en este caso se logr\u00f3 que la fiscal\u00eda capturara al principal sospechoso de esta desaparici\u00f3n forzada.<\/p>\n<p>Un aspecto muy importante de este proceso fue lograr articularnos otros movimientos y organizaciones de mujeres en la ciudad, pues como mujeres obreras nunca hab\u00edamos tenido contactos tan cerca con otras compa\u00f1eras que luchan por causas en com\u00fan con nosotras, logramos tejer lazos de unidad y espacios de participaci\u00f3n colectivos que nos permitir\u00e1n mejores niveles de organizaci\u00f3n para continuar las luchas.<\/p>\n<p>\u2026\u2026\u2026\u2026\u2026\u2026\u2026\u2026<\/p>\n<p><strong>Cifras de la Violencia contra las Mujeres en el Paro Nacional<\/strong><\/p>\n<p>2 mujeres asesinadas por la polic\u00eda<\/p>\n<p>Al menos 28 agresiones sexuales por parte de la fuerza p\u00fablica, y al menos tres casos cometidos por civiles en el marco de las protestas<\/p>\n<p>106 casos reportados como \u201cviolencia basada en g\u00e9nero\u201d contra mujeres y personas LGBTI<\/p>\n<p>Al menos dos videos de polic\u00edas y militares incitando a violar a las manifestantes<\/p>\n<p>491 mujeres v\u00edctimas de brutalidad policial (golpes, detenci\u00f3n arbitraria)<\/p>\n","protected":false},"excerpt":{"rendered":"<p>A partir del 28 de abril, como resultado de una convocatoria a paro nacional en contra de una lesiva reforma tributaria, Colombia fue sacudida por una ola de movilizaciones, bloqueos, cortes de ruta durante al menos dos meses. Se vivieron asambleas, ollas comunitarias, se desarrollaron las primeras l\u00edneas y se puso en aprietos al Gobierno [&hellip;]<\/p>\n","protected":false},"author":5,"featured_media":66548,"menu_order":0,"comment_status":"closed","ping_status":"closed","sticky":false,"template":"","format":"standard","meta":{"jetpack_post_was_ever_published":false,"_jetpack_newsletter_access":"","_jetpack_dont_email_post_to_subs":false,"_jetpack_newsletter_tier_id":0,"_jetpack_memberships_contains_paywalled_content":false,"litci_post_political_author":"","_jetpack_memberships_contains_paid_content":false,"footnotes":""},"categories":[2678,2738],"tags":[2949,2828,3722],"class_list":["post-66547","post","type-post","status-publish","format-standard","has-post-thumbnail","hentry","category-colombia","category-mujeres","tag-colombia-2","tag-mujeres-2","tag-paro-nacional"],"jetpack_featured_media_url":"https:\/\/i0.wp.com\/litci.org\/es\/wp-content\/uploads\/2021\/08\/Protestas-paro-nacional-ph-EFE.jpg?fit=1280%2C851&ssl=1","fimg_url":"https:\/\/i0.wp.com\/litci.org\/es\/wp-content\/uploads\/2021\/08\/Protestas-paro-nacional-ph-EFE.jpg?fit=1280%2C851&ssl=1","categories_names":["Colombia","Mujeres"],"author_info":{"name":"Kely","pic":"https:\/\/secure.gravatar.com\/avatar\/19003bf6219614b90207b39bd4a2733ce9cf96693efdfd639b15a829beed53d1?s=96&d=mm&r=g"},"political_author":null,"tagline":"","jetpack_sharing_enabled":true,"_links":{"self":[{"href":"https:\/\/litci.org\/es\/wp-json\/wp\/v2\/posts\/66547","targetHints":{"allow":["GET"]}}],"collection":[{"href":"https:\/\/litci.org\/es\/wp-json\/wp\/v2\/posts"}],"about":[{"href":"https:\/\/litci.org\/es\/wp-json\/wp\/v2\/types\/post"}],"author":[{"embeddable":true,"href":"https:\/\/litci.org\/es\/wp-json\/wp\/v2\/users\/5"}],"replies":[{"embeddable":true,"href":"https:\/\/litci.org\/es\/wp-json\/wp\/v2\/comments?post=66547"}],"version-history":[{"count":2,"href":"https:\/\/litci.org\/es\/wp-json\/wp\/v2\/posts\/66547\/revisions"}],"predecessor-version":[{"id":66550,"href":"https:\/\/litci.org\/es\/wp-json\/wp\/v2\/posts\/66547\/revisions\/66550"}],"wp:featuredmedia":[{"embeddable":true,"href":"https:\/\/litci.org\/es\/wp-json\/wp\/v2\/media\/66548"}],"wp:attachment":[{"href":"https:\/\/litci.org\/es\/wp-json\/wp\/v2\/media?parent=66547"}],"wp:term":[{"taxonomy":"category","embeddable":true,"href":"https:\/\/litci.org\/es\/wp-json\/wp\/v2\/categories?post=66547"},{"taxonomy":"post_tag","embeddable":true,"href":"https:\/\/litci.org\/es\/wp-json\/wp\/v2\/tags?post=66547"}],"curies":[{"name":"wp","href":"https:\/\/api.w.org\/{rel}","templated":true}]}}