{"id":66306,"date":"2021-07-05T16:55:59","date_gmt":"2021-07-05T16:55:59","guid":{"rendered":"https:\/\/litci.org\/es\/?p=66306"},"modified":"2024-11-03T13:28:10","modified_gmt":"2024-11-03T13:28:10","slug":"el-campo-progresista-es-un-campo-de-la-burguesia","status":"publish","type":"post","link":"https:\/\/litci.org\/es\/el-campo-progresista-es-un-campo-de-la-burguesia\/","title":{"rendered":"El \u201ccampo progresista\u201d es un campo de la burgues\u00eda"},"content":{"rendered":"<p><em>En el transcurso de los siete art\u00edculos de esta serie tratamos de explicar y polemizar con las diferentes propuestas que constituyen el programa de los partidos y corrientes que se autodenominan \u201cprogresistas\u201d.<\/em><!--more--><\/p>\n<p>Por: Bernardo Cerdeira<\/p>\n<p>Buscamos demostrar que propuestas tales como la distribuci\u00f3n de renta, justicia social, tributaci\u00f3n de los ricos, inclusi\u00f3n de los oprimidos, capitalismo racional, \u201cvivir bien\u201d, solidaridad de los pa\u00edses ricos con los pa\u00edses pobres, y otras, pueden ser bien intencionadas pero son ilusorias, precarias, temporarias y, por lo tanto, no solucionan la situaci\u00f3n de los trabajadores y explotados cuando aplicadas en el interior del sistema capitalista mundial, caracterizado por la explotaci\u00f3n y la opresi\u00f3n.<\/p>\n<p><em><strong>Lea los art\u00edculos anteriores en este mismo sitio<\/strong><br \/>\n<\/em>El progresismo y la ilusi\u00f3n con la solidaridad de los pa\u00edses imperialistas<br \/>\nEl progresismo y la \u201cinclusi\u00f3n\u201d de los oprimidos<br \/>\nProgresismo, reformismo y socialismo<br \/>\nLas ilusiones sobre la distribuci\u00f3n de la renta<br \/>\nEl \u00abprogresismo\u00bb y la idea de un capitalismo racional y consciente<br \/>\nProgresismo: el \u201cbuen vivir\u201d solo es posible con el fin del capitalismo<\/p>\n<p>Ahora, en el art\u00edculo final de esta serie, analizaremos la naturaleza del llamado \u201ccampo progresista\u201d, en el Brasil y en el mundo, y explicaremos qu\u00e9 es la \u201cteor\u00eda de los campos\u201d que fundamenta esa propuesta pol\u00edtica.<\/p>\n<p>El \u201ccampo progresista\u201d, seg\u00fan sus propios componentes, est\u00e1 formado por partidos de izquierda (como el PT, PCdoB y PSOL), otros partidos que son de izquierda en el nombre pero en realidad son burgueses (como PDT y PSB); centrales sindicales, movimientos sociales (como MTST, MST, CMP, Marcha de Mujeres, Coalici\u00f3n Negra), ONGs, y sectores de la burgues\u00eda liberal.<\/p>\n<p><strong>Campo progresista hoy<\/strong><\/p>\n<p>Hoy en d\u00eda, el \u201ccampo progresista\u201d liderado por Lula defiende un Frente Amplio con las fuerzas de \u201ccentro derecha\u201d, o de la derecha \u201ccivilizada\u201d o derecha \u201cdemocr\u00e1tica\u201d (sea lo que fuere que eso significa) para derrotar a Bolsonaro. Ese Frente Amplio incluir\u00eda hasta el PSD de Gilberto Kassab, Alexandre Kalil, el intendente de Belo Horizonte (Minas Gerais); Rodrigo Maia; Eduardo Paes; sectores del MDB, como Renan Calheiros, Jos\u00e9 Sarney, Roberto Requi\u00e3o, y otros.<\/p>\n<p>La justificativa para esa alianza, seg\u00fan el diputado Marcelo Freixo \u2013que recientemente dej\u00f3 el PSOL para adherir al PSB y, seg\u00fan \u00e9l, ser el candidato de ese Frente Amplio al gobierno del Estado de Rio de Janeiro\u2013 es que se trata de una lucha entre la \u201ccivilizaci\u00f3n\u201d y la barbarie, representada por el \u201cfascismo\u201d agrupado alrededor de Jair Bolsonaro.<\/p>\n<p><strong>Unidad de acci\u00f3n para derrotar a Bolsonaro<\/strong><\/p>\n<p>Vamos a analizar esos argumentos, uno por uno. En primer lugar, no tenemos duda de que Bolsonaro es la cara m\u00e1s brutal de la barbarie capitalista por todo lo que representa: la pol\u00edtica genocida en relaci\u00f3n con la pandemia; el \u201cnegacionismo\u201d de la ciencia; los ataques a los trabajadores y sectores oprimidos (mujeres, negros, ind\u00edgenas, LGBTs); y los ataques a la libertades democr\u00e1ticas.<\/p>\n<p>Tambi\u00e9n est\u00e1 claro que el proyecto de Bolsonaro es implantar una dictadura militar en el Brasil, si consigue reunir condiciones para eso. Por todo eso, estamos de acuerdo con que es preciso derrotar a Bolsonaro. Eso es URGENTE e inmediato. Estaremos juntos con cualquier sector u organizaci\u00f3n que est\u00e9 dispuesto a movilizar, a luchar para defender las libertades democr\u00e1ticas y derrocar este gobierno, \u00a1Fuera Bolsonaro y Mour\u00e3o!<\/p>\n<p>Pero, a partir de ah\u00ed, aparece una primera divergencia. La principal forma de derrotar a Bolsonaro no es en las elecciones que son de aqu\u00ed a un a\u00f1o y medio, sino s\u00ed sacarlo YA, y eso solo puede hacerse con movilizaciones de masa, en las calles, a ejemplo de los actos del 29 de mayo y el 19 de junio, intensificando esas luchas y combin\u00e1ndolas con una huelga general sanitaria.<\/p>\n<div id=\"attachment_66307\" style=\"width: 1078px\" class=\"wp-caption alignnone\"><img data-recalc-dims=\"1\" loading=\"lazy\" decoding=\"async\" aria-describedby=\"caption-attachment-66307\" class=\"wp-image-66307 size-full\" src=\"https:\/\/i0.wp.com\/litci.org\/es\/wp-content\/uploads\/2021\/07\/vale_paraiba_Roosevelt-CassioSindmetalsjc-1068x712-1.jpg?resize=1068%2C712&#038;ssl=1\" alt=\"\" width=\"1068\" height=\"712\" srcset=\"https:\/\/i0.wp.com\/litci.org\/es\/wp-content\/uploads\/2021\/07\/vale_paraiba_Roosevelt-CassioSindmetalsjc-1068x712-1.jpg?w=1068&amp;ssl=1 1068w, https:\/\/i0.wp.com\/litci.org\/es\/wp-content\/uploads\/2021\/07\/vale_paraiba_Roosevelt-CassioSindmetalsjc-1068x712-1.jpg?resize=300%2C200&amp;ssl=1 300w, https:\/\/i0.wp.com\/litci.org\/es\/wp-content\/uploads\/2021\/07\/vale_paraiba_Roosevelt-CassioSindmetalsjc-1068x712-1.jpg?resize=1024%2C683&amp;ssl=1 1024w, https:\/\/i0.wp.com\/litci.org\/es\/wp-content\/uploads\/2021\/07\/vale_paraiba_Roosevelt-CassioSindmetalsjc-1068x712-1.jpg?resize=768%2C512&amp;ssl=1 768w, https:\/\/i0.wp.com\/litci.org\/es\/wp-content\/uploads\/2021\/07\/vale_paraiba_Roosevelt-CassioSindmetalsjc-1068x712-1.jpg?resize=630%2C420&amp;ssl=1 630w, https:\/\/i0.wp.com\/litci.org\/es\/wp-content\/uploads\/2021\/07\/vale_paraiba_Roosevelt-CassioSindmetalsjc-1068x712-1.jpg?resize=640%2C427&amp;ssl=1 640w, https:\/\/i0.wp.com\/litci.org\/es\/wp-content\/uploads\/2021\/07\/vale_paraiba_Roosevelt-CassioSindmetalsjc-1068x712-1.jpg?resize=681%2C454&amp;ssl=1 681w\" sizes=\"auto, (max-width: 1000px) 100vw, 1000px\" \/><p id=\"caption-attachment-66307\" class=\"wp-caption-text\">Acto en S\u00e3o Jos\u00e9 dos Campos. Foto: Roosevelt Cassio.<\/p><\/div>\n<p><strong>Tragedia: la barbarie del capitalismo<\/strong><\/p>\n<p>Pero, la tarea de los trabajadores y de los sectores populares no termina con el fin de este gobierno nefasto. Bolsonaro es una cara brutal de la barbarie, pero es solo una expresi\u00f3n de ella. La verdadera barbarie es el capitalismo. La pandemia revel\u00f3 en forma aguda lo que hoy es un hecho evidente: el capitalismo est\u00e1 llevando a la humanidad al abismo.<\/p>\n<p>La crisis sanitaria, el verdadero genocidio que afecta a millones de personas que no tienen acceso a las vacunas y al sistema de salud; la crisis econ\u00f3mica y social, el desempleo, el hambre, la precariedad laboral; la destrucci\u00f3n de la naturaleza y el calentamiento global; la violencia y la represi\u00f3n de gobiernos cada vez m\u00e1s autoritarios, todo eso muestra que o acabamos con el sistema capitalista o el capitalismo terminar\u00e1 de empujar al g\u00e9nero humano y a todo el planeta a la barbarie.<\/p>\n<p>La clase trabajadora, unida a todos los sectores explotados y oprimidos, es la \u00fanica que puede acabar con este sistema porque no tiene propiedades ni riquezas que perder con su fin.<\/p>\n<p>La burgues\u00eda, o sea, la clase propietaria de las multinacionales, de las grandes empresas industriales y comerciales y de los grandes bancos de todo el mundo, aliada con los militares, funcionarios privilegiados y pol\u00edticos corruptos, lucha para mantener esta situaci\u00f3n a costa de la explotaci\u00f3n de los trabajadores. Para eso, usa los gobiernos y las fuerzas armadas para reprimir cuando los explotados y oprimidos se insurreccionan contra esa situaci\u00f3n o se levantan contra ella.<\/p>\n<p>Para los socialistas, la sociedad capitalista se divide en clases y las principales son la burgues\u00eda y la clase trabajadora. Existen dos campos de clase. En un campo, la burgues\u00eda, incluyendo todos los sectores, tambi\u00e9n los liberales, y el imperialismo. En el campo opuesto, est\u00e1n el proletariado, los sectores populares, campesinos, y todos los explotados.<\/p>\n<p>Hay una lucha de clases permanente entre esos dos campos. Ese es el verdadero enfrentamiento. Eso es lo que explica todos los conflictos y luchas en todo el mundo. Pero, si la lucha es entre clases, \u00bfd\u00f3nde queda el tal \u201ccampo progresista\u201d, o su versi\u00f3n actual, el tal Frente Amplio?<\/p>\n<p><strong>Colaboraci\u00f3n de clase. \u00bfQu\u00e9 es el \u201ccampo progresista\u201d?\u201c<\/strong><\/p>\n<p>La \u201cteor\u00eda de los campos\u201d toma como base la idea de que la sociedad no est\u00e1 dividida en campos de clase, sino s\u00ed entre un \u201ccampo reaccionario\u201d formado por la burgues\u00eda reaccionaria, por los fascistas, por los golpistas, etc., y por un \u201ccampo progresista\u201d donde estar\u00edan los partidos de izquierda, las organizaciones del movimiento popular, la burgues\u00eda liberal y el imperialismo \u201cdemocr\u00e1tico\u201d.<\/p>\n<p>Esa \u201cteor\u00eda\u201d no es nueva, ya tiene m\u00e1s de un siglo. Los mencheviques defendieron un \u201ccampo progresivo\u201d para derrotar al zar, durante la Revoluci\u00f3n Rusa. En 1935, en el VII Congreso de la Internacional Comunista, el estalinismo elev\u00f3 la teor\u00eda de los \u201ccampos\u201d al \u00e1mbito internacional con la pol\u00edtica de Frente Popular adoptada, que deber\u00eda unir en un mismo campo todas las fuerzas \u201cdemocr\u00e1ticas y progresistas\u201d (incluso el imperialismo \u201cdemocr\u00e1tico\u201d, ingl\u00e9s, franc\u00e9s y norteamericano) para enfrentar el fascismo. Tambi\u00e9n defendieron formar frentes con la burgues\u00eda \u201cnacional\u201d en los pa\u00edses perif\u00e9ricos.<\/p>\n<p><strong>L\u00edmites<\/strong><\/p>\n<p>El problema es que el \u201ccampo progresista\u201d es un campo de clara defensa del sistema capitalista porque, en la medida en que la burgues\u00eda participa, impone un l\u00edmite claro: respeto a la propiedad privada, el mercado, la ganancia, respeto a las instituciones del Estado burgu\u00e9s, y la represi\u00f3n a cualquier lucha que se dirija contra cualquiera de esos pilares del capitalismo.<\/p>\n<p>Un Frente Amplio a\u00fan m\u00e1s Amplio defender\u00e1, sin duda, pol\u00edticas neoliberales tales como la reforma de la previsi\u00f3n, la reforma laboral, la ley de tercerizaciones y las privatizaciones. Ese es claramente el programa de figuras como Rodrigo Maia, Gilberto Kassab, Eduardo Paes, y otros.<\/p>\n<p>El \u201ccampo progresista\u201d y, m\u00e1s a\u00fan un Frente Amplio, es un frente de colaboraci\u00f3n de clases entre la burgues\u00eda y los partidos y organizaciones oportunistas de trabajadores. O sea, un frente com\u00fan de colaboraci\u00f3n pol\u00edtica con el enemigo de clase con el \u00fanico objetivo de impedir o desviar las luchas de los trabajadores y de los sectores populares que puedan aproximarse a la revoluci\u00f3n socialista.<\/p>\n<p><strong>Proyecto de gobierno<\/strong><\/p>\n<p>El papel reaccionario del \u201ccampo progresista\u201d se acent\u00faa al m\u00e1ximo cuando este llega al gobierno porque pasa a ser el l\u00edder del \u201ccampo\u201d capitalista, ya que ejerce el poder del Estado burgu\u00e9s y lo defiende. La larga experiencia de 13 a\u00f1os de los gobiernos Lula y Dilma muestran eso con claridad: pol\u00edticas neoliberales en la econom\u00eda, involucramiento con la corrupci\u00f3n, atadura del movimiento sindical y popular, y reformas m\u00ednimas que ni siquiera se consolidaron.<\/p>\n<p>No obstante, frente a las barbaridades del gobierno Bolsonaro muchos compa\u00f1eros que quieren derrocarlo preguntan: \u00bfno ser\u00eda correcto formar un Frente Amplio con todos los que est\u00e1n contra Bolsonaro, incluso hasta con los burgueses, para vencer las elecciones de 2022? \u00bfEs eso derrotar primero el \u201cfascismo\u201d, uniendo a todos los \u201cdem\u00f3cratas\u201d? \u00bfUn Frente de la \u201ccivilizaci\u00f3n\u201d contra la barbarie, como alega Marcelo Freixo?<\/p>\n<p>El problema es que el \u201ccampo progresista\u201d o un Frente Amplio para las elecciones de 2022 no se limitar\u00e1 a derrotar a Bolsonaro. Ser\u00e1, principalmente, un proyecto pol\u00edtico burgu\u00e9s para gobernar durante cuatro a\u00f1os, y ese proyecto ser\u00e1 necesariamente neoliberal.<\/p>\n<p>\u00bfAlguien cree que Rodrigo Maia, Kassab, Renan Calheiros o Kalil van a enfrentar la barbarie y luchar por una misi\u00f3n \u201ccivilizadora\u201d o, por el contrario, van a defender con u\u00f1as y dientes las contrarreformas neoliberales que ya vienen aplicando?<\/p>\n<p><strong>Lucha de clases. Independencia de clase para preparar el camino de la Revoluci\u00f3n Socialista<\/strong><\/p>\n<div id=\"attachment_66308\" style=\"width: 1078px\" class=\"wp-caption alignnone\"><img data-recalc-dims=\"1\" loading=\"lazy\" decoding=\"async\" aria-describedby=\"caption-attachment-66308\" class=\"size-full wp-image-66308\" src=\"https:\/\/i0.wp.com\/litci.org\/es\/wp-content\/uploads\/2021\/07\/roosevelt_cassio-2-1068x712-1.jpg?resize=1068%2C712&#038;ssl=1\" alt=\"\" width=\"1068\" height=\"712\" srcset=\"https:\/\/i0.wp.com\/litci.org\/es\/wp-content\/uploads\/2021\/07\/roosevelt_cassio-2-1068x712-1.jpg?w=1068&amp;ssl=1 1068w, https:\/\/i0.wp.com\/litci.org\/es\/wp-content\/uploads\/2021\/07\/roosevelt_cassio-2-1068x712-1.jpg?resize=300%2C200&amp;ssl=1 300w, https:\/\/i0.wp.com\/litci.org\/es\/wp-content\/uploads\/2021\/07\/roosevelt_cassio-2-1068x712-1.jpg?resize=1024%2C683&amp;ssl=1 1024w, https:\/\/i0.wp.com\/litci.org\/es\/wp-content\/uploads\/2021\/07\/roosevelt_cassio-2-1068x712-1.jpg?resize=768%2C512&amp;ssl=1 768w, https:\/\/i0.wp.com\/litci.org\/es\/wp-content\/uploads\/2021\/07\/roosevelt_cassio-2-1068x712-1.jpg?resize=630%2C420&amp;ssl=1 630w, https:\/\/i0.wp.com\/litci.org\/es\/wp-content\/uploads\/2021\/07\/roosevelt_cassio-2-1068x712-1.jpg?resize=640%2C427&amp;ssl=1 640w, https:\/\/i0.wp.com\/litci.org\/es\/wp-content\/uploads\/2021\/07\/roosevelt_cassio-2-1068x712-1.jpg?resize=681%2C454&amp;ssl=1 681w\" sizes=\"auto, (max-width: 1000px) 100vw, 1000px\" \/><p id=\"caption-attachment-66308\" class=\"wp-caption-text\">Detalle del 19J en S\u00e3o Jos\u00e9 dos Campos. Foto: Roosevelt Cassio\/SindmetalSJC.<\/p><\/div>\n<p>Existen conflictos y choques entre diferentes sectores burgueses, pero la clase obrera debe aprovechar esas contradicciones para fortalecer su lucha y su independencia y no para apoyar un campo burgu\u00e9s, por m\u00e1s que este se coloque como \u201cprogresista\u201d.<\/p>\n<p>A veces, ese enfrentamiento entre sectores burgueses puede llegar hasta un enfrentamiento armado, como un golpe militar o un movimiento fascista. Un partido socialista revolucionario puede luchar en unidad de acci\u00f3n junto al sector burgu\u00e9s que est\u00e1 contra el fascismo o el golpe. Pero, siempre debe tener claro, y alertar a los trabajadores, que los dos campos son burgueses y, por lo tanto, contrarrevolucionarios, y despu\u00e9s de derrotar el fascismo ser\u00e1 preciso enfrentar el campo \u201cprogresista\u201d.<\/p>\n<p>Una organizaci\u00f3n socialista revolucionaria que abandona la pol\u00edtica de independencia de clase y termina por apoyar un frente de conciliaci\u00f3n de clases con nuestros peores enemigos acaba adoptando la teor\u00eda de los campos como base de su pol\u00edtica. En el Brasil, ese peligro est\u00e1 planteado m\u00e1s que nunca con la constituci\u00f3n del Frente Amplio encabezado por Lula. Rechazar ese frente de colaboraci\u00f3n de clases ser\u00e1 el desaf\u00edo y una prueba para las organizaciones revolucionarias en el pr\u00f3ximo per\u00edodo.<\/p>\n<p>Art\u00edculo publicado en <a href=\"http:\/\/www.pstu.org.br\" target=\"_blank\" rel=\"noopener\">www.pstu.org.br<\/a>, 30\/6\/2021.-<br \/>\nTraducci\u00f3n: Natalia Estrada.<\/p>\n","protected":false},"excerpt":{"rendered":"<p>En el transcurso de los siete art\u00edculos de esta serie tratamos de explicar y polemizar con las diferentes propuestas que constituyen el programa de los partidos y corrientes que se autodenominan \u201cprogresistas\u201d.<\/p>\n","protected":false},"author":4,"featured_media":66309,"menu_order":0,"comment_status":"closed","ping_status":"closed","sticky":false,"template":"","format":"standard","meta":{"jetpack_post_was_ever_published":false,"_jetpack_newsletter_access":"","_jetpack_dont_email_post_to_subs":false,"_jetpack_newsletter_tier_id":0,"_jetpack_memberships_contains_paywalled_content":false,"litci_post_political_author":"","_jetpack_memberships_contains_paid_content":false,"footnotes":""},"categories":[8349,2676,12300],"tags":[5069,16694,3389,15292,3900,13592,16305,3252,7201],"class_list":["post-66306","post","type-post","status-publish","format-standard","has-post-thumbnail","hentry","category-debates","category-brasil","category-electoral","tag-bernardo-cerdeira","tag-campo-progresista","tag-capitalismo","tag-elecciones-2022","tag-frente-amplio","tag-gobierno-bolsonaro","tag-progresismo","tag-reformismo","tag-teoria-de-los-campos"],"jetpack_featured_media_url":"https:\/\/i0.wp.com\/litci.org\/es\/wp-content\/uploads\/2021\/07\/frente_ampla-696x418-1.jpg?fit=696%2C418&ssl=1","fimg_url":"https:\/\/i0.wp.com\/litci.org\/es\/wp-content\/uploads\/2021\/07\/frente_ampla-696x418-1.jpg?fit=696%2C418&ssl=1","categories_names":["Brasil","Debates","Electoral"],"author_info":{"name":"Administraci\u00f3n Site","pic":"https:\/\/secure.gravatar.com\/avatar\/1fc4a65db396208ca881747f59a66a20c6b8670747457224753e1e98c43f719b?s=96&d=mm&r=g"},"political_author":null,"tagline":"","jetpack_sharing_enabled":true,"_links":{"self":[{"href":"https:\/\/litci.org\/es\/wp-json\/wp\/v2\/posts\/66306","targetHints":{"allow":["GET"]}}],"collection":[{"href":"https:\/\/litci.org\/es\/wp-json\/wp\/v2\/posts"}],"about":[{"href":"https:\/\/litci.org\/es\/wp-json\/wp\/v2\/types\/post"}],"author":[{"embeddable":true,"href":"https:\/\/litci.org\/es\/wp-json\/wp\/v2\/users\/4"}],"replies":[{"embeddable":true,"href":"https:\/\/litci.org\/es\/wp-json\/wp\/v2\/comments?post=66306"}],"version-history":[{"count":1,"href":"https:\/\/litci.org\/es\/wp-json\/wp\/v2\/posts\/66306\/revisions"}],"predecessor-version":[{"id":66310,"href":"https:\/\/litci.org\/es\/wp-json\/wp\/v2\/posts\/66306\/revisions\/66310"}],"wp:featuredmedia":[{"embeddable":true,"href":"https:\/\/litci.org\/es\/wp-json\/wp\/v2\/media\/66309"}],"wp:attachment":[{"href":"https:\/\/litci.org\/es\/wp-json\/wp\/v2\/media?parent=66306"}],"wp:term":[{"taxonomy":"category","embeddable":true,"href":"https:\/\/litci.org\/es\/wp-json\/wp\/v2\/categories?post=66306"},{"taxonomy":"post_tag","embeddable":true,"href":"https:\/\/litci.org\/es\/wp-json\/wp\/v2\/tags?post=66306"}],"curies":[{"name":"wp","href":"https:\/\/api.w.org\/{rel}","templated":true}]}}