{"id":66149,"date":"2021-06-21T11:44:38","date_gmt":"2021-06-21T11:44:38","guid":{"rendered":"https:\/\/litci.org\/es\/?p=66149"},"modified":"2024-11-03T13:28:12","modified_gmt":"2024-11-03T13:28:12","slug":"sobre-la-salida-de-marcelo-freixo-del-psol","status":"publish","type":"post","link":"https:\/\/litci.org\/es\/sobre-la-salida-de-marcelo-freixo-del-psol\/","title":{"rendered":"Brasil | Sobre la salida de Marcelo Freixo del PSOL"},"content":{"rendered":"<p><em>El anuncio de la salida de Marcelo Freixo del PSOL este 11 de junio fue, sin duda, la cr\u00f3nica de una ruptura anunciada. Hace semanas, por lo menos, que Freixo negociaba p\u00fablicamente con diversos partidos, incluso habiendo comentado m\u00e1s de una vez en la prensa que estaba sondando distintas siglas, como PT, PSB, PDT, etc.<\/em><!--more--><\/p>\n<p>Por Cyro Garcia<\/p>\n<p>En el inicio de la pandemia, Freixo comenz\u00f3 una nueva fase. Afirmando que estamos bajo un gobierno fascista, pas\u00f3 a defender cada vez m\u00e1s abiertamente la construcci\u00f3n de un frente ampl\u00edsimo. En una entrevista para Sakamoto, de la UOL, defendi\u00f3, por primera vez que, incluso teniendo diferencias, personas como Rodrigo Maia [ex presidente de la C\u00e1mara de Diputados] y Eduardo Paes [ex gobernador de Rio de Janeiro] eran aliados, como mucho adversarios, y no enemigos.<\/p>\n<p>En los meses siguientes, y con la aproximaci\u00f3n de las elecciones municipales, Freixo intent\u00f3 un frente con los diversos partidos de la izquierda fluminense. Sin embargo, su pol\u00edtica fracas\u00f3, lo que lo llev\u00f3 a una especie de boicot al PSOL. Freixo no solo se neg\u00f3 a ser candidato de este partido, lo que llev\u00f3 a uno de los peores resultados mayoritarios en Rio de Janeiro de los \u00faltimos diez a\u00f1os sino, incluso, pidi\u00f3 el voto para un candidato a concejal de Cidadania [Cuidadan\u00eda].<\/p>\n<p>La gota que rebas\u00f3 el vaso, aparentemente, fue la discusi\u00f3n del diputado de condicionar su candidatura a gobernador del Estado de Rio de Janeiro a un abanico de alianzas que incluyese no solo PDT, PSB y PT sino tambi\u00e9n Eduardo Paes y Rodrigo Maia, y todos los sectores burgueses \u201cdem\u00f3cratas\u201d que est\u00e9n dispuestos a enfrentar a Bolsonaro en lo que hace a la defensa del r\u00e9gimen democr\u00e1tico burgu\u00e9s, o del capitalismo como \u201cEstado Democr\u00e1tico de Derecho\u201d y punto.<\/p>\n<p>En ese concepto ampl\u00edsimo, poco importa a Freixo que esos supuestos dem\u00f3cratas hayan apoyado y apoyen en gran medida el proyecto econ\u00f3mico de Guedes\/Bolsonaro, como las reformas previsional y laboral, por ejemplo, como Maia, que por ese motivo, adem\u00e1s, vot\u00f3 y llam\u00f3 a votar este gobierno en 2018. El criterio es tan amplio que surgi\u00f3 hasta una amplia broma que dec\u00eda que, si Bolsonaro pidiese disculpas, \u00e9l tambi\u00e9n podr\u00eda componer un frente ampl\u00edsimo contra el bolsonarismo.<\/p>\n<p>No obstante, es bueno que se diga, Freixo hizo un movimiento de este tipo \u2013de apoyo al capitalismo y al \u201cEstado Capitalista de Derecho\u201d\u2013 hace mucho m\u00e1s tiempo. Podemos citar, sin agotar el tema, su apoyo a las UPP\u2019s (Unidades de Polic\u00eda Pacificadora), exigiendo que ellas fuesen sociales y no solamente policiales. O su defensa de las OS\u2019s (Organizaciones Sociales), y de las PPP\u2019s (Parcer\u00edas [Asociaciones] P\u00fablico\/Privadas). Igualmente, defendi\u00f3 el financiamiento privado de campa\u00f1a por empresas y grandes burgueses, tanto en su propia causa como de otras candidaturas (como la de Wesley en la Bajada Fluminense).<\/p>\n<p>La reacci\u00f3n del PSOL a todas esas pol\u00edticas de Freixo, de sus innumerables declaraciones p\u00fablicas de intenciones, fue nula o casi eso. Freixo, desde adentro del PSOL, tuvo total libertad para seguir defendiendo esas propuestas con cada vez m\u00e1s osad\u00eda. Al final, sali\u00f3 del PSOL porque quiso y no porque el PSOL le haya impuesto cualquier l\u00edmite. Adem\u00e1s, como afirm\u00f3 el periodista Glenn Greenwald en la revista <em>Carta Capital<\/em>: <em>\u201cEl movimiento de Freixo no es sorprendente \u2013se oyen rumores hace semanas\u2026 (\u2026) Lo que es notable, no obstante, es que nada de eso ocurrir\u00eda sin el consentimiento del PSOL\u2026 El hecho de estar dispuestos a ver a su pol\u00edtico m\u00e1s influyente y exitoso de la \u00faltima d\u00e9cada cambiar el partido por uno de centro-izquierda, y a\u00fan apoyarlo (al menos impl\u00edcitamente) ilustra un cambio radical e importante en la identidad del partido\u201d.<\/em><\/p>\n<p>La cuesti\u00f3n es por qu\u00e9 se lleg\u00f3 a eso. Al contrario de Glenn, creemos que esto no se debe solo a las circunstancias, sino a los propios l\u00edmites en la naturaleza del PSOL, o sea, un partido en esencia democr\u00e1tico radical (a pesar de autotitularse \u201canticapitalista\u201d e incluso realmente tener en su interior sectores minoritarios que defienden el socialismo, lo que no cambia su naturaleza). Este tema, en mayor profundidad, lo tocaremos en otro art\u00edculo. Pero Glenn tiene raz\u00f3n cuando dice que esa actitud de Freixo y su aceptaci\u00f3n por la direcci\u00f3n del PSOL, expresan un cambio del PSOL en general.<\/p>\n<p>Ese mismo movimiento que hace la mayor\u00eda del PSOL en el Brasil fue hecho tambi\u00e9n por Podemos en el Estado espa\u00f1ol y el Bloque de Izquierda en Portugal \u2013partidos de la misma naturaleza que el PSOL\u2013 que pasaron a integrar los gobiernos burgueses de la Socialdemocracia. En Portugal, tal coalici\u00f3n recibi\u00f3 el nombre de Geringon\u00e7a.<\/p>\n<p><strong>Sali\u00f3 Freixo, pero queda la pol\u00edtica de frente ampl\u00edsimo<\/strong><\/p>\n<p>Freixo sali\u00f3 despu\u00e9s de ver que la pol\u00edtica de frente ampl\u00edsimo era abrazada por el PT y, especialmente, por Lula, que ha prodigado al diputado un \u201ccari\u00f1o\u201d permanente en los \u00faltimos tiempos. No es sorpresa que sea as\u00ed, Lula hace mucho tiempo defiende una pol\u00edtica de frente amplio con cualquier burgu\u00e9s que quiera negociar con \u00e9l. Ya estuvo con Renan, Sarney, Temer, Jos\u00e9 de Alencar, Paes, y por ah\u00ed va\u2026 en una lista interminable. Ahora, llega al PSDB y al DEM, intentando ser expresi\u00f3n de un gobierno de \u201cunidad nacional\u201d, o de composici\u00f3n con todos los sectores \u201cdemocr\u00e1ticos\u201d de la burgues\u00eda, sean liberales, conservadores, del centr\u00f3n, y etc\u00e9teras.<\/p>\n<p>Muchos de los sectores que est\u00e1n contra Freixo, incluso aquellos que condenan su salida, est\u00e1n en este momento junto con la mayor\u00eda de la direcci\u00f3n del PSOL construyendo una pol\u00edtica de apoyo a Lula en el primer turno, como alternativa a la pol\u00edtica de Bolsonaro. As\u00ed, , por ejemplo, en San Pablo ya Boulos declar\u00f3 estar a favor de apoyar a Lula y ser candidato a gobernador del Estado con el apoyo del PT. Resistencia, que divulg\u00f3 una nota donde critica a Freixo, ha hecho una campa\u00f1a por la candidatura de Lula, incluso, acusando a otras corrientes del PSOL por estar construyendo otra candidatura a presidente. Algo que, en sus palabras, dividir\u00eda a la izquierda.<\/p>\n<p>Por su lado, la izquierda del PSOL, que es minoritaria, ha concentrado sus esfuerzos en defender que el PSOL tenga una candidatura propia, y por eso ha sido blanco de la derecha de la partido. A pesar de que, en nuestra opini\u00f3n, contin\u00faa presentando un programa democr\u00e1tico aunque m\u00e1s radical, con medidas antineoliberales pero no anticapitalistas, como dicen. Incluso, el propio MES, mayor corriente de este bloque, defiende una Frente de Izquierda, tambi\u00e9n de colaboraci\u00f3n de clases, a pesar de menos amplia, con menos sectores burgueses, pero incluyendo al PDT, el PSB y la Rede.<\/p>\n<p>No obstante, a este tema \u2013los l\u00edmites de las propuestas y de la candidatura de la izquierda del PSOL\u2013 tambi\u00e9n dedicaremos otro art\u00edculo. Queremos en este espacio, discutir otra cuesti\u00f3n: la necesidad de construir una alternativa socialista y revolucionaria.<\/p>\n<p><strong>Construir una alternativa socialista<\/strong><\/p>\n<p>Nosotros defendemos la necesidad de la m\u00e1s amplia unidad de acci\u00f3n para derrotar a Bolsonaro. Defendemos, desde el inicio de este gobierno, la necesidad de acciones unificadas de toda la clase trabajadora, e incluso de otros sectores que lo repudian.<\/p>\n<p>Hemos sido no solo los defensores de esta unidad, hemos denunciado, en cada oportunidad, al gobierno y sus c\u00f3mplices, y organizado, en la medida de nuestras fuerzas, todas las acciones posibles \u00a1para sacar a Bolsonaro y Mour\u00e3o ya! Sin esperar hasta 2022 para eso.<\/p>\n<p>Sin embargo, reconocer la necesidad de derrotar a Bolsonaro no significa que coincidamos con las salidas presentadas por todos sus opositores. Gente como Maia y Paes pueden hasta estar dispuestos a derrotarlo, pero fueron y siguen siendo, para decir lo m\u00ednimo, corruptos registrados, representantes del capital internacional y nacional (de los banqueros, del agronegocio, de la gran industria, y de las oligarqu\u00edas regionales), y, por eso, defensores de los m\u00e1s puros ataques a los derechos de la clase trabajadora.<\/p>\n<p>Del mismo modo, no estamos dispuestos a embarcarnos en un proyecto como el del PT, que como en los 13 a\u00f1os que estuvo en el poder gobern\u00f3 en alianza y sinton\u00eda con el capital nacional e internacional, por eso privatiz\u00f3, quit\u00f3 derechos, y gobern\u00f3 con aliados que despu\u00e9s ser\u00edan el trampol\u00edn para la subida de Bolsonaro.<\/p>\n<p>Opinamos que en los actuales procesos de lucha debemos construir una alternativa socialista, con un programa que ataque a los ricos y poderosos y garantice a los trabajadores, a los pobres y oprimidos, mejores condiciones de vida, o sea, que presente un proyecto de revoluci\u00f3n social, un proyecto socialista. Un programa socialista, en contraposici\u00f3n a todos los programas burgueses o que paren en el l\u00edmite del capitalismo y de la democracia burguesa y, por eso mismo, no se pongan de forma expl\u00edcita y categ\u00f3rica en el terreno de la independencia de clase.<\/p>\n<p>Art\u00edculo publicado en <a href=\"http:\/\/www.pstu.org.br\" target=\"_blank\" rel=\"noopener\">www.pstu.org.br<\/a>, 12\/6\/2021.-<br \/>\nTraducci\u00f3n: Natalia Estrada.<\/p>\n","protected":false},"excerpt":{"rendered":"<p>El anuncio de la salida de Marcelo Freixo del PSOL este 11 de junio fue, sin duda, la cr\u00f3nica de una ruptura anunciada. Hace semanas, por lo menos, que Freixo negociaba p\u00fablicamente con diversos partidos, incluso habiendo comentado m\u00e1s de una vez en la prensa que estaba sondando distintas siglas, como PT, PSB, PDT, etc.<\/p>\n","protected":false},"author":4,"featured_media":66158,"menu_order":0,"comment_status":"closed","ping_status":"closed","sticky":false,"template":"","format":"standard","meta":{"jetpack_post_was_ever_published":false,"_jetpack_newsletter_access":"","_jetpack_dont_email_post_to_subs":false,"_jetpack_newsletter_tier_id":0,"_jetpack_memberships_contains_paywalled_content":false,"litci_post_political_author":"","_jetpack_memberships_contains_paid_content":false,"footnotes":""},"categories":[12300,2676,8349],"tags":[16667,8079,14577,3900,16670,3845,13592,16669,16668],"class_list":["post-66149","post","type-post","status-publish","format-standard","has-post-thumbnail","hentry","category-electoral","category-brasil","category-debates","tag-brasil-elecciones-2022","tag-colaboracion-de-clases","tag-cyro-garcia","tag-frente-amplio","tag-frente-amplisimo","tag-frente-de-izquierda","tag-gobierno-bolsonaro","tag-marcelo-freixo","tag-psol-reformismo"],"jetpack_featured_media_url":"https:\/\/i0.wp.com\/litci.org\/es\/wp-content\/uploads\/2021\/06\/Untitled-6.jpg?fit=1200%2C720&ssl=1","fimg_url":"https:\/\/i0.wp.com\/litci.org\/es\/wp-content\/uploads\/2021\/06\/Untitled-6.jpg?fit=1200%2C720&ssl=1","categories_names":["Brasil","Debates","Electoral"],"author_info":{"name":"Administraci\u00f3n Site","pic":"https:\/\/secure.gravatar.com\/avatar\/1fc4a65db396208ca881747f59a66a20c6b8670747457224753e1e98c43f719b?s=96&d=mm&r=g"},"political_author":null,"tagline":"","jetpack_sharing_enabled":true,"_links":{"self":[{"href":"https:\/\/litci.org\/es\/wp-json\/wp\/v2\/posts\/66149","targetHints":{"allow":["GET"]}}],"collection":[{"href":"https:\/\/litci.org\/es\/wp-json\/wp\/v2\/posts"}],"about":[{"href":"https:\/\/litci.org\/es\/wp-json\/wp\/v2\/types\/post"}],"author":[{"embeddable":true,"href":"https:\/\/litci.org\/es\/wp-json\/wp\/v2\/users\/4"}],"replies":[{"embeddable":true,"href":"https:\/\/litci.org\/es\/wp-json\/wp\/v2\/comments?post=66149"}],"version-history":[{"count":3,"href":"https:\/\/litci.org\/es\/wp-json\/wp\/v2\/posts\/66149\/revisions"}],"predecessor-version":[{"id":66159,"href":"https:\/\/litci.org\/es\/wp-json\/wp\/v2\/posts\/66149\/revisions\/66159"}],"wp:featuredmedia":[{"embeddable":true,"href":"https:\/\/litci.org\/es\/wp-json\/wp\/v2\/media\/66158"}],"wp:attachment":[{"href":"https:\/\/litci.org\/es\/wp-json\/wp\/v2\/media?parent=66149"}],"wp:term":[{"taxonomy":"category","embeddable":true,"href":"https:\/\/litci.org\/es\/wp-json\/wp\/v2\/categories?post=66149"},{"taxonomy":"post_tag","embeddable":true,"href":"https:\/\/litci.org\/es\/wp-json\/wp\/v2\/tags?post=66149"}],"curies":[{"name":"wp","href":"https:\/\/api.w.org\/{rel}","templated":true}]}}