{"id":65920,"date":"2021-05-25T11:15:12","date_gmt":"2021-05-25T11:15:12","guid":{"rendered":"https:\/\/litci.org\/es\/?p=65920"},"modified":"2024-11-03T13:28:16","modified_gmt":"2024-11-03T13:28:16","slug":"costa-rica-el-sistema-hospitalario-un-barco-que-se-hunde","status":"publish","type":"post","link":"https:\/\/litci.org\/es\/costa-rica-el-sistema-hospitalario-un-barco-que-se-hunde\/","title":{"rendered":"Costa Rica | El sistema hospitalario: un barco que se hunde"},"content":{"rendered":"<p>Desde el comienzo de la pandemia, las autoridades de salud describ\u00edan el peor escenario como el momento en que se saturaran los hospitales y no se pudiera garantizar la atenci\u00f3n m\u00e9dica a todas las personas. Por meses, el PT y muchos otros sectores estuvimos advirtiendo que las aperturas s\u00f3lo buscaban beneficiar al empresariado y nos acercaban cada vez m\u00e1s a ese momento.<\/p>\n<p><strong>La realidad comprueba que ten\u00edamos raz\u00f3n.<\/strong><\/p>\n<p>Las camas UCI est\u00e1n ocupadas a m\u00e1s del 100%, existe lista de espera para ingresar, esto no s\u00f3lo afecta a los pacientes del coronavirus sino que a cualquier persona que necesite cuidados intensivos. Las muertes por Covid-19 siguen en aumento, se reportaron 398 muertes entre el 9 de abril y el 9 mayo. Todos los r\u00e9cords de cifras de contagiados, hospitalizados y muertos por d\u00eda siguen siendo superados.<\/p>\n<p>El gobierno muestra la mayor contradicci\u00f3n en el manejo de la pandemia desde que esta empez\u00f3. Las autoridades de la CCSS y el propio Ejecutivo han tenido discrepancias p\u00fablicas sobre la necesidad de decreta una alerta roja y de imponer mayores restricciones. Dichas diferencias \u00a0tienen como origen la presi\u00f3n de los empresarios en contra de las medidas de cierre y la exigencia del sector salud de incrementar los cierres para descongestionar el sistema de salud.<\/p>\n<p>Por un lado, el personal m\u00e9dico representado por sus sindicatos, como la Uni\u00f3n M\u00e9dica Nacional pide el cese del ciclo lectivo y mayores medidas de restricci\u00f3n. Las mismas autoridades de la Caja, claman a los cielos por que se declare alerta roja a nivel nacional. A este coro se suman los sindicatos de la educaci\u00f3n que piden el regreso a la virtualidad para preservar la vida de los docentes. Es decir, esta es la voz de los trabajadores.<\/p>\n<p>Por otro lado, el gobierno mantiene negociaciones con los empresarios y las iglesias, para no hacer cierres. El presidente de la Comisi\u00f3n Nacional de Emergencia, indic\u00f3 que no se declara alerta roja porque podr\u00eda afectar las libertades individuales y la libertad de comercio. Es en el nombre de esta libertad de comercio que hablan las empresas, no de la vida de las personas.<\/p>\n<p>Sin embargo, la cat\u00e1strofe del covid-19 ya ha tomado m\u00e1s vidas que cualquier hurac\u00e1n, inundaci\u00f3n o erupci\u00f3n volc\u00e1nica en la historia del pa\u00eds. No podemos ignorar como la clase trabajadora est\u00e1 pagando sus vidas para mantener a la burgues\u00eda a flote.<\/p>\n<p>Para el gobierno el problema sigue siendo que \u201cla gente es irresponsable\u201d. Cuando el \u00fanico irresponsable es el gobierno y el sector empresarial. Contin\u00faan las clases presenciales, que son importantes focos de contagio. Adem\u00e1s, m\u00e1s de tres millones de personas deben desplazarse hasta su trabajo, arriesgando contagiarse en cualquier momento. Estas son las verdaderas razones por las que siguen aumentando los casos y est\u00e1n saturados los hospitales.<\/p>\n<p>Al iniciar la pandemia se utilizaba la met\u00e1fora del barco, todos vamos en el mismo barco y todos debemos salvarnos. Hoy es claro que este barco es el Titanic y vamos a toda m\u00e1quina hacia un t\u00e9mpano de hielo.<\/p>\n<p><strong>El gobierno toma medidas insuficientes<\/strong><\/p>\n<p>La salida que proponen son una verg\u00fcenza. Anuncian la compra de dos millones de vacunas, pero sin hablar de c\u00f3mo se va a garantizar el abastecimiento. A pesar de tener ya contratos por millones de dosis, la realidad es que estas entran al pa\u00eds a cuenta gotas y la vacunaci\u00f3n es por esto muy lenta. Aumentar las dosis, no garantiza una r\u00e1pida vacunaci\u00f3n.<\/p>\n<p>Para peores males, la propuesta del sector privado del pa\u00eds es pedirle una donaci\u00f3n de vacunas a EEUU, el gigante imperialista que concentra m\u00e1s vacunas en el mundo. Esta es una propuesta de fantas\u00eda porque el gobierno estadounidense no tiene ninguna obligaci\u00f3n de donar y m\u00e1s bien tiene muchos gobiernos solicitando lo mismo.<\/p>\n<p><strong>Nosotros s\u00ed tenemos otro plan.<\/strong><\/p>\n<p>Pensamos que un verdadero plan de emergencia para detener la pandemia, debe partir por poner primero la vida y la seguridad de los trabajadores del pa\u00eds. Ya se decret\u00f3 la emergencia nacional y eso da la posibilidad de tomar medidas de emergencia. A\u00fan as\u00ed hay que avanzar en el estado de alerta roja, para poder movilizar todo el personal y recurso necesario para mitigar los efectos de la pandemia y dar aire a los hospitales.<\/p>\n<p>Seguimos defendiendo la necesidad de una cuarentena paga y con subsidios a los peque\u00f1os negocios. Es urgente cesar el pago de la deuda externa y los intereses de la deuda interna, para aumentar el presupuesto en salud y sostener la cuarentena paga, as\u00ed como los subsidios antes mencionados. Todas las personas que han ca\u00eddo en la miseria debido a la pandemia deben recibir una ayuda del gobierno.<\/p>\n<p>Es urgente la expropiaci\u00f3n de todos los hospitales privados. Esto para aumentar la capacidad de la caja r\u00e1pidamente para atender pacientes. Los grandes hoteles, con sus habitaciones vac\u00edas, son otro importante recurso al cual echar mano en el medio de una pandemia donde no s\u00f3lo faltan las camas de hospital, sino tambi\u00e9n casas para los trabajadores.<\/p>\n<p>El capitalismo es irracional. Teniendo todos los recursos, le da m\u00e1s peso a la propiedad privada de unos pocos, que a la necesidad de garantizar salud para las amplias mayor\u00edas. Es por esto que tenemos que avanzar en un plan para rescatar a la clase trabajadora de la pandemia, que de verdad tome como prioridad las vidas de las personas.<\/p>\n","protected":false},"excerpt":{"rendered":"<p>Desde el comienzo de la pandemia, las autoridades de salud describ\u00edan el peor escenario como el momento en que se saturaran los hospitales y no se pudiera garantizar la atenci\u00f3n m\u00e9dica a todas las personas. Por meses, el PT y muchos otros sectores estuvimos advirtiendo que las aperturas s\u00f3lo buscaban beneficiar al empresariado y nos [&hellip;]<\/p>\n","protected":false},"author":5,"featured_media":65921,"menu_order":0,"comment_status":"closed","ping_status":"closed","sticky":false,"template":"","format":"standard","meta":{"jetpack_post_was_ever_published":false,"_jetpack_newsletter_access":"","_jetpack_dont_email_post_to_subs":false,"_jetpack_newsletter_tier_id":0,"_jetpack_memberships_contains_paywalled_content":false,"litci_post_political_author":"","_jetpack_memberships_contains_paid_content":false,"footnotes":""},"categories":[15122,2679],"tags":[2875,15121],"class_list":["post-65920","post","type-post","status-publish","format-standard","has-post-thumbnail","hentry","category-coronavirus","category-costa-rica","tag-costa-rica-2","tag-pandemia"],"jetpack_featured_media_url":"https:\/\/i0.wp.com\/litci.org\/es\/wp-content\/uploads\/2021\/05\/2DAWECM.jpg?fit=1293%2C969&ssl=1","fimg_url":"https:\/\/i0.wp.com\/litci.org\/es\/wp-content\/uploads\/2021\/05\/2DAWECM.jpg?fit=1293%2C969&ssl=1","categories_names":["Costa Rica","Pandemia"],"author_info":{"name":"Kely","pic":"https:\/\/secure.gravatar.com\/avatar\/19003bf6219614b90207b39bd4a2733ce9cf96693efdfd639b15a829beed53d1?s=96&d=mm&r=g"},"political_author":null,"tagline":"","jetpack_sharing_enabled":true,"_links":{"self":[{"href":"https:\/\/litci.org\/es\/wp-json\/wp\/v2\/posts\/65920","targetHints":{"allow":["GET"]}}],"collection":[{"href":"https:\/\/litci.org\/es\/wp-json\/wp\/v2\/posts"}],"about":[{"href":"https:\/\/litci.org\/es\/wp-json\/wp\/v2\/types\/post"}],"author":[{"embeddable":true,"href":"https:\/\/litci.org\/es\/wp-json\/wp\/v2\/users\/5"}],"replies":[{"embeddable":true,"href":"https:\/\/litci.org\/es\/wp-json\/wp\/v2\/comments?post=65920"}],"version-history":[{"count":1,"href":"https:\/\/litci.org\/es\/wp-json\/wp\/v2\/posts\/65920\/revisions"}],"predecessor-version":[{"id":65922,"href":"https:\/\/litci.org\/es\/wp-json\/wp\/v2\/posts\/65920\/revisions\/65922"}],"wp:featuredmedia":[{"embeddable":true,"href":"https:\/\/litci.org\/es\/wp-json\/wp\/v2\/media\/65921"}],"wp:attachment":[{"href":"https:\/\/litci.org\/es\/wp-json\/wp\/v2\/media?parent=65920"}],"wp:term":[{"taxonomy":"category","embeddable":true,"href":"https:\/\/litci.org\/es\/wp-json\/wp\/v2\/categories?post=65920"},{"taxonomy":"post_tag","embeddable":true,"href":"https:\/\/litci.org\/es\/wp-json\/wp\/v2\/tags?post=65920"}],"curies":[{"name":"wp","href":"https:\/\/api.w.org\/{rel}","templated":true}]}}