{"id":65917,"date":"2021-05-25T11:11:45","date_gmt":"2021-05-25T11:11:45","guid":{"rendered":"https:\/\/litci.org\/es\/?p=65917"},"modified":"2024-11-03T13:28:16","modified_gmt":"2024-11-03T13:28:16","slug":"costa-rica-la-economia-o-la-vida-la-falsa-eleccion-del-sistema-capitalista","status":"publish","type":"post","link":"https:\/\/litci.org\/es\/costa-rica-la-economia-o-la-vida-la-falsa-eleccion-del-sistema-capitalista\/","title":{"rendered":"Costa Rica | La econom\u00eda o la vida: la falsa elecci\u00f3n del sistema capitalista"},"content":{"rendered":"<p><em>El gobierno anunci\u00f3 una ca\u00edda en el Producto Interno Bruto (PIB) a 3,6% para este 2021, en comparaci\u00f3n con el 4,5% de 2020. Esta situaci\u00f3n de ca\u00edda de los ingresos econ\u00f3micos es a\u00fan conservadora y el gobierno la sujeta al avance de la vacunaci\u00f3n y a la reapertura de la econom\u00eda. Es decir, la crisis econ\u00f3mica podr\u00eda ser mucho peor tomando en cuenta que desde antes de la pandemia las cifras de desempleo y pobreza eran alt\u00edsimas para los trabajadores.<\/em><!--more--><\/p>\n<p>Por PT-Costa Rica<\/p>\n<p>Se dice que esta ca\u00edda del PIB impactar\u00e1 en reg\u00edmenes especiales como las zonas francas, que en media crisis sanitaria se han llenado los bolsillos. Solo en el primer trimestre del a\u00f1o en curso ha habido un aumento de 11% en las exportaciones en relaci\u00f3n con el a\u00f1o pasado; es decir, el sector exportador obtuvo 322 millones de d\u00f3lares m\u00e1s que el a\u00f1o pasado.<\/p>\n<p>\u201cProcomer detall\u00f3 que el crecimiento de exportaciones de la metalmec\u00e1nica tuvo un alza de 29%, el equipo de precisi\u00f3n y m\u00e9dico un incremento de 20%, la industria el\u00e9ctrica y electr\u00f3nica aument\u00f3 19%, la industria alimentaria y el pl\u00e1stico reportaron un incremento de 14% respectivamente\u201d<a href=\"http:\/\/ptcostarica.org\/la-economia-o-la-vida-la-falsa-eleccion-del-sistema-capitalista\/#_ftn1\" target=\"_blank\" rel=\"noopener\">[1]<\/a>.<\/p>\n<p>Todas estas actividades productivas tienen enormes beneficios fiscales propios de las zonas francas: no pagan impuestos, las tarifas de electricidad y agua son reducidas (las cuales, claro, est\u00e1 terminamos pagando los trabajadores con el aumento en los precios de los servicios). Por si esto fuera poco, no hay derechos laborales ni sindicatos producto de la dictadura patronal que existe en el sector privado, lo cual hace m\u00e1s dif\u00edcil tener condiciones dignas de trabajo.<\/p>\n<p>Podr\u00edamos describir la situaci\u00f3n econ\u00f3mica del pa\u00eds, m\u00e1s all\u00e1 de este dato del decrecimiento: la pobreza (26%) y desempleo por las nubes (18%, es decir, 450 mil personas)<a href=\"http:\/\/ptcostarica.org\/la-economia-o-la-vida-la-falsa-eleccion-del-sistema-capitalista\/#_ftn2\" target=\"_blank\" rel=\"noopener\">[2]<\/a>, aumento de la inflaci\u00f3n (es decir, canasta b\u00e1sica y servicios subieron de conjunto 1,2% en abril)<a href=\"http:\/\/ptcostarica.org\/la-economia-o-la-vida-la-falsa-eleccion-del-sistema-capitalista\/#_ftn3\" target=\"_blank\" rel=\"noopener\">[3]<\/a>.<\/p>\n<p>A esto hay que sumarle un d\u00e9ficit fiscal acumulado a febrero de 451.175 millones de colones (unos 752 millones de d\u00f3lares), equivalente a un 1,2 % del PIB, lo que significa un aumento comparado con el 1 % del PIB registrado en ese periodo de 2020, del cual el pago de intereses represent\u00f3 un 75<a href=\"http:\/\/ptcostarica.org\/la-economia-o-la-vida-la-falsa-eleccion-del-sistema-capitalista\/#_ftn4\" target=\"_blank\" rel=\"noopener\">[4]<\/a>%.<\/p>\n<p>En pocas palabras, la crisis sanitaria se combina con una fuerte crisis econ\u00f3mica producto de un capitalismo que sumerge a los pa\u00edses semicoloniales en la miseria gracias a los ataques a las condiciones de vida del pueblo trabajador y recortes a programas sociales, mientras las grandes empresas contin\u00faan incrementando sus ingresos.<\/p>\n<h4><strong>Las ganancias por encima de la vida: el camino del gobierno y los grandes empresarios<\/strong><\/h4>\n<p>Estamos viviendo horas tr\u00e1gicas con el aumento de casos por el coronavirus; contrario a lo que indica la ciencia, lejos de endurecer medidas, el gobierno ha anunciado la reapertura de locales comerciales que estuvieron con cierre desde el 3 al 9 de mayo. Esta pol\u00edtica criminal se justifica por parte de los sectores patronales con argumentos como \u201chay que aprender a vivir con la pandemia\u201d o \u201cno podemos paralizar la econom\u00eda\u201d.<\/p>\n<p>Justamente ese dato que arroj\u00e1bamos al principio es otra amenaza que lanzan las c\u00e1maras empresariales: para evitar que el PIB caiga m\u00e1s de lo que se tiene proyectado, es necesario dejar que las actividades econ\u00f3micas se realicen con total normalidad, sino el pa\u00eds caer\u00e1 al abismo.<\/p>\n<p>Estas consideraciones, que vemos de manera permanente en los medios de comunicaci\u00f3n y es la l\u00ednea del gobierno, expresan que para los capitalistas las ganancias importan m\u00e1s que la salud y la vida de la clase trabajadora. El gobierno explica el aumento de casos por la responsabilidad individual y a las aglomeraciones en fiestas y reuniones familiares.<\/p>\n<p>El gobierno va de mentira en mentira. Primero, como pudimos ver, la situaci\u00f3n econ\u00f3mica ya es desastrosa, justamente producto de privilegiar las ganancias de unos pocos. En segundo lugar, hay que decir que la tasa de contagios y las muertes por COVID-19 tienen que ver con la relajaci\u00f3n de medidas tambi\u00e9n para asegurar el lucro de los grandes empresarios: apertura comercial sin regulaciones contundentes, aglomeraci\u00f3n de trabajadores en los centros de trabajos y el transporte p\u00fablico para favorecer las ganancias de los transportistas; a esto hay que sumarle el mantenimiento del curso lectivo en la modalidad presencial, lo que ha supuesto un rompimiento de burbujas y por ende, de proliferaci\u00f3n del virus.<\/p>\n<p>En otras palabras, esta fat\u00eddica ola se da ante todo por defender las ganancias del sector empresarial que ha aprovechado los enormes privilegios con los que cuenta para explotar m\u00e1s a los trabajadores. Justo cuando se requieren medidas de confinamiento m\u00e1s fuertes, con el sistema de salud colapsado, el gobierno se re\u00fane con los empresarios a cada rato para tranquilizarlos y decirles que sus intereses no se van a tocar.<\/p>\n<h4><strong>Un plan econ\u00f3mico socialista para enfrentar la pandemia<\/strong><\/h4>\n<p>No puede ser que mientras la clase trabajadora pone los muertos, los grandes empresarios pueden acudir a la mejor atenci\u00f3n en hospitales privados y adem\u00e1s seguir una vida de lujos y enormes beneficios econ\u00f3micos. M\u00e1s all\u00e1 de ver esos datos fr\u00edos para este a\u00f1o (una ca\u00edda del 0.5% del PIB), la realidad de miseria y muerte que todos los d\u00edas rodea el pueblo pobre es estremecedora. Si todo sigue como est\u00e1, podemos decir que lo peor est\u00e1 por venir, tanto en el terreno econ\u00f3mico como en el sanitario.<\/p>\n<p>Com\u00fanmente se nos dice que no se puede hacer nada, que mandar a los trabajadores de actividades no esenciales para la casa y mantener los bonos proteger quebrar\u00e1 la econom\u00eda. No hay nada m\u00e1s falso. En este momento, como pudimos ver, hay sectores de la econom\u00eda que m\u00e1s bien tienen m\u00e1s dinero; entonces, riqueza hay, pero est\u00e1 en manos de un pu\u00f1ado de ricos y no de quien la produce: la clase trabajadora.<\/p>\n<p>Por eso, en el peor momento de la pandemia es necesaria la lucha organizada de los sectores populares para arrancar estos recursos a manos de los ricos, por un programa econ\u00f3mico socialista que logre frenar la tasa de contagios y preservar la vida de la clase trabajadora. Este plan pasa por la nacionalizaci\u00f3n y expropiaci\u00f3n sin indemnizaci\u00f3n de las grandes empresas clave de la econom\u00eda, muchas de ellas transnacionales, que han ganado millones en la pandemia. Tambi\u00e9n es necesaria la suspensi\u00f3n del pago de la deuda, la cual durante esta crisis sanitaria se ha pagado puntualmente; esto implic\u00f3 brutales recortes a los programas sociales y el presupuesto en salud, vivienda y otros rubros sensibles.<\/p>\n<p>Con este programa socialista (nacionalizaci\u00f3n y expropiaci\u00f3n sin indemnizaci\u00f3n, as\u00ed como el no pago de la deuda) podremos garantizar una cuarentena generalizada con salario completo para todas y todos los trabajadores de servicios no esenciales. Para los sectores que no se pueden paralizar es necesario girar recursos para contratar m\u00e1s personal, reducci\u00f3n de la jornada laboral sin disminuir su salario. Con estas iniciativas tambi\u00e9n se podr\u00e1 brindar un subsidio de emergencia a las peque\u00f1as y medianas empresas, incremento de la cobertura de la ayuda econ\u00f3mica, ya que resulta claro que el bono Proteger no es suficiente para cubrir las necesidades de la poblaci\u00f3n. Finalmente se podr\u00e1 fortalecer el presupuesto p\u00fablico para atender de la mejor manera los problemas que conlleva el confinamiento (violencia machista, problemas psicol\u00f3gicos, sobrecarga laboral, entre otros).<\/p>\n<hr class=\"wp-block-separator\" \/>\n<pre class=\"wp-block-preformatted\"><a href=\"http:\/\/ptcostarica.org\/la-economia-o-la-vida-la-falsa-eleccion-del-sistema-capitalista\/#_ftnref1\" target=\"_blank\" rel=\"noopener\">[1]<\/a> <a href=\"https:\/\/www.larepublica.net\/noticia\/aumenta-11-exportaciones-de-costa-rica-en-el-primer-trimestre-de-2021\" target=\"_blank\" rel=\"noopener\">https:\/\/www.larepublica.net\/noticia\/aumenta-11-exportaciones-de-costa-rica-en-el-primer-trimestre-de-2021<\/a><\/pre>\n<pre class=\"wp-block-preformatted\"><a href=\"http:\/\/ptcostarica.org\/la-economia-o-la-vida-la-falsa-eleccion-del-sistema-capitalista\/#_ftnref2\" target=\"_blank\" rel=\"noopener\">[2]<\/a> <a href=\"https:\/\/www.elfinancierocr.com\/economia-y-politica\/desempleo-en-costa-rica-fue-del-185-entre\/JYSJAWODKFAJDIEAPATUTQM5PQ\/story\/\" target=\"_blank\" rel=\"noopener\">https:\/\/www.elfinancierocr.com\/economia-y-politica\/desempleo-en-costa-rica-fue-del-185-entre\/JYSJAWODKFAJDIEAPATUTQM5PQ\/story\/<\/a><\/pre>\n<pre class=\"wp-block-preformatted\"><a href=\"http:\/\/ptcostarica.org\/la-economia-o-la-vida-la-falsa-eleccion-del-sistema-capitalista\/#_ftnref3\" target=\"_blank\" rel=\"noopener\">[3]<\/a> <a href=\"https:\/\/www.elfinancierocr.com\/finanzas\/inflacion-registra-una-variacion-interanual-de-121\/IK4O2A6UFRAE5O7TZ2JKVMWPQA\/story\/\" target=\"_blank\" rel=\"noopener\">https:\/\/www.elfinancierocr.com\/finanzas\/inflacion-registra-una-variacion-interanual-de-121\/IK4O2A6UFRAE5O7TZ2JKVMWPQA\/story\/<\/a><\/pre>\n<pre class=\"wp-block-preformatted\"><a href=\"http:\/\/ptcostarica.org\/la-economia-o-la-vida-la-falsa-eleccion-del-sistema-capitalista\/#_ftnref4\" target=\"_blank\" rel=\"noopener\">[4]<\/a> <a href=\"https:\/\/www.eleconomista.net\/economia\/Costa-Rica-alcanza-un-deficit-fiscal-de-1.2--del-PIB-a-febrero-del-2021-20210316-0012.html\" target=\"_blank\" rel=\"noopener\">https:\/\/www.eleconomista.net\/economia\/Costa-Rica-alcanza-un-deficit-fiscal-de-1.2--del-PIB-a-febrero-del-2021-20210316-0012.html<\/a><\/pre>\n","protected":false},"excerpt":{"rendered":"<p>El gobierno anunci\u00f3 una ca\u00edda en el Producto Interno Bruto (PIB) a 3,6% para este 2021, en comparaci\u00f3n con el 4,5% de 2020. Esta situaci\u00f3n de ca\u00edda de los ingresos econ\u00f3micos es a\u00fan conservadora y el gobierno la sujeta al avance de la vacunaci\u00f3n y a la reapertura de la econom\u00eda. Es decir, la crisis [&hellip;]<\/p>\n","protected":false},"author":5,"featured_media":65918,"menu_order":0,"comment_status":"closed","ping_status":"closed","sticky":false,"template":"","format":"standard","meta":{"jetpack_post_was_ever_published":false,"_jetpack_newsletter_access":"","_jetpack_dont_email_post_to_subs":false,"_jetpack_newsletter_tier_id":0,"_jetpack_memberships_contains_paywalled_content":false,"litci_post_political_author":"","_jetpack_memberships_contains_paid_content":false,"footnotes":""},"categories":[2679,15122],"tags":[15045,2875,15121],"class_list":["post-65917","post","type-post","status-publish","format-standard","has-post-thumbnail","hentry","category-costa-rica","category-coronavirus","tag-coronavirus","tag-costa-rica-2","tag-pandemia"],"jetpack_featured_media_url":"https:\/\/i0.wp.com\/litci.org\/es\/wp-content\/uploads\/2021\/05\/112839891_fotos4.jpg?fit=640%2C360&ssl=1","fimg_url":"https:\/\/i0.wp.com\/litci.org\/es\/wp-content\/uploads\/2021\/05\/112839891_fotos4.jpg?fit=640%2C360&ssl=1","categories_names":["Costa Rica","Pandemia"],"author_info":{"name":"Kely","pic":"https:\/\/secure.gravatar.com\/avatar\/19003bf6219614b90207b39bd4a2733ce9cf96693efdfd639b15a829beed53d1?s=96&d=mm&r=g"},"political_author":null,"tagline":"","jetpack_sharing_enabled":true,"_links":{"self":[{"href":"https:\/\/litci.org\/es\/wp-json\/wp\/v2\/posts\/65917","targetHints":{"allow":["GET"]}}],"collection":[{"href":"https:\/\/litci.org\/es\/wp-json\/wp\/v2\/posts"}],"about":[{"href":"https:\/\/litci.org\/es\/wp-json\/wp\/v2\/types\/post"}],"author":[{"embeddable":true,"href":"https:\/\/litci.org\/es\/wp-json\/wp\/v2\/users\/5"}],"replies":[{"embeddable":true,"href":"https:\/\/litci.org\/es\/wp-json\/wp\/v2\/comments?post=65917"}],"version-history":[{"count":1,"href":"https:\/\/litci.org\/es\/wp-json\/wp\/v2\/posts\/65917\/revisions"}],"predecessor-version":[{"id":65919,"href":"https:\/\/litci.org\/es\/wp-json\/wp\/v2\/posts\/65917\/revisions\/65919"}],"wp:featuredmedia":[{"embeddable":true,"href":"https:\/\/litci.org\/es\/wp-json\/wp\/v2\/media\/65918"}],"wp:attachment":[{"href":"https:\/\/litci.org\/es\/wp-json\/wp\/v2\/media?parent=65917"}],"wp:term":[{"taxonomy":"category","embeddable":true,"href":"https:\/\/litci.org\/es\/wp-json\/wp\/v2\/categories?post=65917"},{"taxonomy":"post_tag","embeddable":true,"href":"https:\/\/litci.org\/es\/wp-json\/wp\/v2\/tags?post=65917"}],"curies":[{"name":"wp","href":"https:\/\/api.w.org\/{rel}","templated":true}]}}