{"id":65446,"date":"2021-04-16T08:37:17","date_gmt":"2021-04-16T08:37:17","guid":{"rendered":"https:\/\/litci.org\/es\/?p=65446"},"modified":"2024-11-03T13:28:22","modified_gmt":"2024-11-03T13:28:22","slug":"camarada-oscar-angel-hasta-el-socialismo-siempre","status":"publish","type":"post","link":"https:\/\/litci.org\/es\/camarada-oscar-angel-hasta-el-socialismo-siempre\/","title":{"rendered":"Camarada \u00d3scar \u00c1ngel \u00a1Hasta el socialismo siempre!"},"content":{"rendered":"<p>Hace pocas horas falleci\u00f3 nuestro camarada \u00d3scar \u00c1ngel, despu\u00e9s de una dura batalla contra el Covid-19, finalmente el virus y sus consecuencias vencieron su cuerpo. Hasta el \u00faltimo momento, el camarada \u00d3scar fue consciente de la batalla que estaba dando, una batalla contra la muerte y, en consecuencia, una batalla contra el propio capitalismo, responsable de este genocidio.<\/p>\n<p>Con la misma convicci\u00f3n con la que luch\u00f3 por decenios por construir el Partido Socialista de los Trabajadores, con la misma moral e integridad revolucionaria con que encar\u00f3 los momentos de ascenso y los momentos de retroceso, as\u00ed como las duras crisis por las que hemos atravesado, nuestro camarada enfrent\u00f3 el virus mortal.<\/p>\n<p>\u00d3scar \u00c1ngel, adem\u00e1s de militante revolucionario, fue un reconocido arquitecto y docente universitario, enamorado del arte y de la m\u00fasica. Fue un convencido de que solo la clase obrera con su partido revolucionario pod\u00edan derrotar al capitalismo y la barbarie en que tiene sumida a la humanidad. Una barbarie que depreda la naturaleza y niega toda dignidad humana. Por eso, fiel a sus principios, construy\u00f3 y defendi\u00f3 el Partido Socialista de los Trabajadores y la Liga Internacional de los Trabajadores \u2013 Cuarta Internacional hasta el final, convencido de la necesidad de superar la crisis de direcci\u00f3n revolucionaria.<\/p>\n<p>Siempre al lado de la clase obrera, acompa\u00f1ando sus triunfos y derrotas, fue un cuadro fundamental para el PST y la LIT desde su fundaci\u00f3n hasta sus \u00faltimos d\u00edas, cuando combatiendo el virus que atacaba su cuerpo, enviaba mensajes al partido, invitando no aflojar en la lucha cotidiana por su construcci\u00f3n. Era un convencido de la necesidad de construir el PST entre el proletariado, de formar y construir una nueva direcci\u00f3n que continuara llevando en alto las banderas del legado de Nahuel Moreno, las banderas del marxismo y el trotskismo.<\/p>\n<p>La muerte de \u00d3scar \u00c1ngel es un inmenso y doloroso golpe para el PST, para la LIT, para sus familiares y para sus amigos. Se nos fue un gran dirigente, y el mejor homenaje que le podemos hacer es continuar con todas nuestras fuerzas construyendo nuestro partido.<\/p>\n<p>Hemos perdido un baluarte de la construcci\u00f3n del partido internacional para la revoluci\u00f3n socialista, por ello, debemos hacer de nuestra tristeza, rabia y dolor, un c\u00famulo de valor y fuerza para continuar el legado pol\u00edtico y la tarea hist\u00f3rica de construir el partido de la clase trabajadora.<\/p>\n<p>Seguiremos con toda entereza enfrentando a los explotadores, a los enemigos de clase y a sus gobiernos, haciendo de la lucha por la revoluci\u00f3n socialista el mejor homenaje a nuestro camarada.<\/p>\n<p>Camarada \u00d3scar, !hasta el socialismo siempre!<\/p>\n","protected":false},"excerpt":{"rendered":"<p>Hace pocas horas falleci\u00f3 nuestro camarada \u00d3scar \u00c1ngel, despu\u00e9s de una dura batalla contra el Covid-19, finalmente el virus y sus consecuencias vencieron su cuerpo. Hasta el \u00faltimo momento, el camarada \u00d3scar fue consciente de la batalla que estaba dando, una batalla contra la muerte y, en consecuencia, una batalla contra el propio capitalismo, responsable [&hellip;]<\/p>\n","protected":false},"author":5,"featured_media":65447,"menu_order":0,"comment_status":"closed","ping_status":"closed","sticky":false,"template":"","format":"standard","meta":{"jetpack_post_was_ever_published":false,"_jetpack_newsletter_access":"","_jetpack_dont_email_post_to_subs":false,"_jetpack_newsletter_tier_id":0,"_jetpack_memberships_contains_paywalled_content":false,"litci_post_political_author":"","_jetpack_memberships_contains_paid_content":false,"footnotes":""},"categories":[2678,13672],"tags":[14964,16495,3473],"class_list":["post-65446","post","type-post","status-publish","format-standard","has-post-thumbnail","hentry","category-colombia","category-cobertura-g20","tag-luto","tag-oscar-angel","tag-pst"],"jetpack_featured_media_url":"https:\/\/i0.wp.com\/litci.org\/es\/wp-content\/uploads\/2021\/04\/LogopstColombia.jpg?fit=1056%2C223&ssl=1","fimg_url":"https:\/\/i0.wp.com\/litci.org\/es\/wp-content\/uploads\/2021\/04\/LogopstColombia.jpg?fit=1056%2C223&ssl=1","categories_names":["Cobertura G20","Colombia"],"author_info":{"name":"Kely","pic":"https:\/\/secure.gravatar.com\/avatar\/19003bf6219614b90207b39bd4a2733ce9cf96693efdfd639b15a829beed53d1?s=96&d=mm&r=g"},"political_author":null,"tagline":"","jetpack_sharing_enabled":true,"_links":{"self":[{"href":"https:\/\/litci.org\/es\/wp-json\/wp\/v2\/posts\/65446","targetHints":{"allow":["GET"]}}],"collection":[{"href":"https:\/\/litci.org\/es\/wp-json\/wp\/v2\/posts"}],"about":[{"href":"https:\/\/litci.org\/es\/wp-json\/wp\/v2\/types\/post"}],"author":[{"embeddable":true,"href":"https:\/\/litci.org\/es\/wp-json\/wp\/v2\/users\/5"}],"replies":[{"embeddable":true,"href":"https:\/\/litci.org\/es\/wp-json\/wp\/v2\/comments?post=65446"}],"version-history":[{"count":1,"href":"https:\/\/litci.org\/es\/wp-json\/wp\/v2\/posts\/65446\/revisions"}],"predecessor-version":[{"id":65448,"href":"https:\/\/litci.org\/es\/wp-json\/wp\/v2\/posts\/65446\/revisions\/65448"}],"wp:featuredmedia":[{"embeddable":true,"href":"https:\/\/litci.org\/es\/wp-json\/wp\/v2\/media\/65447"}],"wp:attachment":[{"href":"https:\/\/litci.org\/es\/wp-json\/wp\/v2\/media?parent=65446"}],"wp:term":[{"taxonomy":"category","embeddable":true,"href":"https:\/\/litci.org\/es\/wp-json\/wp\/v2\/categories?post=65446"},{"taxonomy":"post_tag","embeddable":true,"href":"https:\/\/litci.org\/es\/wp-json\/wp\/v2\/tags?post=65446"}],"curies":[{"name":"wp","href":"https:\/\/api.w.org\/{rel}","templated":true}]}}