{"id":65327,"date":"2021-04-06T14:52:28","date_gmt":"2021-04-06T14:52:28","guid":{"rendered":"https:\/\/litci.org\/es\/?p=65327"},"modified":"2024-11-03T13:28:24","modified_gmt":"2024-11-03T13:28:24","slug":"72-dias","status":"publish","type":"post","link":"https:\/\/litci.org\/es\/72-dias\/","title":{"rendered":"72 d\u00edas"},"content":{"rendered":"<p style=\"text-align: right\"><em>\u00daltimamente, las palabras \u201cdictadura del proletariado\u201d han vuelto a sumir en santo horror al filisteo socialdem\u00f3crata. Pues bien, caballeros, \u00bfquer\u00e9is saber qu\u00e9 faz presenta esta dictadura? Mirad a la Comuna de Par\u00eds: \u00a1he ah\u00ed la dictadura del proletariado!<\/em><\/p>\n<p style=\"text-align: right\">Friedrich Engels, Introducci\u00f3n a la Guerra civil en Francia, 1891<a href=\"#_ftn1\" name=\"_ftnref1\">[1]<\/a>.<\/p>\n<p>La existencia de la Comuna de Par\u00eds fue breve, desde el 18 de marzo al 28 de mayo de 1871, cuando la resistencia de los <em>communards<\/em> termin\u00f3 ahogada en sangre por la represi\u00f3n conjunta de las burgues\u00edas francesa y alemana, a las que poco import\u00f3 el hecho de que meses antes estuvieron en guerra. Pero su significado pol\u00edtico es interminable. Hace 150 a\u00f1os naci\u00f3 la primera experiencia de gobierno obrero de la historia, un sublime intento de tomar el cielo por asalto.<!--more--><\/p>\n<p>Por Ronald Le\u00f3n N\u00fa\u00f1ez<\/p>\n<p>As\u00ed sus conquistas como su derrota se erigieron en una referencia para las luchas por la emancipaci\u00f3n social. La Comuna no pereci\u00f3 con la \u00faltima barricada de la calle Ramponneau, puesto que sus ense\u00f1anzas poseen valor en s\u00ed mismas; \u201cla gran medida social de la Comuna\u201d, anot\u00f3 Marx, \u201cfue su propia existencia, su labor\u201d<a href=\"#_ftn2\" name=\"_ftnref2\"><sup>[2]<\/sup><\/a>.<\/p>\n<p>Hacia finales de la d\u00e9cada de 1860, el r\u00e9gimen desp\u00f3tico del emperador Napole\u00f3n III, que se erigi\u00f3 sobre la derrota de la revoluci\u00f3n de 1848, estaba debilitado. Para superar la crisis, \u201cNapole\u00f3n el Peque\u00f1o\u201d decide embarcarse en una nueva aventura militar. Engels explica que \u201cel Segundo Imperio era la apelaci\u00f3n al chovinismo franc\u00e9s, la reivindicaci\u00f3n de las fronteras del Primer Imperio, perdidas en 1814, o al menos las de la Primera Rep\u00fablica [\u2026] Esto implicaba la necesidad de guerras accidentales y de ensanchar las fronteras. Pero no hab\u00eda zona de expansi\u00f3n que tanto deslumbrase la fantas\u00eda de los chovinistas franceses como las tierras alemanas de la orilla izquierda del Rin\u201d<a href=\"#_ftn3\" name=\"_ftnref3\"><sup>[3]<\/sup><\/a>.<\/p>\n<p>En julio de 1870, luego de embates diplom\u00e1ticos acerca de la sucesi\u00f3n del trono espa\u00f1ol, Francia declara la guerra a Prusia. El canciller Bismarck, por su parte, aprovechar\u00e1 el ataque franc\u00e9s para acelerar el proceso de unificaci\u00f3n nacional de la entonces Confederaci\u00f3n Alemana del Norte. Estalla la guerra franco-prusiana.<\/p>\n<p>La batalla de Sed\u00e1n marca el desastre militar franc\u00e9s. El 2 de setiembre, el alto mando y m\u00e1s 83.000 soldados capitulan ante los prusianos. El propio Napole\u00f3n III cae prisionero. El Segundo Imperio Franc\u00e9s se desmorona junto con su ej\u00e9rcito. El 4 de setiembre es proclamada en Par\u00eds la Tercera Rep\u00fablica y se constituye un Gobierno Provisional de Defensa Nacional, presidido por Louis-Jules Trochu. La Rep\u00fablica decide continuar la guerra.<\/p>\n<p>Pero el avance prusiano es imparable. Desde el 19 de setiembre, Par\u00eds es bombardeada y sometida a un sitio que durar\u00e1 cuatro meses. El hambre toma cuenta de la capital. El 27 de octubre, en Metz, capitulan 173.000 franceses al mando del mariscal Bazaine. Bismarck hab\u00eda pasado a una guerra de conquista. La burgues\u00eda francesa mostraba desesperaci\u00f3n para capitular. El 18 de enero de 1871, el \u00abCanciller de Hierro\u00bb sella la unificaci\u00f3n con la proclamaci\u00f3n del Imperio alem\u00e1n nada menos que en la Galer\u00eda de los Espejos del Palacio de Versalles. El 28 de enero se establece el armisticio<a href=\"#_ftn4\" name=\"_ftnref4\">[4]<\/a>. Francia pierde las provincias de Alsacia y Lorena, adem\u00e1s de asumir el pago de duras reparaciones de guerra a los vencedores. En febrero, las elecciones para una nueva Asamblea Nacional dieron mayor\u00eda a facciones mon\u00e1rquicas. El 17 de febrero, la instancia que qued\u00f3 conocida como asamblea \u201crural\u201d nombra presidente provisional a Louis Adolphe Thiers.<\/p>\n<p>La guerra precipit\u00f3 la revoluci\u00f3n. La humillante capitulaci\u00f3n ante Prusia exacerb\u00f3 el descontento en Par\u00eds. Entra en escena la Guardia Nacional, una milicia popular que estuvo a cargo de la defensa de la capital durante la guerra. Contaba con cerca de 300.000 hombres armados, la mayor\u00eda obreros, artesanos y sectores de la peque\u00f1a burgues\u00eda arruinada. A inicios de marzo, los batallones eligen un Comit\u00e9 Central de la Federaci\u00f3n de la Guardia Nacional. Se aprobaron nuevos estatutos, estipulando \u201cel derecho absoluto de la Guardia Nacional a elegir sus dirigentes y revocarlos tan pronto como perdieran la confianza de sus electores\u201d. Este organismo, con estructura democr\u00e1tica, asumi\u00f3 la organizaci\u00f3n de la defensa de Par\u00eds ante la defecci\u00f3n de la burgues\u00eda francesa, la entrada del ej\u00e9rcito prusiano, y el peligro de una restauraci\u00f3n mon\u00e1rquica.<\/p>\n<p>Luego del acuerdo con los prusianos, la prioridad de Thiers pas\u00f3 a ser la liquidaci\u00f3n de la Guardia Nacional. Intent\u00f3 dispersarla, reducirla, abolir sus sueldos y, sobre todo, desarmarla. El principal obst\u00e1culo al objetivo de la burgues\u00eda de hacer pagar a los trabajadores el costo de la crisis \u2013y las reparaciones de guerra\u2013 consist\u00eda en la dualidad de poderes instalada en la capital. As\u00ed, entre el 17 y 18 de marzo de 1871 el gobierno republicano intenta confiscar 271 ca\u00f1ones y 146 ametralladoras que la Guardia hab\u00eda emplazado en la colina de Montmartre. Pero el proletariado, encabezado por comit\u00e9s de mujeres, cierra el paso a las tropas regulares. Las mujeres convocaron a una multitud. El pueblo llano rodea a los soldados enviados por Thiers y los insta a desobedecer las \u00f3rdenes de sus superiores. Ellos no solo fraternizaron con los parisinos, sino que ejecutaron a los generales Lecomte y Cl\u00e9ment-Thomas. Es el inicio de la insurrecci\u00f3n y de la guerra civil. El Comit\u00e9 Central ocupa los puntos neur\u00e1lgicos de la ciudad y se instala en el H\u00f4tel de Ville, hasta entonces sede del gobierno. Thiers y su gabinete huyen a Versalles, donde antes se hab\u00eda instalado la Asamblea de los \u201crurales\u201d. As\u00ed se inicia el primer gobierno obrero de la historia.<\/p>\n<div id=\"attachment_65330\" style=\"width: 1290px\" class=\"wp-caption aligncenter\"><img data-recalc-dims=\"1\" loading=\"lazy\" decoding=\"async\" aria-describedby=\"caption-attachment-65330\" class=\"size-full wp-image-65330\" src=\"https:\/\/i0.wp.com\/litci.org\/es\/wp-content\/uploads\/2021\/04\/WhatsApp-Image-2021-04-06-at-11.46.58.jpeg?resize=1280%2C988&#038;ssl=1\" alt=\"\" width=\"1280\" height=\"988\" srcset=\"https:\/\/i0.wp.com\/litci.org\/es\/wp-content\/uploads\/2021\/04\/WhatsApp-Image-2021-04-06-at-11.46.58.jpeg?w=1280&amp;ssl=1 1280w, https:\/\/i0.wp.com\/litci.org\/es\/wp-content\/uploads\/2021\/04\/WhatsApp-Image-2021-04-06-at-11.46.58.jpeg?resize=300%2C232&amp;ssl=1 300w, https:\/\/i0.wp.com\/litci.org\/es\/wp-content\/uploads\/2021\/04\/WhatsApp-Image-2021-04-06-at-11.46.58.jpeg?resize=1024%2C790&amp;ssl=1 1024w, https:\/\/i0.wp.com\/litci.org\/es\/wp-content\/uploads\/2021\/04\/WhatsApp-Image-2021-04-06-at-11.46.58.jpeg?resize=768%2C593&amp;ssl=1 768w, https:\/\/i0.wp.com\/litci.org\/es\/wp-content\/uploads\/2021\/04\/WhatsApp-Image-2021-04-06-at-11.46.58.jpeg?resize=544%2C420&amp;ssl=1 544w, https:\/\/i0.wp.com\/litci.org\/es\/wp-content\/uploads\/2021\/04\/WhatsApp-Image-2021-04-06-at-11.46.58.jpeg?resize=640%2C494&amp;ssl=1 640w, https:\/\/i0.wp.com\/litci.org\/es\/wp-content\/uploads\/2021\/04\/WhatsApp-Image-2021-04-06-at-11.46.58.jpeg?resize=681%2C526&amp;ssl=1 681w\" sizes=\"auto, (max-width: 1000px) 100vw, 1000px\" \/><p id=\"caption-attachment-65330\" class=\"wp-caption-text\">Ca\u00f1ones en Montmartre.<br \/>Fotograf\u00eda de Auguste Bruno Braquehais<\/p><\/div>\n<p>La proclama de 18 de marzo, dec\u00eda: \u201cLos proletarios de la capital, en medio de las faltas y traiciones de las clases dominantes, comprendieron que hab\u00eda llegado el momento de salvar la situaci\u00f3n asumiendo la direcci\u00f3n de los asuntos p\u00fablicos. [&#8230;] comprendi\u00f3 que era su deber imperativo y su derecho absoluto tomar las riendas de su destino y asegurar su triunfo conquistando el poder\u201d. A lo que a\u00f1ad\u00eda el compromiso de luchar por \u201cla abolici\u00f3n del sistema de esclavitud asalariada de una vez por todas\u201d.<\/p>\n<p>La direcci\u00f3n de la Guardia Nacional, imbuido de prejuicios legalistas, no tard\u00f3 en convocar a elecciones municipales para deshacerse del poder<a href=\"#_ftn5\" name=\"_ftnref5\">[5]<\/a>. El 28 de marzo se instala oficialmente la Comuna de Par\u00eds<a href=\"#_ftn6\" name=\"_ftnref6\">[6]<\/a>.<\/p>\n<p>Marx sintetiz\u00f3 la composici\u00f3n y el car\u00e1cter democr\u00e1tico del nuevo poder: \u201cLa Comuna estaba formada por los consejeros municipales elegidos por sufragio universal en los diversos distritos de la ciudad. Eran responsables y revocables en todo momento. La mayor\u00eda de sus miembros eran, naturalmente, obreros o representantes reconocidos de la clase obrera. La Comuna no habr\u00eda de ser un organismo parlamentario sino una corporaci\u00f3n de trabajo, ejecutiva y legislativa al mismo tiempo. En lugar de continuar siendo un instrumento del gobierno central, la polic\u00eda fue despojada inmediatamente de sus atributos pol\u00edticos y convertida en instrumento de la Comuna, responsable ante ella y revocable en todo momento. Lo mismo se hizo con los funcionarios de las dem\u00e1s ramas de la administraci\u00f3n. Desde los miembros de la Comuna para abajo, todos los que desempe\u00f1aban cargos p\u00fablicos deb\u00edan hacerlo con salarios de obreros\u201d<a href=\"#_ftn7\" name=\"_ftnref7\">[7]<\/a>.<\/p>\n<p>En efecto, el primer decreto de la Comuna fue suprimir el ej\u00e9rcito permanente y reemplazarlo por la organizaci\u00f3n del pueblo armado. Esto, en la pr\u00e1ctica, supon\u00eda el quiebre del Estado burgu\u00e9s. Le siguieron una serie de medidas que, aunque no hubo tiempo de aplicarlas plenamente, no permiten dudas acerca de su sentido de clase: suspensi\u00f3n de los pagos en concepto de alquileres; prohibici\u00f3n de la venta de los bienes empe\u00f1ados por los pobres en Monte de Piedad; confirmaci\u00f3n en sus cargos de todos los miembros extranjeros elegidos, puesto que \u201cla bandera de la Comuna es la bandera de la Rep\u00fablica Universal\u201d; separaci\u00f3n definitiva entre la Iglesia y el Estado, concretada en decisiones como la suspensi\u00f3n de todos los pagos p\u00fablicos para fines religiosos, la nacionalizaci\u00f3n de los bienes eclesi\u00e1sticos, la secularizaci\u00f3n de la educaci\u00f3n, la declaraci\u00f3n de la religi\u00f3n como \u201casunto privado\u201d. El 12 de abril, la Comuna determina la demolici\u00f3n de la Columna de la Place Vend\u00f4me \u2013orden que se ejecut\u00f3 el 16 de mayo\u2013 por constituir un s\u00edmbolo del chovinismo franc\u00e9s. El 16 de abril se establece la moratoria de todas las deudas por tres a\u00f1os y la eliminaci\u00f3n de los intereses. Ese mismo d\u00eda se aprob\u00f3 la requisici\u00f3n de las f\u00e1bricas abandonadas y su reorganizaci\u00f3n bajo control de cooperativas obreras. El 20 se abole el trabajo nocturno de los panaderos; diez d\u00edas despu\u00e9s se ordena el cierre de todas las casas de empe\u00f1o. El 25 de abril se confiscan las casas vac\u00edas para alojar a familias sin techo. El 5 de mayo se dispuso la demolici\u00f3n de la Capilla Expiatoria, construida para purgar la ejecuci\u00f3n de Luis XVI. El 11 de mayo se orden\u00f3 la demolici\u00f3n de la casa de Thiers, al que adem\u00e1s le confiscaron sus bienes.<\/p>\n<div id=\"attachment_65329\" style=\"width: 649px\" class=\"wp-caption aligncenter\"><img data-recalc-dims=\"1\" loading=\"lazy\" decoding=\"async\" aria-describedby=\"caption-attachment-65329\" class=\"wp-image-65329 size-full\" src=\"https:\/\/i0.wp.com\/litci.org\/es\/wp-content\/uploads\/2021\/04\/WhatsApp-Image-2021-04-06-at-11.44.54.jpeg?resize=639%2C480&#038;ssl=1\" alt=\"\" width=\"639\" height=\"480\" srcset=\"https:\/\/i0.wp.com\/litci.org\/es\/wp-content\/uploads\/2021\/04\/WhatsApp-Image-2021-04-06-at-11.44.54.jpeg?w=639&amp;ssl=1 639w, https:\/\/i0.wp.com\/litci.org\/es\/wp-content\/uploads\/2021\/04\/WhatsApp-Image-2021-04-06-at-11.44.54.jpeg?resize=300%2C225&amp;ssl=1 300w, https:\/\/i0.wp.com\/litci.org\/es\/wp-content\/uploads\/2021\/04\/WhatsApp-Image-2021-04-06-at-11.44.54.jpeg?resize=559%2C420&amp;ssl=1 559w, https:\/\/i0.wp.com\/litci.org\/es\/wp-content\/uploads\/2021\/04\/WhatsApp-Image-2021-04-06-at-11.44.54.jpeg?resize=80%2C60&amp;ssl=1 80w, https:\/\/i0.wp.com\/litci.org\/es\/wp-content\/uploads\/2021\/04\/WhatsApp-Image-2021-04-06-at-11.44.54.jpeg?resize=100%2C75&amp;ssl=1 100w, https:\/\/i0.wp.com\/litci.org\/es\/wp-content\/uploads\/2021\/04\/WhatsApp-Image-2021-04-06-at-11.44.54.jpeg?resize=180%2C135&amp;ssl=1 180w, https:\/\/i0.wp.com\/litci.org\/es\/wp-content\/uploads\/2021\/04\/WhatsApp-Image-2021-04-06-at-11.44.54.jpeg?resize=238%2C178&amp;ssl=1 238w\" sizes=\"auto, (max-width: 639px) 100vw, 639px\" \/><p id=\"caption-attachment-65329\" class=\"wp-caption-text\">En la imagen se observa la Columna de la Plaza Vendome, derribada por los communards el 16 de mayo de 1871. Foto de Andr\u00e9 Adolphe Eug\u00e8ne Disd\u00e9ri<\/p><\/div>\n<p>Pero, en una ciudad sitiada, estas medidas apenas pudieron esbozarse en la pr\u00e1ctica. A inicios de mayo, el ej\u00e9rcito regular situado en Versalles estaba listo para la ofensiva final. Thiers hizo otro acuerdo con Bismarck, que liber\u00f3 cerca de 60.000 prisioneros franceses para engrosar las fuerzas de la contrarrevoluci\u00f3n. Marx denunci\u00f3 que \u201cel ej\u00e9rcito vencedor y el vencido confraternicen en la matanza com\u00fan del proletariado. La dominaci\u00f3n de clase ya no se puede disfrazar bajo el uniforme nacional; todos los gobiernos nacionales son uno solo contra el proletariado\u201d<a href=\"#_ftn8\" name=\"_ftnref8\">[8]<\/a>.<\/p>\n<p>Desde abril, los versalleses hab\u00edan cercado Par\u00eds, someti\u00e9ndola a constante bombardeo. El 21 de mayo comienza la ofensiva final para acabar con la Comuna. Los <em>communards<\/em> resistieron con coraje, pero poco a poco fueron empujados hacia el este de la ciudad. La derrota sobrevino el 28 de mayo. La \u201csemana sangrienta\u201d, una org\u00eda de atrocidades cometidas por la \u201ccivilizada\u201d burgues\u00eda francesa, termin\u00f3 con el asesinato de 30.000 parisinos, muchos de ellos mujeres y ni\u00f1os. Para acelerar el trabajo utilizaron ametralladoras. Las pilas de cad\u00e1veres, luego de ser exhibidos, fueron arrojados a fosas comunes. Al ba\u00f1o de sangre le siguieron persecuciones, deportaciones, cinco a\u00f1os bajo ley marcial, d\u00e9cadas de calumnias. La bas\u00edlica de Sacr\u00e9-C\u0153ur, codiciado destino tur\u00edstico, fue construida para \u201cexpiar los pecados\u201d de los <em>communards<\/em>.<\/p>\n<p>En palabras de Engels: \u201cHasta despu\u00e9s de ocho d\u00edas de lucha no cayeron en las alturas de Belleville y M\u00e9nilmontant los \u00faltimos defensores de la Comuna; y entonces lleg\u00f3 a su apogeo aquella matanza de hombres desarmados, mujeres y ni\u00f1os, que hab\u00eda hecho estragos durante toda la semana con furia creciente [\u2026] El <em>Muro de los Federados<\/em> del cementerio de P\u00e8re Luchaise, donde se consum\u00f3 el \u00faltimo asesinato en masa, queda todav\u00eda en pie, testimonio mudo pero elocuente del frenes\u00ed a que es capaz de llegar la clase dominante cuando el proletariado se atreve a reclamar sus derechos\u201d<a href=\"#_ftn9\" name=\"_ftnref9\"><sup>[9]<\/sup><\/a>.<\/p>\n<div id=\"attachment_65331\" style=\"width: 2570px\" class=\"wp-caption aligncenter\"><img data-recalc-dims=\"1\" loading=\"lazy\" decoding=\"async\" aria-describedby=\"caption-attachment-65331\" class=\"wp-image-65331 size-full\" src=\"https:\/\/i0.wp.com\/litci.org\/es\/wp-content\/uploads\/2021\/04\/Paris_1871_-_communards-scaled.jpg?resize=2560%2C1899&#038;ssl=1\" alt=\"\" width=\"2560\" height=\"1899\" srcset=\"https:\/\/i0.wp.com\/litci.org\/es\/wp-content\/uploads\/2021\/04\/Paris_1871_-_communards-scaled.jpg?w=2560&amp;ssl=1 2560w, https:\/\/i0.wp.com\/litci.org\/es\/wp-content\/uploads\/2021\/04\/Paris_1871_-_communards-scaled.jpg?resize=300%2C223&amp;ssl=1 300w, https:\/\/i0.wp.com\/litci.org\/es\/wp-content\/uploads\/2021\/04\/Paris_1871_-_communards-scaled.jpg?resize=1024%2C759&amp;ssl=1 1024w, https:\/\/i0.wp.com\/litci.org\/es\/wp-content\/uploads\/2021\/04\/Paris_1871_-_communards-scaled.jpg?resize=768%2C570&amp;ssl=1 768w, https:\/\/i0.wp.com\/litci.org\/es\/wp-content\/uploads\/2021\/04\/Paris_1871_-_communards-scaled.jpg?resize=1536%2C1139&amp;ssl=1 1536w, https:\/\/i0.wp.com\/litci.org\/es\/wp-content\/uploads\/2021\/04\/Paris_1871_-_communards-scaled.jpg?resize=2048%2C1519&amp;ssl=1 2048w, https:\/\/i0.wp.com\/litci.org\/es\/wp-content\/uploads\/2021\/04\/Paris_1871_-_communards-scaled.jpg?resize=566%2C420&amp;ssl=1 566w, https:\/\/i0.wp.com\/litci.org\/es\/wp-content\/uploads\/2021\/04\/Paris_1871_-_communards-scaled.jpg?resize=80%2C60&amp;ssl=1 80w, https:\/\/i0.wp.com\/litci.org\/es\/wp-content\/uploads\/2021\/04\/Paris_1871_-_communards-scaled.jpg?resize=100%2C75&amp;ssl=1 100w, https:\/\/i0.wp.com\/litci.org\/es\/wp-content\/uploads\/2021\/04\/Paris_1871_-_communards-scaled.jpg?resize=180%2C135&amp;ssl=1 180w, https:\/\/i0.wp.com\/litci.org\/es\/wp-content\/uploads\/2021\/04\/Paris_1871_-_communards-scaled.jpg?resize=238%2C178&amp;ssl=1 238w, https:\/\/i0.wp.com\/litci.org\/es\/wp-content\/uploads\/2021\/04\/Paris_1871_-_communards-scaled.jpg?resize=640%2C475&amp;ssl=1 640w, https:\/\/i0.wp.com\/litci.org\/es\/wp-content\/uploads\/2021\/04\/Paris_1871_-_communards-scaled.jpg?resize=681%2C505&amp;ssl=1 681w\" sizes=\"auto, (max-width: 1000px) 100vw, 1000px\" \/><p id=\"caption-attachment-65331\" class=\"wp-caption-text\">Communards asesinados y expuestos por el gobierno republicano. Foto: Andr\u00e9-Adolphe-Eug\u00e8ne Disd\u00e9ri<\/p><\/div>\n<p>El 17 de abril, Marx escribi\u00f3 a su amigo el doctor Kugelmann: \u201cGracias a la Comuna de Par\u00eds, la lucha de la clase obrera contra la clase de los capitalistas y contra el Estado que representa los intereses de esta ha entrado en una nueva fase. Sea cual fuere el desenlace inmediato esta vez, se ha conquistado un nuevo punto de partida que tiene importancia para la historia de todo el mundo\u201d<a href=\"#_ftn10\" name=\"_ftnref10\">[10]<\/a>. Esto ayuda a entender el ensa\u00f1amiento de la represi\u00f3n. La burgues\u00eda necesitaba liquidar este \u201cpunto de partida\u201d de alcance hist\u00f3rico.<\/p>\n<p>La trascendencia de la Comuna de Par\u00eds consisti\u00f3 en que fue una revoluci\u00f3n contra el Estado capitalista: \u201cla Comuna era, esencialmente, un gobierno de la clase obrera, fruto de la lucha de la clase productora contra la clase apropiadora, la forma pol\u00edtica al fin descubierta para llevar a cabo dentro de ella la emancipaci\u00f3n econ\u00f3mica del trabajo\u201d<a href=\"#_ftn11\" name=\"_ftnref11\">[11]<\/a>. Fue la primera revoluci\u00f3n moderna que no se content\u00f3 con adue\u00f1arse de la m\u00e1quina estatal y utilizarla para sus fines, sino que la demoli\u00f3, liquid\u00f3 instituciones claves como el ej\u00e9rcito, la polic\u00eda, el clero, la judicatura. Esta acci\u00f3n, que Marx caracteriz\u00f3 como \u201ccondici\u00f3n previa de toda verdadera revoluci\u00f3n popular en el continente\u201d<a href=\"#_ftn12\" name=\"_ftnref12\">[12]<\/a>, represent\u00f3 el embri\u00f3n de un poder proletario. Desde entonces, el estudio te\u00f3rico de esta experiencia se hizo indispensable para futuros procesos.<\/p>\n<p>El periodo hist\u00f3rico en el que ocurre la Comuna no pod\u00eda, con todo, m\u00e1s que anticipar elementos de las grandes crisis del siglo XX. La guerra franco-prusiana presagi\u00f3 la matanza desatada en 1914; la Comuna de Par\u00eds signific\u00f3 un anuncio de la revoluci\u00f3n proletaria que triunfar\u00eda, por primera vez, en la Rusia de 1917.<\/p>\n<p>Los dirigentes de la Comuna, principalmente blanquistas y proudhonianos<a href=\"#_ftn13\" name=\"_ftnref13\">[13]<\/a>, cometieron graves errores pol\u00edticos, propios de sus respectivas doctrinas, como no haber marchado contra Versalles antes de que la contrarrevoluci\u00f3n pudiera reorganizarse y cercar Par\u00eds; haberse limitado a pedir adelantos al Banco de Francia en lugar de haberlo expropiado<a href=\"#_ftn14\" name=\"_ftnref14\">[14]<\/a>; o la deficiente preparaci\u00f3n militar ante el inminente ataque de Thiers. El an\u00e1lisis de esos l\u00edmites, expresiones de una condescendencia excesiva y de una inclinaci\u00f3n a detenerse luego de los primeros logros, forma parte de un balance hist\u00f3rico que result\u00f3 sumamente \u00fatil para forjar la direcci\u00f3n bolchevique que encabez\u00f3 la toma del poder en 1917 y, por supuesto, sigue vigente hasta la fecha.<\/p>\n<p>La Comuna de Par\u00eds, a pesar de todo, inaugur\u00f3 la era de la \u201cexpropiaci\u00f3n de los expropiadores\u201d. Abri\u00f3 un nuevo cap\u00edtulo en la tradici\u00f3n del internacionalismo proletario, al incorporar a su causa, 65 a\u00f1os antes de la revoluci\u00f3n espa\u00f1ola de 1936, la tradici\u00f3n de las brigadas obreras internacionales, entre las que sobresalen una brigada belga y otra franco-estadounidense. Se sabe, en este sentido, que los versalleses tomaron prisioneros a m\u00e1s de 1.700 \u201cextranjeros\u201d.<\/p>\n<p>La causa de la Comuna es la causa de la revoluci\u00f3n social. La causa de todos los humillados y ofendidos. Un estandarte de la nueva sociedad sin explotaci\u00f3n ni opresi\u00f3n. Esto la hace inmortal. \u201cSus m\u00e1rtires\u201d, escribi\u00f3 Marx, \u201ctienen su santuario en el gran coraz\u00f3n de la clase obrera. Y a sus exterminadores la historia los ha clavado ya en una picota eterna, de la que no lograr\u00e1n redimirlos todas las preces de su clerigalla\u201d<a href=\"#_ftn15\" name=\"_ftnref15\">[15]<\/a>. <em>Vive la Commune.<\/em><\/p>\n<p>Notas:<\/p>\n<p><a href=\"#_ftnref1\" name=\"_ftn1\">[1]<\/a> Engels escribi\u00f3 esta introducci\u00f3n para la tercera edici\u00f3n alemana del trabajo de Marx <em>La guerra civil en Francia<\/em>, publicada en 1891 celebrando el 20 aniversario de la Comuna de Par\u00eds.<\/p>\n<p><a href=\"#_ftnref2\" name=\"_ftn2\">[2]<\/a> MARX, Karl. <em>La guerra civil en Francia. <\/em>Madrid: Fundaci\u00f3n Federico Engels, p. 77.<\/p>\n<p><a href=\"#_ftnref3\" name=\"_ftn3\">[3]<\/a> ENGELS, Friedrich. Introducci\u00f3n. In: MARX, Karl. <em>La guerra civil en Francia\u2026<\/em>, p. 12.<\/p>\n<p><a href=\"#_ftnref4\" name=\"_ftn4\">[4]<\/a> El 26 de febrero de 1871 se firma el acuerdo preliminar de paz. El tratado definitivo fue firmado en Frankfurt el 10 de mayo, pocos d\u00edas antes del aplastamiento de la Comuna.<\/p>\n<p><a href=\"#_ftnref5\" name=\"_ftn5\">[5]<\/a> La convocatoria a elecciones, de acuerdo con Marx, fue un \u201cerror decisivo\u201d que desvi\u00f3 al Comit\u00e9 Central de organizar con urgencia una marcha sobre Versalles, entonces indefenso: \u201cAquel d\u00eda, en las alcald\u00edas de Par\u00eds, las \u201cgentes del orden\u201d cruzaron blandas palabras de conciliaci\u00f3n con sus demasiado generosos vencedores, mientras en su interior hac\u00edan el voto solemne de exterminarlos en el momento oportuno\u201d, MARX, Karl. <em>La guerra civil en Francia\u2026<\/em>, p. 61.<\/p>\n<p><a href=\"#_ftnref6\" name=\"_ftn6\">[6]<\/a> Fueron electos 86 representantes para la Comuna, de los cuales 25 eran obreros.<\/p>\n<p><a href=\"#_ftnref7\" name=\"_ftn7\">[7]<\/a> MARX, Karl. <em>La guerra civil en Francia\u2026,<\/em> p. 67.<\/p>\n<p><a href=\"#_ftnref8\" name=\"_ftn8\">[8]<\/a> MARX, Karl. <em>La guerra civil en Francia\u2026,<\/em> pp. 95-96.<\/p>\n<p><a href=\"#_ftnref9\" name=\"_ftn9\">[9]<\/a> ENGELS, Friedrich. Introducci\u00f3n\u2026, p. 17.<\/p>\n<p><a href=\"#_ftnref10\" name=\"_ftn10\">[10]<\/a> Carta de Marx a Kugelmann, 17\/04\/1871: &lt;<a href=\"https:\/\/www.marxists.org\/espanol\/m-e\/cartas\/m17-4-71.htm\" target=\"_blank\" rel=\"noopener\">https:\/\/www.marxists.org\/espanol\/m-e\/cartas\/m17-4-71.htm<\/a>&gt;.<\/p>\n<p><a href=\"#_ftnref11\" name=\"_ftn11\">[11]<\/a> MARX, Karl. <em>La guerra civil en Francia\u2026,<\/em> p. 71.<\/p>\n<p><a href=\"#_ftnref12\" name=\"_ftn12\">[12]<\/a> Carta de Marx a Kugelmann, 12\/04\/1871: &lt;<a href=\"https:\/\/www.marxists.org\/espanol\/m-e\/cartas\/m12-4-71.htm\" target=\"_blank\" rel=\"noopener\">https:\/\/www.marxists.org\/espanol\/m-e\/cartas\/m12-4-71.htm<\/a>&gt;.<\/p>\n<p><a href=\"#_ftnref13\" name=\"_ftn13\">[13]<\/a> Engels escribi\u00f3: \u201cPor supuesto, cabe a los proudhonianos la principal responsabilidad por los decretos econ\u00f3micos de la Comuna, lo mismo en lo que ata\u00f1e a sus m\u00e9ritos como a sus defectos; a los blanquistas les incumbe la responsabilidad principal por los actos y las omisiones pol\u00edticos\u201d. ENGELS, Friedrich. Introducci\u00f3n\u2026, p. 18.<\/p>\n<p><a href=\"#_ftnref14\" name=\"_ftn14\">[14]<\/a> La Comuna, preocupada con el pago a las tropas de la Guardia Nacional, recibi\u00f3 del Banco de Francia la suma de 20.240.000 de francos en concepto de anticipos, de los cuales 9.400.000 pertenec\u00edan a la ciudad de Par\u00eds. El banco, situado en territorio controlado por los <em>communards<\/em>, pose\u00eda inmensas reservas en efectivo, t\u00edtulos, joyas y lingotes de oro. Versalles, por su parte, recibi\u00f3 257.637.000 de francos, recursos destinados directamente a costear la represi\u00f3n a la Comuna.<\/p>\n<p><a href=\"#_ftnref15\" name=\"_ftn15\">[15]<\/a> MARX, Karl. <em>La guerra civil en Francia\u2026<\/em>, p. 97.<\/p>\n","protected":false},"excerpt":{"rendered":"<p>\u00daltimamente, las palabras \u201cdictadura del proletariado\u201d han vuelto a sumir en santo horror al filisteo socialdem\u00f3crata. Pues bien, caballeros, \u00bfquer\u00e9is saber qu\u00e9 faz presenta esta dictadura? Mirad a la Comuna de Par\u00eds: \u00a1he ah\u00ed la dictadura del proletariado! Friedrich Engels, Introducci\u00f3n a la Guerra civil en Francia, 1891[1]. La existencia de la Comuna de Par\u00eds [&hellip;]<\/p>\n","protected":false},"author":5,"featured_media":65367,"menu_order":0,"comment_status":"closed","ping_status":"closed","sticky":false,"template":"","format":"standard","meta":{"jetpack_post_was_ever_published":false,"_jetpack_newsletter_access":"","_jetpack_dont_email_post_to_subs":false,"_jetpack_newsletter_tier_id":0,"_jetpack_memberships_contains_paywalled_content":false,"litci_post_political_author":"","_jetpack_memberships_contains_paid_content":false,"footnotes":""},"categories":[16204,6482],"tags":[16367,9187,11686,5341,5578,16460,3549],"class_list":["post-65327","post","type-post","status-publish","format-standard","has-post-thumbnail","hentry","category-150-anos-de-la-comuna-de-paris","category-historia","tag-150-anos-comuna-de-paris","tag-comuna-de-paris","tag-daniel-sugasti","tag-engels","tag-estado-burgues","tag-guerra-civil-en-francia","tag-marx"],"jetpack_featured_media_url":"https:\/\/i0.wp.com\/litci.org\/es\/wp-content\/uploads\/2021\/04\/WhatsApp-Image-2021-04-06-at-11.44.28.jpeg?fit=1280%2C977&ssl=1","fimg_url":"https:\/\/i0.wp.com\/litci.org\/es\/wp-content\/uploads\/2021\/04\/WhatsApp-Image-2021-04-06-at-11.44.28.jpeg?fit=1280%2C977&ssl=1","categories_names":["150 a\u00f1os de la Comuna de Par\u00eds","Historia"],"author_info":{"name":"Kely","pic":"https:\/\/secure.gravatar.com\/avatar\/19003bf6219614b90207b39bd4a2733ce9cf96693efdfd639b15a829beed53d1?s=96&d=mm&r=g"},"political_author":null,"tagline":"","jetpack_sharing_enabled":true,"_links":{"self":[{"href":"https:\/\/litci.org\/es\/wp-json\/wp\/v2\/posts\/65327","targetHints":{"allow":["GET"]}}],"collection":[{"href":"https:\/\/litci.org\/es\/wp-json\/wp\/v2\/posts"}],"about":[{"href":"https:\/\/litci.org\/es\/wp-json\/wp\/v2\/types\/post"}],"author":[{"embeddable":true,"href":"https:\/\/litci.org\/es\/wp-json\/wp\/v2\/users\/5"}],"replies":[{"embeddable":true,"href":"https:\/\/litci.org\/es\/wp-json\/wp\/v2\/comments?post=65327"}],"version-history":[{"count":5,"href":"https:\/\/litci.org\/es\/wp-json\/wp\/v2\/posts\/65327\/revisions"}],"predecessor-version":[{"id":78327,"href":"https:\/\/litci.org\/es\/wp-json\/wp\/v2\/posts\/65327\/revisions\/78327"}],"wp:featuredmedia":[{"embeddable":true,"href":"https:\/\/litci.org\/es\/wp-json\/wp\/v2\/media\/65367"}],"wp:attachment":[{"href":"https:\/\/litci.org\/es\/wp-json\/wp\/v2\/media?parent=65327"}],"wp:term":[{"taxonomy":"category","embeddable":true,"href":"https:\/\/litci.org\/es\/wp-json\/wp\/v2\/categories?post=65327"},{"taxonomy":"post_tag","embeddable":true,"href":"https:\/\/litci.org\/es\/wp-json\/wp\/v2\/tags?post=65327"}],"curies":[{"name":"wp","href":"https:\/\/api.w.org\/{rel}","templated":true}]}}