{"id":64661,"date":"2021-02-15T14:03:17","date_gmt":"2021-02-15T14:03:17","guid":{"rendered":"https:\/\/litci.org\/es\/?p=64661"},"modified":"2024-11-03T13:28:33","modified_gmt":"2024-11-03T13:28:33","slug":"123-anos-de-bertolt-brecht-y-el-teatro-dialectico","status":"publish","type":"post","link":"https:\/\/litci.org\/es\/123-anos-de-bertolt-brecht-y-el-teatro-dialectico\/","title":{"rendered":"123 a\u00f1os de Bertolt Brecht y el teatro dial\u00e9ctico"},"content":{"rendered":"<p><em>El 10 de febrero de 1898, hace 123 a\u00f1os, nac\u00eda en Alemania el director dramaturgo, poeta y te\u00f3rico del teatro Eugene Bertolt Friedrich Brecht, m\u00e1s conocido como Bertolt Brecht. Desarroll\u00f3 una intensa actividad teatral en Alemania en el per\u00edodo de la Rep\u00fablica de Weimar (1919-1933). Junto con el tambi\u00e9n alem\u00e1n Piscator, con quien trabaj\u00f3, y el ruso Meierhold, desarroll\u00f3 el llamado \u201cteatro \u00e9pico\u201d, una nueva forma de concepci\u00f3n del teatro, volcada para la nueva era de la humanidad, con un gran desarrollo de la ciencia y la tecnolog\u00eda.<\/em><!--more--><\/p>\n<p>Por: Raphael Furtado, Vit\u00f3ria, Esp\u00edrito Santo<\/p>\n<p>Brecht defend\u00eda que era necesario un teatro en el cual el espectador \u201cno dejase su cerebro junto con el sombrero en la entrada del teatro\u201d, que, sin abrir mano del car\u00e1cter de diversi\u00f3n del espect\u00e1culo teatral, llevase al espectador a reflexionar. Al contrario del llamado \u201cteatro aristot\u00e9lico\u201d, basado en la catarsis, o sea, en solo emocionarse, llorar y re\u00edr durante el espect\u00e1culo, sin tiempo para reflexionar, Brecht (y otros de la misma l\u00ednea) propon\u00eda siempre un proceso de reflexi\u00f3n, quiebra y distanciamiento. En un momento en que deber\u00eda ser de gran tensi\u00f3n dram\u00e1tica, de repente un actor interrumpe la escena y conversa con la platea, llev\u00e1ndola a cuestionar la situaci\u00f3n, por ejemplo.<\/p>\n<p>Brecht gustaba recordar a los espectadores que estaban en un teatro asistiendo una pieza, que aquello no era real, aunque abordase cuestiones importantes para la realidad.<\/p>\n<p>No por casualidad, una de sus principales piezas fue <em>Vida de Galileo<\/em>. El brillante cient\u00edfico pisano es el personaje perfecto para que Brecht desarrolle sus ideas. Galileo representa la ruptura con la tradici\u00f3n aristot\u00e9lica de la ciencia. La revoluci\u00f3n cient\u00edfica iniciada por Galileo ca\u00eda como un guante para la idea brechtiana de \u201cconocimiento como diversi\u00f3n\u201d. El personaje a\u00fan permit\u00eda a Brecht criticar la hipocres\u00eda de la Iglesia cat\u00f3lica y de la burgues\u00eda que explotaba las grandes navegaciones. La lamentable y verdadera escena en que los \u201cdoctores de la Iglesia\u201d se niegan a mirar por la luneta de Galileo y ver las lunas de J\u00fapiter porque, al final, estas no deber\u00edan existir, es un cachetazo en la cara de todos nosotros que tenemos que lidiar a\u00fan hoy con el negacionismo cient\u00edfico de una burgues\u00eda genocida.<\/p>\n<p>Con la llegada de Hitler al poder en 1933, Brecht se exilia en diversos pa\u00edses de Europa, llegando por fin a los Estados Unidos en 1941. Luego de la Segunda Guerra Mundial, perseguido por el macartismo volvi\u00f3 a Europa, instal\u00e1ndose en Berl\u00edn Oriental, donde fund\u00f3 su famosa compa\u00f1\u00eda, el Berliner Ensemble.<\/p>\n<p><img data-recalc-dims=\"1\" loading=\"lazy\" decoding=\"async\" class=\"alignnone size-full wp-image-64663\" src=\"https:\/\/i0.wp.com\/litci.org\/es\/wp-content\/uploads\/2021\/02\/brecht-3-madre.jpeg?resize=930%2C450&#038;ssl=1\" alt=\"\" width=\"930\" height=\"450\" srcset=\"https:\/\/i0.wp.com\/litci.org\/es\/wp-content\/uploads\/2021\/02\/brecht-3-madre.jpeg?w=930&amp;ssl=1 930w, https:\/\/i0.wp.com\/litci.org\/es\/wp-content\/uploads\/2021\/02\/brecht-3-madre.jpeg?resize=300%2C145&amp;ssl=1 300w, https:\/\/i0.wp.com\/litci.org\/es\/wp-content\/uploads\/2021\/02\/brecht-3-madre.jpeg?resize=768%2C372&amp;ssl=1 768w, https:\/\/i0.wp.com\/litci.org\/es\/wp-content\/uploads\/2021\/02\/brecht-3-madre.jpeg?resize=868%2C420&amp;ssl=1 868w, https:\/\/i0.wp.com\/litci.org\/es\/wp-content\/uploads\/2021\/02\/brecht-3-madre.jpeg?resize=640%2C310&amp;ssl=1 640w, https:\/\/i0.wp.com\/litci.org\/es\/wp-content\/uploads\/2021\/02\/brecht-3-madre.jpeg?resize=681%2C330&amp;ssl=1 681w\" sizes=\"auto, (max-width: 930px) 100vw, 930px\" \/><\/p>\n<p><strong>La obra y la actuaci\u00f3n pol\u00edtica de Brecht<\/strong><\/p>\n<p>Brecht es autor de una extensa e importante obra, teniendo varias de sus piezas montadas en el Brasil. Algunas de sus piezas m\u00e1s importantes son <em>Baal,<\/em> la ya citada <em>Vida de Galileo, Terror y miseria en el Tercer Reich, Los fusiles de la se\u00f1ora Carrar, Madre Coraje y sus hijos,<\/em> y <em>La \u00f3pera de los tres centavos.<\/em> Sus piezas siempre traen fuerte componente de cr\u00edtica social. Una vez declar\u00f3 que fue solo haber le\u00eddo <em>El Capital<\/em> de Karl Marx para entender sus propias piezas. Sin duda, Brecht buscaba retratar la complejidad del capitalismo de la \u00e9poca en su producci\u00f3n cultural.<\/p>\n<p>A pesar de su producci\u00f3n cultural fuertemente influenciada por el marxismo, Brecht nunca fue de ninguna organizaci\u00f3n ni se afili\u00f3 al Partido Comunista. Se call\u00f3 frente a las purgas estalinistas que victimizaron a diversos de sus colegas, incluso a Meierhold, acusado por Stalin de \u201ctrotskismo\u201d. Brecht lleg\u00f3 a defender la represi\u00f3n del gobierno de Alemania Oriental (con el apoyo de los tanques sovi\u00e9ticos) a un levante popular en aquel pa\u00eds, en 1953. No obstante, nunca apoy\u00f3 el \u201crealismo socialista\u201d, puro orgullo estalinista, propaganda oficial de aquel r\u00e9gimen contrarrevolucionario.<\/p>\n<p>Aunque de forma t\u00edmida, en el final de su vida Brecht dej\u00f3 traslucir alguna cr\u00edtica al monstruo burocr\u00e1tico en que los Estados obreros se hab\u00edan convertido. Un ejemplo es el peque\u00f1o poema \u201cLa soluci\u00f3n\u201d, en el cual muestra otra lectura sobre el levante de 1953: \u201cDespu\u00e9s del levante del 17 de junio\/ el secretario de la uni\u00f3n de los escritores\/ distribuy\u00f3 panfletos en la avenida Stalin\/ diciendo que el pueblo hab\u00eda perdido la confianza del gobierno\/ y solo podr\u00eda recuperarla\/ si redoblase sus esfuerzos\/ \u00bfNo ser\u00eda m\u00e1s f\u00e1cil\/ en ese caso, para el gobierno\/ disolver al pueblo\/ y elegir otro?\u201d<\/p>\n<p>En 1956, con apenas 58 a\u00f1os, Brecht sufri\u00f3 un ataque card\u00edaco y muri\u00f3 en Berl\u00edn Oriental. Su obra contin\u00faa siendo de enorme inspiraci\u00f3n para los que sue\u00f1an y luchan por superar el capitalismo.<\/p>\n<p><strong><img data-recalc-dims=\"1\" loading=\"lazy\" decoding=\"async\" class=\"alignnone size-full wp-image-64664\" src=\"https:\/\/i0.wp.com\/litci.org\/es\/wp-content\/uploads\/2021\/02\/brecht-2-berlin.jpeg?resize=1068%2C584&#038;ssl=1\" alt=\"\" width=\"1068\" height=\"584\" srcset=\"https:\/\/i0.wp.com\/litci.org\/es\/wp-content\/uploads\/2021\/02\/brecht-2-berlin.jpeg?w=1068&amp;ssl=1 1068w, https:\/\/i0.wp.com\/litci.org\/es\/wp-content\/uploads\/2021\/02\/brecht-2-berlin.jpeg?resize=300%2C164&amp;ssl=1 300w, https:\/\/i0.wp.com\/litci.org\/es\/wp-content\/uploads\/2021\/02\/brecht-2-berlin.jpeg?resize=1024%2C560&amp;ssl=1 1024w, https:\/\/i0.wp.com\/litci.org\/es\/wp-content\/uploads\/2021\/02\/brecht-2-berlin.jpeg?resize=768%2C420&amp;ssl=1 768w, https:\/\/i0.wp.com\/litci.org\/es\/wp-content\/uploads\/2021\/02\/brecht-2-berlin.jpeg?resize=640%2C350&amp;ssl=1 640w, https:\/\/i0.wp.com\/litci.org\/es\/wp-content\/uploads\/2021\/02\/brecht-2-berlin.jpeg?resize=681%2C372&amp;ssl=1 681w\" sizes=\"auto, (max-width: 1000px) 100vw, 1000px\" \/>\u00a0<\/strong><\/p>\n<p><strong>Glosario<\/strong><\/p>\n<p>Macartismo: movimiento iniciado por el senador estadounidense Joseph McCarthy durante la Guerra Fr\u00eda, que estimulaba la caza de los comunistas que supuestamente conspiraban contra los Estados Unidos.<\/p>\n<p>Rep\u00fablica de Weimar: per\u00edodo de la historia alemana entre los a\u00f1os 1919 y 1933, entre el fin de la Primera Guerra Mundial y el ascenso de partido nazista al poder, en el cual se sucedieron gobiernos democr\u00e1ticos.<\/p>\n<p>Art\u00edculo publicado en <a href=\"http:\/\/www.pstu.org.br\" target=\"_blank\" rel=\"noopener\">www.pstu.org.br<\/a><br \/>\nTraducci\u00f3n: Natalia Estrada.<\/p>\n","protected":false},"excerpt":{"rendered":"<p>El 10 de febrero de 1898, hace 123 a\u00f1os, nac\u00eda en Alemania el director dramaturgo, poeta y te\u00f3rico del teatro Eugene Bertolt Friedrich Brecht, m\u00e1s conocido como Bertolt Brecht. Desarroll\u00f3 una intensa actividad teatral en Alemania en el per\u00edodo de la Rep\u00fablica de Weimar (1919-1933). Junto con el tambi\u00e9n alem\u00e1n Piscator, con quien trabaj\u00f3, y [&hellip;]<\/p>\n","protected":false},"author":4,"featured_media":64662,"menu_order":0,"comment_status":"closed","ping_status":"closed","sticky":false,"template":"","format":"standard","meta":{"jetpack_post_was_ever_published":false,"_jetpack_newsletter_access":"","_jetpack_dont_email_post_to_subs":false,"_jetpack_newsletter_tier_id":0,"_jetpack_memberships_contains_paywalled_content":false,"litci_post_political_author":"","_jetpack_memberships_contains_paid_content":false,"footnotes":""},"categories":[10805,2696,6482,2653],"tags":[16219,16221,16224,16223,16220,16222],"class_list":["post-64661","post","type-post","status-publish","format-standard","has-post-thumbnail","hentry","category-cultura","category-alemania","category-historia","category-pstu-brasil","tag-bertolt-brecht","tag-critica-social","tag-raphael-furtado","tag-teatro-dialectico","tag-teatro-epico","tag-teatro-y-cultura"],"jetpack_featured_media_url":"https:\/\/i0.wp.com\/litci.org\/es\/wp-content\/uploads\/2021\/02\/brecht-696x602-1.jpeg?fit=696%2C602&ssl=1","fimg_url":"https:\/\/i0.wp.com\/litci.org\/es\/wp-content\/uploads\/2021\/02\/brecht-696x602-1.jpeg?fit=696%2C602&ssl=1","categories_names":["Alemania","Cultura","Historia","PSTU - Brasil"],"author_info":{"name":"Administraci\u00f3n Site","pic":"https:\/\/secure.gravatar.com\/avatar\/1fc4a65db396208ca881747f59a66a20c6b8670747457224753e1e98c43f719b?s=96&d=mm&r=g"},"political_author":null,"tagline":"","jetpack_sharing_enabled":true,"_links":{"self":[{"href":"https:\/\/litci.org\/es\/wp-json\/wp\/v2\/posts\/64661","targetHints":{"allow":["GET"]}}],"collection":[{"href":"https:\/\/litci.org\/es\/wp-json\/wp\/v2\/posts"}],"about":[{"href":"https:\/\/litci.org\/es\/wp-json\/wp\/v2\/types\/post"}],"author":[{"embeddable":true,"href":"https:\/\/litci.org\/es\/wp-json\/wp\/v2\/users\/4"}],"replies":[{"embeddable":true,"href":"https:\/\/litci.org\/es\/wp-json\/wp\/v2\/comments?post=64661"}],"version-history":[{"count":1,"href":"https:\/\/litci.org\/es\/wp-json\/wp\/v2\/posts\/64661\/revisions"}],"predecessor-version":[{"id":64665,"href":"https:\/\/litci.org\/es\/wp-json\/wp\/v2\/posts\/64661\/revisions\/64665"}],"wp:featuredmedia":[{"embeddable":true,"href":"https:\/\/litci.org\/es\/wp-json\/wp\/v2\/media\/64662"}],"wp:attachment":[{"href":"https:\/\/litci.org\/es\/wp-json\/wp\/v2\/media?parent=64661"}],"wp:term":[{"taxonomy":"category","embeddable":true,"href":"https:\/\/litci.org\/es\/wp-json\/wp\/v2\/categories?post=64661"},{"taxonomy":"post_tag","embeddable":true,"href":"https:\/\/litci.org\/es\/wp-json\/wp\/v2\/tags?post=64661"}],"curies":[{"name":"wp","href":"https:\/\/api.w.org\/{rel}","templated":true}]}}