{"id":64173,"date":"2020-12-11T16:27:03","date_gmt":"2020-12-11T16:27:03","guid":{"rendered":"https:\/\/litci.org\/es\/?p=64173"},"modified":"2024-11-03T13:28:43","modified_gmt":"2024-11-03T13:28:43","slug":"64173-2","status":"publish","type":"post","link":"https:\/\/litci.org\/es\/64173-2\/","title":{"rendered":"Sali\u00f3 la revista Marxismo Vivo #16"},"content":{"rendered":"<p><em>Reproducimos la presentaci\u00f3n y el \u00edndice del nuevo n\u00famero de la Revista Marxismo Vivo.<\/em><!--more--><\/p>\n<p>A nuestros lectores<\/p>\n<p>Despu\u00e9s de once meses sin hacerlo, volvemos a publicar la revista Marxismo <em>Vivo \u2013 Nueva \u00e9poca<\/em>, ahora en forma digital.<\/p>\n<p>La pandemia del coronavirus nos llev\u00f3, por prudencia frente a posibles nuevos contagios, a parar con la publicaci\u00f3n de la revista en papel.<\/p>\n<p>Solo que la resoluci\u00f3n de no publicar la revista durante la pandemia, entr\u00f3 en contradicci\u00f3n con las necesidades de la vanguardia obrera y popular a quien ella est\u00e1 dirigida.<\/p>\n<p>La nueva situaci\u00f3n mundial, marcada por el coronavirus por un lado, y la brutal crisis de la econom\u00eda capitalista por el otro, nos exige llevar a cabo estudios profundos de una realidad que cambia d\u00eda a d\u00eda.<\/p>\n<p>Solo que, para el an\u00e1lisis y la pol\u00edtica, se hace necesario que la vanguardia obrera y popular se fortalezca te\u00f3ricamente pues, como dec\u00eda Lenin, sin teor\u00eda revolucionaria no hay pol\u00edtica revolucionaria.<\/p>\n<p>Es por lo dicho anteriormente, y dado que la pandemia contin\u00faa, que decidimos publicar esta revista en forma digital. En un primer momento la pandemia era una amenaza para la vida de millones de personas, especialmente las m\u00e1s pobres. De la misma manera, la crisis de la econ\u00f3mica capitalista amenazaba tambi\u00e9n la sobrevivencia de un n\u00famero a\u00fan mayor de personas.<\/p>\n<p>Hoy en d\u00eda la pandemia dej\u00f3 de ser una amenaza para transformarse en una realidad. Todos los pa\u00edses del mundo est\u00e1n ya sufriendo sus consecuencias. De igual forma, una segunda onda de la misma dej\u00f3 de ser una posibilidad para transformarse en una realidad, como lo atestigua la situaci\u00f3n actual de toda Europa, a la vez que ya hay pa\u00edses que est\u00e1n sufriendo una tercera onda, como es el caso de Ir\u00e1n.<\/p>\n<p>En el inicio de la pandemia, muchos consideraron que era una exageraci\u00f3n hablar de la posibilidad de varios millones de muertos. Pero, a casi un a\u00f1o de haber comenzado, los n\u00fameros no dejan lugar a dudas. Oficialmente hay ya, en nivel mundial, m\u00e1s de cincuenta y cinco millones de personas contaminadas y m\u00e1s de un mill\u00f3n y trescientos mil muertos, cifra que puede estar, seg\u00fan varios especialistas, en m\u00e1s de cinco millones si se toma en cuenta la subnotificaci\u00f3n que existe por parte de la mayor\u00eda de los gobiernos.<\/p>\n<p>Frente a esta realidad los sectores m\u00e1s pobres, que son las grandes v\u00edctimas de la pandemia y de la crisis econ\u00f3mica, despu\u00e9s de un per\u00edodo de reflujo est\u00e1n protagonizando levantamientos de masas en un gran n\u00famero de pa\u00edses, siendo uno de los mayores el de Estados Unidos.<\/p>\n<p>Por otra parte, esta respuesta inicial de las masas a la ofensiva del capital comienza a tener reflejos superestructurales, como puede verse en la reciente derrota electoral de Trump en Estados Unidos. Esta nueva situaci\u00f3n mundial plantea, en el terreno program\u00e1tico, viejos y nuevos desaf\u00edos para los revolucionarios de todo el mundo.<\/p>\n<p>Nuestra revista no es ni pretende transformarse en un manual de respuestas para cada uno de los desaf\u00edos planteados. Por el contrario, con ella pretendemos abordar los problemas te\u00f3ricos que est\u00e1n por detr\u00e1s de cada situaci\u00f3n, para ayudar a tener una buena compresi\u00f3n de estas, y, de esa forma, facilitar las respuestas pol\u00edticas.<\/p>\n<p>Mientras dure la pandemia mantendremos la revista en forma digital. Cuando ella termine tendremos que ver si volvemos a la edici\u00f3n en papel, si por el contrario mantenemos solo la edici\u00f3n digital o si mantenemos las dos ediciones. En gran medida, la respuesta a este interrogante depender\u00e1 del balance que hagamos sobre esta experiencia del <em>Marxismo Vivo <\/em>digital.<\/p>\n<p>Los editores<\/p>\n<p><strong>TEMAS CONTENIDOS:<\/strong><\/p>\n<p><strong>08 A nuestros lectores<\/strong><strong><br \/>\n10 La cuesti\u00f3n negra en la revoluci\u00f3n socialista<br \/>\n<\/strong>Tesis sobre la cuesti\u00f3n negra<br \/>\nNazareno Godeiro &#8211; Brasil<br \/>\n<strong>28 La estatizaci\u00f3n de los medios de producci\u00f3n,<\/strong><strong><br \/>\n\u00bfes una medida socialista?<br \/>\n<\/strong>Marcos Margarido &#8211; Brasil<br \/>\n30 Engels sobre la nacionalizaci\u00f3n<br \/>\nde los medios de producci\u00f3n<br \/>\n34 La propuesta de nacionalizaci\u00f3n de Lenin en 1917<br \/>\n36 Trotsky y las nacionalizaciones de la d\u00e9cada de 1930<br \/>\n40 La pol\u00edtica de nacionalizaci\u00f3n y el control obrero<br \/>\nen el programa revolucionario<br \/>\n44 <strong>Dossier: A 200 a\u00f1os del nacimiento de Engels<\/strong><strong><br \/>\n45 En defensa de Friedrich Engels,<br \/>\n<\/strong>en defensa del marxismo<strong><br \/>\n<\/strong>Daniel Sugasti &#8211; Paraguay<br \/>\n55 <strong>Las contribuciones de Engels al marxismo<\/strong><strong><br \/>\n<\/strong>Jos\u00e9 Welmowicki &#8211; Brasil<br \/>\n57 El primer ataque: Luk\u00e1cs<br \/>\n60 Otros cr\u00edticos<\/p>\n<p><strong>62 <\/strong>\u00bfEl materialismo mecanicista en su versi\u00f3n estalinista<br \/>\nes una derivaci\u00f3n de la dial\u00e9ctica de la naturaleza de Engels?<br \/>\n<strong>64 <\/strong>Robert Havemann: el combate al estalinismo<br \/>\nen la ex Alemania Oriental, apoyado en Engels<br \/>\n<strong>66 <\/strong>\u00bfEngels ten\u00eda una concepci\u00f3n opuesta a la de Marx<br \/>\nen la aplicaci\u00f3n de la dial\u00e9ctica a la naturaleza?<br \/>\n<strong>69 Consecuencias program\u00e1ticas de las distintas<br \/>\ncr\u00edticas a la obra de Engels<br \/>\n<\/strong><em>Jos\u00e9 Welmowicki &#8211; <\/em>Brasil<br \/>\n<strong>78 <\/strong>Rosa Luxemburgo recurre a Engels en la lucha<br \/>\ncontra los reformistas de la Segunda Internacional<br \/>\n<strong>79 <\/strong>\u00bfLenin habr\u00eda superado a Engels y su \u2018mecanicismo\u2019?<br \/>\n<strong>83 <\/strong>Trotsky y Engels<\/p>\n<p><strong>85:<\/strong> \u00bfPor qu\u00e9 reivindicar a Engels contra los ataques infundados<br \/>\nes decisivo hoy para desarrollar e marxismo?<\/p>\n<p><strong>90 \u00bfSe habr\u00eda transformado Engels<br \/>\nen un reformista al final de su vida?<br \/>\n<\/strong><em>Marcos Margarido &#8211; <\/em>Brasil<br \/>\n<strong>92 <\/strong>La relaci\u00f3n entre Marx y Engels y el partido alem\u00e1n<br \/>\n<strong>94 <\/strong>El contexto hist\u00f3rico en que Engels intervino<br \/>\n<strong>101 <\/strong>\u00bfQu\u00e9 defend\u00eda Engels?<br \/>\n<strong>105 <\/strong>\u00bfQu\u00e9 dec\u00eda la <em>Introducci\u00f3n<\/em>?<br \/>\n<strong>111 Engels, el general<br \/>\n<\/strong><em>Am\u00e9rico Gomes &#8211; <\/em>Brasil<br \/>\n<strong>114 <\/strong>El arte de la insurrecci\u00f3n<br \/>\n<strong>115 <\/strong>Guerra Civil norteamericana<\/p>\n<p><strong>119 <\/strong>Luchas de barricadas<br \/>\n<strong>124 <\/strong>Engels y la violencia<br \/>\n<strong>127 <\/strong>El trabajo militar en Alemania<br \/>\n<strong>129 <\/strong>Las conclusiones de Engels sobre la toma del poder<br \/>\npor el proletariado<br \/>\n<strong>132 Debates Program\u00e1ticos<br \/>\n133 \u00bfNo existe una l\u00f3gica marxista?<br \/>\n<\/strong><em>Alicia Sagra &#8211; <\/em>Argentina<br \/>\n<strong>135 <\/strong>\u00bfL\u00f3gica dial\u00e9ctica como sin\u00f3nimo de idealismo?<br \/>\n<strong>136 <\/strong>Las Leyes de la dial\u00e9ctica<br \/>\n<strong>138 <\/strong>Marx, Engels, Lenin y Trotsky<br \/>\nsobre la dial\u00e9ctica materialista<br \/>\n<strong>140 <\/strong>Engels: las leyes de la dial\u00e9ctica<br \/>\n<strong>142 <\/strong>El m\u00e9todo marxista\u2010 la dial\u00e9ctica<br \/>\ncomo m\u00e9todo de conocimiento<br \/>\n<strong>143 <\/strong>Lenin: Relaci\u00f3n dial\u00e9ctica \u2010 teor\u00eda del conocimiento<br \/>\n<strong>144 <\/strong>La dial\u00e9ctica como m\u00e9todo \u2010 Aplicaci\u00f3n del materialismo<br \/>\ndial\u00e9ctico a la historia<br \/>\n<strong>145 <\/strong>Relaci\u00f3n de la dial\u00e9ctica con las ciencias naturales<br \/>\n<strong>145 <\/strong>Trotsky: la dial\u00e9ctica como m\u00e9todo de conocimiento<br \/>\n<strong>146 <\/strong>La dial\u00e9ctica materialista y su aplicaci\u00f3n<br \/>\nen el Materialismo Hist\u00f3rico<br \/>\n<strong>148 <\/strong>La lucha contra la deformaci\u00f3n estalinista<br \/>\n<strong>152 <\/strong>Finalmente, qu\u00e9 dice Marx de su m\u00e9todo dial\u00e9ctico,<br \/>\n\u00bfexiste o no?<br \/>\n<strong>156 <\/strong>\u00bfCon qui\u00e9n debate Gustavo Machado?<br \/>\n<strong>156 <\/strong>Algunas preguntas finales<br \/>\n<strong>158 Las categor\u00edas y su contenido<br \/>\n<\/strong><em>Alejandro Iturbe &#8211; <\/em>Brasil<br \/>\n<strong>158 <\/strong>La relaci\u00f3n entre an\u00e1lisis y definici\u00f3n<br \/>\n<strong>159 <\/strong>Trotsky sobre la URSS<br \/>\n<strong>160 <\/strong>La relaci\u00f3n entre definici\u00f3n y categor\u00eda<br \/>\n<strong>161 <\/strong>La definici\u00f3n de situaci\u00f3n revolucionaria de Lenin<br \/>\n<strong>162 <\/strong>El an\u00e1lisis de Trotsky en 1931<br \/>\n<strong>164 <\/strong>La formulaci\u00f3n de 1940<br \/>\n<strong>165 <\/strong>Moreno vuelve a la definici\u00f3n de Lenin<br \/>\n<strong>166 <\/strong>Las diferentes \u201crevoluciones de Febrero\u201d<br \/>\n<strong>167 <\/strong>La necesidad de categor\u00edas m\u00e1s flexibles<br \/>\n<strong>168 <\/strong>La contradicci\u00f3n en la elaboraci\u00f3n y el uso de categor\u00edas<br \/>\n<strong>169 <\/strong>\u201cLos de arriba\u201d en nivel mundial<br \/>\n<strong>171 <\/strong>El \u201corden mundial\u201d<br \/>\n<strong>172 <\/strong>\u201cLos de abajo\u201d<br \/>\n<strong>173 <\/strong>Los cuatro primeros congresos de la III Internacional<br \/>\n<strong>176 Algunas cuestiones<br \/>\nsobre Dictadura del Proletariado<br \/>\n<\/strong><em>Hans Meyer &#8211; <\/em>Alemania<br \/>\n<strong>179 <\/strong>I \u2010 Dictadura del proletariado: m\u00e1s all\u00e1 de la definici\u00f3n social<br \/>\ndel Estado<br \/>\n<strong>192 <\/strong>II \u2010 Dictadura del proletariado, estalinismo y restauraci\u00f3n<br \/>\n<strong>203 <\/strong>III \u2010 La crisis del trotskismo frente a la restauraci\u00f3n<br \/>\n<strong>211 <\/strong>IV \u2010 La dictadura del proletariado y nuestro programa.<\/p>\n<p>Para comprar:<\/p>\n<ol>\n<li>Ingresar a la p\u00e1gina: https:\/\/marxismovivo.org\/<\/li>\n<li>Hacer click en -comprar ahora- para la edici\u00f3n 16<\/li>\n<li>Seleccionar m\u00e9todo de pago (Paypal, tarjeta de d\u00e9bito o cr\u00e9dito)<\/li>\n<li>Seleccionar regi\u00f3n de compra<\/li>\n<li>Al finalizar todos los pasos, autom\u00e1ticamente la revista se descargar\u00e1 en un archivo PDF<\/li>\n<\/ol>\n<p>&nbsp;<\/p>\n","protected":false},"excerpt":{"rendered":"<p>Reproducimos la presentaci\u00f3n y el \u00edndice del nuevo n\u00famero de la Revista Marxismo Vivo.<\/p>\n","protected":false},"author":5,"featured_media":64174,"menu_order":0,"comment_status":"closed","ping_status":"closed","sticky":false,"template":"","format":"standard","meta":{"jetpack_post_was_ever_published":false,"_jetpack_newsletter_access":"","_jetpack_dont_email_post_to_subs":false,"_jetpack_newsletter_tier_id":0,"_jetpack_memberships_contains_paywalled_content":false,"litci_post_political_author":"","_jetpack_memberships_contains_paid_content":false,"footnotes":""},"categories":[2794],"tags":[5341,16049],"class_list":["post-64173","post","type-post","status-publish","format-standard","has-post-thumbnail","hentry","category-teoria","tag-engels","tag-mv"],"jetpack_featured_media_url":"https:\/\/i0.wp.com\/litci.org\/es\/wp-content\/uploads\/2020\/12\/Captura-de-pantalla-2020-11-28-154157.png?fit=557%2C792&ssl=1","fimg_url":"https:\/\/i0.wp.com\/litci.org\/es\/wp-content\/uploads\/2020\/12\/Captura-de-pantalla-2020-11-28-154157.png?fit=557%2C792&ssl=1","categories_names":["TEOR\u00cdA"],"author_info":{"name":"Kely","pic":"https:\/\/secure.gravatar.com\/avatar\/19003bf6219614b90207b39bd4a2733ce9cf96693efdfd639b15a829beed53d1?s=96&d=mm&r=g"},"political_author":null,"tagline":"","jetpack_sharing_enabled":true,"_links":{"self":[{"href":"https:\/\/litci.org\/es\/wp-json\/wp\/v2\/posts\/64173","targetHints":{"allow":["GET"]}}],"collection":[{"href":"https:\/\/litci.org\/es\/wp-json\/wp\/v2\/posts"}],"about":[{"href":"https:\/\/litci.org\/es\/wp-json\/wp\/v2\/types\/post"}],"author":[{"embeddable":true,"href":"https:\/\/litci.org\/es\/wp-json\/wp\/v2\/users\/5"}],"replies":[{"embeddable":true,"href":"https:\/\/litci.org\/es\/wp-json\/wp\/v2\/comments?post=64173"}],"version-history":[{"count":3,"href":"https:\/\/litci.org\/es\/wp-json\/wp\/v2\/posts\/64173\/revisions"}],"predecessor-version":[{"id":64177,"href":"https:\/\/litci.org\/es\/wp-json\/wp\/v2\/posts\/64173\/revisions\/64177"}],"wp:featuredmedia":[{"embeddable":true,"href":"https:\/\/litci.org\/es\/wp-json\/wp\/v2\/media\/64174"}],"wp:attachment":[{"href":"https:\/\/litci.org\/es\/wp-json\/wp\/v2\/media?parent=64173"}],"wp:term":[{"taxonomy":"category","embeddable":true,"href":"https:\/\/litci.org\/es\/wp-json\/wp\/v2\/categories?post=64173"},{"taxonomy":"post_tag","embeddable":true,"href":"https:\/\/litci.org\/es\/wp-json\/wp\/v2\/tags?post=64173"}],"curies":[{"name":"wp","href":"https:\/\/api.w.org\/{rel}","templated":true}]}}