{"id":63840,"date":"2020-11-19T11:16:53","date_gmt":"2020-11-19T11:16:53","guid":{"rendered":"https:\/\/litci.org\/es\/?p=63840"},"modified":"2024-11-03T13:28:50","modified_gmt":"2024-11-03T13:28:50","slug":"el-desastre-de-duque-la-tragedia-del-huracan-iota-es-responsabilidad-del-gobierno","status":"publish","type":"post","link":"https:\/\/litci.org\/es\/el-desastre-de-duque-la-tragedia-del-huracan-iota-es-responsabilidad-del-gobierno\/","title":{"rendered":"El desastre de Duque: La tragedia del Hurac\u00e1n Iota es responsabilidad del Gobierno"},"content":{"rendered":"<p><em>Los huracanes son fen\u00f3menos naturales, cada vez m\u00e1s agresivos y frecuentes, como resultado de la crisis clim\u00e1tica y ambiental producida por la voracidad capitalista, por un sistema que pone las ganancias privadas por encima del planeta y el bienestar de la poblaci\u00f3n. No se puede detener el hurac\u00e1n una vez formado, pero s\u00ed se pueden tomar medidas preventivas y mitigar los efectos, dado que, a diferencia de un terremoto, el hurac\u00e1n se ve venir. Iota acaba de pasar por el Caribe y Am\u00e9rica Central, dejando un saldo tr\u00e1gico en Colombia.<\/em><!--more--><\/p>\n<p><strong><span style=\"color: #222222;font-family: Verdana, Geneva, sans-serif;font-size: 14px\">Por <\/span>Antonio Romero<\/strong><\/p>\n<p>En su paso, este hurac\u00e1n de categor\u00eda 5 devast\u00f3 el archipi\u00e9lago de San Andr\u00e9s, Providencia y Santa Catalina , las dos \u00faltimas islas que fueron destruidas en un 98%; adicionalmente el efecto continental del mismo se sum\u00f3 al fen\u00f3meno de La Ni\u00f1a causando inundaciones en el 70% de la ciudad de Cartagena, emergencias en 25 departamentos, deslizamientos en el municipio de Dabeiba, Antioquia, que cobraron cinco vidas, inundaciones en varios municipios de Choc\u00f3 y varias localidades de Bogot\u00e1, entre ellas Usme y Ciudad Bol\u00edvar.<\/p>\n<p>El recorrido del hurac\u00e1n se conoc\u00eda al menos una semana antes de su paso y al menos 30 horas antes el Centro Nacional de Huracanes hab\u00eda alertado acerca del aumento en la velocidad de los vientos, que elevar\u00eda la categor\u00eda del hurac\u00e1n y pondr\u00eda en riesgo los territorios insulares y las ciudades costeras del Caribe Colombiano.<\/p>\n<p>Sin embargo, el Gobierno de Iv\u00e1n Duque no tom\u00f3 una sola medida para mitigar el impacto, ni siquiera detuvieron los vuelos comerciales que llevaban turistas a las ciudades que ser\u00edan afectadas. Ni una sola evacuaci\u00f3n, ni una sola instalaci\u00f3n de centros de emergencia, ni un solo albergue, ni un solo centro de acopio de ayudas. Una vez pasa la tragedia, hace una gira por las zonas afectadas, prometiendo mercados a quienes lo han perdido todo, y posando como el gran h\u00e9roe.<\/p>\n<p><strong>Providencia: m\u00e1s de 24 horas para que llegara la ayuda<\/strong><\/p>\n<p>Los territorios insulares del Caribe Colombiano fueron los m\u00e1s afectados, las islas de San Andr\u00e9s, Santa Catalina y Providencia sufrieron un gran impacto y pasaron m\u00e1s de 24 horas del paso del hurac\u00e1n para el arribo del primer buque de la Armada con algo de ayuda. Sus 5 mil habitantes, tuvieron que pasar dos noches en la oscuridad y a la intemperie observando su isla arrasada.<\/p>\n<p>Se afirma que no era posible evacuar los 5 mil habitantes de Providencia hacia San Andr\u00e9s, donde el impacto y el riesgo era menor porque \u201cno hab\u00eda espacio para albergarlos\u201d, sin embargo, San Andr\u00e9s cuenta con m\u00e1s de 8 mil camas hoteleras, las cuales fueron habilitadas irresponsablemente para el fin de semana, sin tener en cuenta hurac\u00e1n ni pandemia.<\/p>\n<p>El Hospital de Providencia, \u00fanico centro de salud de la isla, fue una de las primeras edificaciones en ser destruida. La \u00fanica medida gubernamental fue la evacuaci\u00f3n del personal de la Armada Nacional en Providencia hacia San Andr\u00e9s, pues incluso el aeropuerto se mantuvo abierto hasta el domingo 16 de noviembre en las horas de la ma\u00f1ana, entrando m\u00e1s de mil turistas el fin de semana del hurac\u00e1n.<\/p>\n<p>Estos territorios insulares han sido tradicionalmente abandonados por la burgues\u00eda colombiana, que solo ha mantenido estas islas como destinos tur\u00edsticos y la \u00fanica vez en la que se tuvo alguna preocupaci\u00f3n fue en 2012, cuando la Corte de la Haya resolvi\u00f3 el litigio entre Colombia y Nicaragua, que defini\u00f3 los l\u00edmites mar\u00edtimos de ambos pa\u00edses.<\/p>\n<p>Se anunciaron planes y programas en el Archipi\u00e9lago, sin embargo, ocho a\u00f1os despu\u00e9s la isla tiene uno de los mayores \u00edndices de desempleo, no hay casi centros de salud y los precarios ingresos laborales que deja el turismo, contrabando y el narcotr\u00e1fico, siguen siendo la \u00fanica opci\u00f3n econ\u00f3mica para la juventud de estas islas.<\/p>\n<p><strong>Cartagena: un gobierno para los empresarios de Mamonal y el turismo<\/strong><\/p>\n<p>En Cartagena, se afectaron de manera total 36 barrios en las orillas de la Ci\u00e9naga de la Virgen y de las faldas del Cerro de la Popa. Adem\u00e1s, se inund\u00f3 el 70% del territorio de la ciudad. Esta situaci\u00f3n se ha vuelto normal en Cartagena, pues sus cuerpos de agua se mantienen en abandono y no hay Plan Maestro de Drenajes Pluviales.<\/p>\n<p>De hecho, las compuertas de La Bocana, canal que permite la regulaci\u00f3n de aguas entre el mar y la ci\u00e9naga, no fueron abiertas hasta cuatro horas despu\u00e9s de se iniciaron las lluvias del s\u00e1bado 15 de noviembre, lo que agrav\u00f3 las inundaciones en estos barrios.<\/p>\n<p>Pero hay un problema m\u00e1s estructural, el desarrollo de la Zona Norte, que ha implicado el desplazamiento de las comunidades afro de sus territorios y la construcci\u00f3n de complejos tur\u00edsticos, residenciales y hoteleros, ha cerrado los canales naturales de intercambio entre los cuerpos de agua. De igual manera, el desarrollo urban\u00edstico ha cerrado el cauce del Ca\u00f1o Juan Angola, lo que genera tambi\u00e9n represamiento de aguas.<\/p>\n<p>La Alcald\u00eda de William Dau, que fue resultado de un voto contra la corrupci\u00f3n, ha sido ganada por sectores empresariales que se expresan a trav\u00e9s del Colectivo de Transformaci\u00f3n Social, Traso, la Fundaci\u00f3n Centro Hist\u00f3rico, Serena del Mar y la Familia Araujo, propietaria del diario El Universal, la Inmobiliaria Araujo &amp; Segovia y el Hotel Las Am\u00e9ricas, vinculada al Centro Democr\u00e1tico e implicada en la apropiaci\u00f3n de tierras de Chambac\u00fa y la Zona Norte.<\/p>\n<p>La respuesta de la Alcald\u00eda fue crear dos albergues despu\u00e9s de la tragedia y desplegar una entrega de mercados con abundantes registros en redes sociales. Adem\u00e1s, no tuvo reparos en acompa\u00f1ar a Iv\u00e1n Duque en su visita a los barrios afectados, junto a la ministra Alicia Arango, oriunda de la ciudad, diciendo que solucionar\u00e1n los problemas, cuando ha sido el uribismo el que ha dirigido la politiquer\u00eda en la ciudad en los \u00faltimos gobiernos.<\/p>\n<p>Y lo m\u00e1s grave es que no hay un plan de reubicaci\u00f3n de las familias de la Ci\u00e9naga de la Virgen y las faldas del Cerro de la Popa, solo hay un plan de protecci\u00f3n costera para las zonas tur\u00edsticas, que causar\u00e1 m\u00e1s inundaciones en los barrios populares, pues la crisis clim\u00e1tica no hace parte de las preocupaciones de Dau, solo las ganancias del sector tur\u00edstico e inmobiliario al cual responde su gobierno.<\/p>\n<p><strong>La tragedia en Dabeiba tampoco es \u2018natural\u2019<\/strong><\/p>\n<p>El fen\u00f3meno clim\u00e1tico combinado del Hurac\u00e1n y el fen\u00f3meno de La Ni\u00f1a, causaron estragos en el interior del pa\u00eds que ha vivido los \u00faltimos d\u00edas en medio de torrenciales lluvias. Varios municipios de Choc\u00f3 y Antioquia, as\u00ed como varias Localidades en Bogot\u00e1, se vieron afectados, pero la mayor tragedia ocurri\u00f3 en Dabeiba.<\/p>\n<p>Los deslizamientos en el municipio de Dabeiba est\u00e1n asociados al derrumbe de la construcci\u00f3n de la carretera que unir\u00eda a Medell\u00edn con Turbo, que se proyecta como el nuevo puerto del empresariado antioque\u00f1o. Esta carretera la construye la firma china que gan\u00f3 la licitaci\u00f3n para la primera l\u00ednea del metro de Bogot\u00e1.<\/p>\n<p><strong>Crisis clim\u00e1tica y ambiental es responsabilidad del capitalismo<\/strong><\/p>\n<p>Como vemos, estas tragedias no son naturales, son causadas por el desarrollo capitalista que en su voracidad por obtener ganancias. En el caso del archipi\u00e9lago no solo hay un abandono gubernamental, sino que no se tomaron las medidas m\u00ednimas para mitigar el impacto del hurac\u00e1n y en el caso de Dabeiba, el empresariado antioque\u00f1o ha destruido el medio ambiente para construir a sangre y fuego una infraestructura vial, portuaria y energ\u00e9tica que aumente sus ganancias, como es el caso de Hidroituango.<\/p>\n<p>El Gobierno de Duque y los gobernadores y alcaldes culpan a la poblaci\u00f3n de estas tragedias, debemos rechazar de manera enf\u00e1tica estos se\u00f1alamientos. Nosotros coincidimos con que \u201ca diferencia de aquellos que pregonan y culpabilizan a la especie humana en conjunto del calentamiento global y sus consecuencias, y apuestan \u00fanicamente por un cambio individual basado en el cambio de h\u00e1bitos de consumo, creemos necesario recordar que el 70% de las emisiones contaminantes son emitidas por 100 multinacionales a nivel mundial y que el 30% restante son provocadas por un sistema productivo que se nos ha impuesto a la clase trabajadora y que nunca hemos escogido\u201d (1).<\/p>\n<p><strong>Solidaridad con las v\u00edctimas<\/strong><\/p>\n<p>Es importante en estos momentos activar todos los mecanismos de solidaridad de clase, las donaciones y otras acciones que puedan hacer las organizaciones sociales y pol\u00edticas con sus hermanos y hermanas de clase son urgentes y necesarias. No podemos confiar la administraci\u00f3n de estas ayudas al gobierno nacional y departamental, equivale a regalarlas a los corruptos, lo recaudado debe ser administrado y distribuido por organizaciones de los trabajadores y organizaciones comunitarias de la poblaci\u00f3n raizal con control permanente de las poblaciones damnificadas.<\/p>\n<p>Pero no estamos a favor de lo propone el ex ministro y ex vicepresidente Angelino Garz\u00f3n de donar un d\u00eda de salario para crear un fondo de ayuda a las v\u00edctimas, es decir, un nuevo impuesto para la clase trabajadora, mientras que se invierten millonarios recursos en el salvamento de empresas como Avianca o en armas para asesinar al pueblo como las recientemente compradas por el ESMAD.<\/p>\n<p>La mayor solidaridad es luchar contra el sistema capitalista que genera estos desastres y en estos momentos movilizarnos para exigir al Gobierno de Duque un Plan de Emergencia para atender esta tragedia, construcci\u00f3n de un centro m\u00e9dico en Providencia y la renuncia inmediata de Unidad Nacional para la Gesti\u00f3n del Riesgo de Desastres, UNGRD, que no realiz\u00f3 una sola acci\u00f3n de prevenci\u00f3n.<\/p>\n<p>Las movilizaciones convocadas para los d\u00edas 19, 21 y 25 de Noviembre por el Comit\u00e9 Nacional de Paro, deben asumir esa exigencia, pues a la crisis social que se ha profundizado con la pandemia, ahora se suman las afectaciones del hurac\u00e1n y el Gobierno de Duque sigue como si nada, tom\u00e1ndose fotos con sus funcionarios en las zonas de la tragedia.<\/p>\n<p><strong>Notas<\/strong><\/p>\n<p><a href=\"https:\/\/litci.org\/es\/temporal-gloria-un-fenomeno-al-alza-por-la-crisis-climatica\/\">https:\/\/litci.org\/es\/temporal-gloria-un-fenomeno-al-alza-por-la-crisis-climatica\/<\/a><\/p>\n<p>&nbsp;<\/p>\n","protected":false},"excerpt":{"rendered":"<p>Los huracanes son fen\u00f3menos naturales, cada vez m\u00e1s agresivos y frecuentes, como resultado de la crisis clim\u00e1tica y ambiental producida por la voracidad capitalista, por un sistema que pone las ganancias privadas por encima del planeta y el bienestar de la poblaci\u00f3n. No se puede detener el hurac\u00e1n una vez formado, pero s\u00ed se pueden [&hellip;]<\/p>\n","protected":false},"author":5,"featured_media":63841,"menu_order":0,"comment_status":"closed","ping_status":"closed","sticky":false,"template":"","format":"standard","meta":{"jetpack_post_was_ever_published":false,"_jetpack_newsletter_access":"","_jetpack_dont_email_post_to_subs":false,"_jetpack_newsletter_tier_id":0,"_jetpack_memberships_contains_paywalled_content":false,"litci_post_political_author":"","_jetpack_memberships_contains_paid_content":false,"footnotes":""},"categories":[2678],"tags":[13220,15996,3473],"class_list":["post-63840","post","type-post","status-publish","format-standard","has-post-thumbnail","hentry","category-colombia","tag-duque","tag-huracan-lota","tag-pst"],"jetpack_featured_media_url":"https:\/\/i0.wp.com\/litci.org\/es\/wp-content\/uploads\/2020\/11\/huracan-iota-en-colombia.jpeg?fit=1200%2C675&ssl=1","fimg_url":"https:\/\/i0.wp.com\/litci.org\/es\/wp-content\/uploads\/2020\/11\/huracan-iota-en-colombia.jpeg?fit=1200%2C675&ssl=1","categories_names":["Colombia"],"author_info":{"name":"Kely","pic":"https:\/\/secure.gravatar.com\/avatar\/19003bf6219614b90207b39bd4a2733ce9cf96693efdfd639b15a829beed53d1?s=96&d=mm&r=g"},"political_author":null,"tagline":"","jetpack_sharing_enabled":true,"_links":{"self":[{"href":"https:\/\/litci.org\/es\/wp-json\/wp\/v2\/posts\/63840","targetHints":{"allow":["GET"]}}],"collection":[{"href":"https:\/\/litci.org\/es\/wp-json\/wp\/v2\/posts"}],"about":[{"href":"https:\/\/litci.org\/es\/wp-json\/wp\/v2\/types\/post"}],"author":[{"embeddable":true,"href":"https:\/\/litci.org\/es\/wp-json\/wp\/v2\/users\/5"}],"replies":[{"embeddable":true,"href":"https:\/\/litci.org\/es\/wp-json\/wp\/v2\/comments?post=63840"}],"version-history":[{"count":2,"href":"https:\/\/litci.org\/es\/wp-json\/wp\/v2\/posts\/63840\/revisions"}],"predecessor-version":[{"id":78387,"href":"https:\/\/litci.org\/es\/wp-json\/wp\/v2\/posts\/63840\/revisions\/78387"}],"wp:featuredmedia":[{"embeddable":true,"href":"https:\/\/litci.org\/es\/wp-json\/wp\/v2\/media\/63841"}],"wp:attachment":[{"href":"https:\/\/litci.org\/es\/wp-json\/wp\/v2\/media?parent=63840"}],"wp:term":[{"taxonomy":"category","embeddable":true,"href":"https:\/\/litci.org\/es\/wp-json\/wp\/v2\/categories?post=63840"},{"taxonomy":"post_tag","embeddable":true,"href":"https:\/\/litci.org\/es\/wp-json\/wp\/v2\/tags?post=63840"}],"curies":[{"name":"wp","href":"https:\/\/api.w.org\/{rel}","templated":true}]}}