{"id":63733,"date":"2020-11-10T12:33:05","date_gmt":"2020-11-10T12:33:05","guid":{"rendered":"https:\/\/litci.org\/es\/?p=63733"},"modified":"2024-11-03T13:28:55","modified_gmt":"2024-11-03T13:28:55","slug":"63733-2","status":"publish","type":"post","link":"https:\/\/litci.org\/es\/63733-2\/","title":{"rendered":"\u00bfUsted nos est\u00e1 amenazando, se\u00f1or General?"},"content":{"rendered":"<p><em>El actual Comandante en Jefe del Ej\u00e9rcito, Ricardo Mart\u00ednez Menanteau, public\u00f3 en la edici\u00f3n del Mercurio del d\u00eda mi\u00e9rcoles 04\/11 una carta por la conmemoraci\u00f3n de 50 a\u00f1os del asesinato de Ren\u00e9 Schneider, entonces Comandante en Jefe del Ej\u00e9rcito en 1970. La carta es casi una pieza literaria. Como es tradicional en el lenguaje de los militares, los t\u00e9rminos son siempre vagos y hay que buscar, por debajo de las sutilezas sem\u00e1nticas, el verdadero contenido.<\/em><!--more--><\/p>\n<p>Por MIT-Chile<\/p>\n<p>Lo que hace el actual Comandante en Jefe es intentar sacar \u201clecciones\u201d sobre el asesinato del general Schneider para comprender el momento actual. Y le da un recado a los chilenos y chilenas. Veamos entonces qu\u00e9 est\u00e1 diciendo el General.<\/p>\n<p>En primer lugar, dice que el asesinato del General Schneider fue \u201cproducto de un cobarde y repudiable atentado con fines pol\u00edticos, que buscaba suspender el proceso constitucional de elecciones presidenciales.\u201d Despu\u00e9s sigue: \u201c[\u2026] el general Schneider no debe ser utilizado para determinados fines pol\u00edticos, le pertenece a Chile y su Ej\u00e9rcito. Su conducta ante la agresi\u00f3n fue de irrestricto apego a sus principios y valores, no claudicando ante violentistas que trataban de imponer sus t\u00e9rminos en la vida nacional.\u201d<\/p>\n<p>Lo que no dice el general Ricardo Mart\u00ednez es que Schneider fue asesinado por grupos de extrema derecha, financiados por Estados Unidos y con estrecha relaci\u00f3n con los empresarios y oficiales de las Fuerzas Armadas. No dice Ricardo Mart\u00ednez que Schneider fue asesinado porque era un obst\u00e1culo para los intentos golpistas de esos sectores contra de la elecci\u00f3n de Salvador Allende.<\/p>\n<p>Sigue Mart\u00ednez: \u201c[el general Schneider] expres\u00f3 con claridad la posici\u00f3n que hist\u00f3ricamente ha tenido la instituci\u00f3n, de un invariable apego a la Constituci\u00f3n y a las leyes ante los distintos escenarios que en esa \u00e9poca se presentaban\u201d. Lo que no dice Ricardo Mart\u00ednez es que el mismo Ej\u00e9rcito, junto a la Armada y la Aviaci\u00f3n, fueron los responsables de romper completamente esa misma legalidad que defend\u00eda Schneider, para derrumbar el gobierno de Allende y masacrar a los trabajadores\/as, j\u00f3venes y campesinos que exig\u00edan profundos cambios en el pa\u00eds.<\/p>\n<p>Pero el General Ricardo Mart\u00ednez no se queda ah\u00ed. Hace una comparaci\u00f3n entre la posici\u00f3n de Schneider de apego a la legalidad con la posici\u00f3n en contra de los \u201cviolentistas\u201d de hoy en d\u00eda. Todos sabemos qui\u00e9nes son los \u201cviolentistas\u201d de hoy, el General no necesita explicarnos. Est\u00e1 hablando de los miles de j\u00f3venes que se est\u00e1n defendiendo de la polic\u00eda y los militares en las poblaciones, cerros y plazas de todo el pa\u00eds y exigiendo profundos cambios sociales. Esos \u201cviolentistas\u201d, se\u00f1or General, son apoyados por nuestro pueblo, porque son nuestros hijos, que est\u00e1n dando sus ojos para cambiar este pa\u00eds. La mayor\u00eda del pueblo los apoya y les repudia a ustedes.<\/p>\n<p>El desprecio y el odio que siente el pueblo hacia el Ej\u00e9rcito no es por culpa de los \u201cviolentistas\u201d ni por ideas for\u00e1neas. Es a causa del comportamiento de la instituci\u00f3n, responsabilidad de la alta oficialidad, la que ampar\u00e1ndose en su esp\u00edritu de \u201cservicio a la Patria\u201d desfalca al Estado del pa\u00eds que dice defender (caso Milicogate, entre otros), mantiene un pacto de silencio en torno a los genocidas de la dictadura c\u00edvico militar sin revelar hasta hoy toda la informaci\u00f3n sobre desapariciones, financia con dineros p\u00fablicos los privilegios de los reos de Punta Peuco y goza de pensiones millonarias. A pesar de la evidencia hist\u00f3rica (decenas de matanzas contra el pueblo chileno y mapuche, desde el siglo XIX como la \u201cpacificaci\u00f3n\u201d de la Araucan\u00eda, Santa Mar\u00eda de Iquique, etc), el Ej\u00e9rcito insiste en sostener que est\u00e1 para defender a la Patria. Esa Patria defendida por ustedes, se\u00f1or General, es la Patria de las 3 comunas y excluye a los pobres, trabajadores\/as y pueblos originarios.<\/p>\n<p>As\u00ed, con t\u00e9rminos abstractos y una profunda hipocres\u00eda, Ricardo Mart\u00ednez reivindica la memoria del General Schneider para defender exactamente el contrario de lo que defendi\u00f3 ese General en su momento, lo que le cost\u00f3 la vida.<\/p>\n<p>Pero el actual Comandante en Jefe del Ej\u00e9rcito va incluso m\u00e1s all\u00e1. Aprovecha de lanzar una amenaza a los millones que estamos en las calles luchando por cambios:<\/p>\n<pre class=\"wp-block-preformatted\">\u201cAl cumplirse 50 a\u00f1os de su asesinato, quiero transmitir \r\na mis compatriotas un mensaje de esperanza en donde se\r\nprocure asimilar las lecciones de la historia, teniendo\r\nsiempre presente que el Ej\u00e9rcito de Chile, conforme \r\nmandato constitucional, est\u00e1 y estar\u00e1 disponible para \r\ncontribuir a la construcci\u00f3n de un mejor futuro para \r\nnuestro pa\u00eds.\r\nNo hagamos que lo ocurrido hace medio siglo sea una\r\nense\u00f1anza no aprendida; es as\u00ed que no podemos ni debemos\r\nolvidar que siempre hay que cautelar y cuidar el juicio \r\nhist\u00f3rico, por sobre el juicio temporal de los tiempos que \r\nvivimos, \u00fanica manera de ser coherentes con nuestra patria,\r\nen especial aquellos que pertenecemos a una instituci\u00f3n como\r\nlo es el Ej\u00e9rcito de Chile, que naci\u00f3 con la Rep\u00fablica y se \r\ndebe a ella por siempre.\u201d<\/pre>\n<p>Al leer tan enigm\u00e1tica carta nos preguntamos: \u00bfa qu\u00e9 se refiere el General cuando habla de aprender con las ense\u00f1anzas hist\u00f3ricas? \u00bfSe est\u00e1 refiriendo al hecho de que el Ej\u00e9rcito podr\u00e1 ser llamado nuevamente a \u201cdefender la Constituci\u00f3n, las leyes y la Rep\u00fablica\u201d, como hizo el 11 de septiembre de 1973?<\/p>\n<p>Desde el Movimiento Internacional de los Trabajadores repudiamos completamente las amenazas veladas del actual Comandante en Jefe del Ej\u00e9rcito. Les decimos a ustedes, que la historia ense\u00f1a y que el pueblo ya aprendi\u00f3 a no confiar ni un mil\u00edmetro en sus frases grandilocuentes y su \u201cdefensa\u201d del Estado de derecho. Sabemos que la oficialidad de las Fuerzas Armadas siempre estuvo y seguir\u00e1 estando bajo control del gran empresariado y de los Estados Unidos, que les ordenar\u00e1 nuevamente masacrar al pueblo si ven sus privilegios amenazados. Esta vez no pasar\u00e1 lo mismo. El tiempo les mostrar\u00e1 el lugar de ustedes, el tacho de basura de la historia, se\u00f1or General.<\/p>\n<div class=\"sharedaddy sd-sharing-enabled\">\n<div class=\"robots-nocontent sd-block sd-social sd-social-icon sd-sharing\">\n<h3 class=\"sd-title\"><\/h3>\n<\/div>\n<\/div>\n","protected":false},"excerpt":{"rendered":"<p>El actual Comandante en Jefe del Ej\u00e9rcito, Ricardo Mart\u00ednez Menanteau, public\u00f3 en la edici\u00f3n del Mercurio del d\u00eda mi\u00e9rcoles 04\/11 una carta por la conmemoraci\u00f3n de 50 a\u00f1os del asesinato de Ren\u00e9 Schneider, entonces Comandante en Jefe del Ej\u00e9rcito en 1970. La carta es casi una pieza literaria. Como es tradicional en el lenguaje de [&hellip;]<\/p>\n","protected":false},"author":5,"featured_media":63734,"menu_order":0,"comment_status":"closed","ping_status":"closed","sticky":false,"template":"","format":"standard","meta":{"jetpack_post_was_ever_published":false,"_jetpack_newsletter_access":"","_jetpack_dont_email_post_to_subs":false,"_jetpack_newsletter_tier_id":0,"_jetpack_memberships_contains_paywalled_content":false,"litci_post_political_author":"","_jetpack_memberships_contains_paid_content":false,"footnotes":""},"categories":[14843,15347],"tags":[2904,10896],"class_list":["post-63733","post","type-post","status-publish","format-standard","has-post-thumbnail","hentry","category-rebelion-en-chile","category-presos-politicos","tag-chile-2","tag-mit"],"jetpack_featured_media_url":"https:\/\/i0.wp.com\/litci.org\/es\/wp-content\/uploads\/2020\/11\/WhatsApp-Image-2020-11-05-at-12.01.03-PM.jpeg?fit=696%2C327&ssl=1","fimg_url":"https:\/\/i0.wp.com\/litci.org\/es\/wp-content\/uploads\/2020\/11\/WhatsApp-Image-2020-11-05-at-12.01.03-PM.jpeg?fit=696%2C327&ssl=1","categories_names":["Presos pol\u00edticos en Chile","Revoluci\u00f3n en Chile"],"author_info":{"name":"Kely","pic":"https:\/\/secure.gravatar.com\/avatar\/19003bf6219614b90207b39bd4a2733ce9cf96693efdfd639b15a829beed53d1?s=96&d=mm&r=g"},"political_author":null,"tagline":"","jetpack_sharing_enabled":true,"_links":{"self":[{"href":"https:\/\/litci.org\/es\/wp-json\/wp\/v2\/posts\/63733","targetHints":{"allow":["GET"]}}],"collection":[{"href":"https:\/\/litci.org\/es\/wp-json\/wp\/v2\/posts"}],"about":[{"href":"https:\/\/litci.org\/es\/wp-json\/wp\/v2\/types\/post"}],"author":[{"embeddable":true,"href":"https:\/\/litci.org\/es\/wp-json\/wp\/v2\/users\/5"}],"replies":[{"embeddable":true,"href":"https:\/\/litci.org\/es\/wp-json\/wp\/v2\/comments?post=63733"}],"version-history":[{"count":2,"href":"https:\/\/litci.org\/es\/wp-json\/wp\/v2\/posts\/63733\/revisions"}],"predecessor-version":[{"id":63736,"href":"https:\/\/litci.org\/es\/wp-json\/wp\/v2\/posts\/63733\/revisions\/63736"}],"wp:featuredmedia":[{"embeddable":true,"href":"https:\/\/litci.org\/es\/wp-json\/wp\/v2\/media\/63734"}],"wp:attachment":[{"href":"https:\/\/litci.org\/es\/wp-json\/wp\/v2\/media?parent=63733"}],"wp:term":[{"taxonomy":"category","embeddable":true,"href":"https:\/\/litci.org\/es\/wp-json\/wp\/v2\/categories?post=63733"},{"taxonomy":"post_tag","embeddable":true,"href":"https:\/\/litci.org\/es\/wp-json\/wp\/v2\/tags?post=63733"}],"curies":[{"name":"wp","href":"https:\/\/api.w.org\/{rel}","templated":true}]}}