{"id":63730,"date":"2020-11-10T12:30:36","date_gmt":"2020-11-10T12:30:36","guid":{"rendered":"https:\/\/litci.org\/es\/?p=63730"},"modified":"2024-11-03T13:28:55","modified_gmt":"2024-11-03T13:28:55","slug":"que-fue-el-gobierno-de-nestor-kirchner","status":"publish","type":"post","link":"https:\/\/litci.org\/es\/que-fue-el-gobierno-de-nestor-kirchner\/","title":{"rendered":"\u00bfQu\u00e9 fue el gobierno de N\u00e9stor Kirchner?"},"content":{"rendered":"<p><em>Algunos periodistas han se\u00f1alado, al cumplirse 10 a\u00f1os de su muerte, que N\u00e9stor Kirchner encarnaba las aspiraciones populares en \u201cla b\u00fasqueda de la justicia social, la soberan\u00eda pol\u00edtica y la independencia econ\u00f3mica\u201d.<\/em><!--more--><\/p>\n<p>Por V\u00edctor Quiroga<\/p>\n<p>N\u00e9stor supo ganarse un espacio, despu\u00e9s de un magro 22% en las apuradas elecciones que siguieron al 2001, convocadas por Eduardo Duhalde. Su Gobierno levant\u00f3 las banderas de los Organismos de Derechos Humanos, retom\u00f3 las paritarias y dio algunos beneficios para los jubilados. \u00bfPero es verdad, que luch\u00f3 por la \u201cjusticia social\u201d, la \u201csoberan\u00eda pol\u00edtica\u201d y la \u201cindependencia econ\u00f3mica\u201d?<\/p>\n<p><strong>El objetivo fundamental: recomponer el r\u00e9gimen y las ganancias patronales<\/strong><\/p>\n<p>N\u00e9stor lleg\u00f3 a las elecciones del 2003 de la mano de Duhalde, quien siendo Presidente, elegido por el Parlamento, tuvo que renunciar y llamar a elecciones luego del asesinato de los dirigentes sociales Kosteky y Santill\u00e1n.<\/p>\n<p>N\u00e9stor Kirchner accedi\u00f3 a la Presidencia en el marco de la crisis del 2001. El proceso revolucionario que derrib\u00f3 a Fernando de La R\u00faa destruy\u00f3 el tradicional funcionamiento del r\u00e9gimen democr\u00e1tico burgu\u00e9s: noque\u00f3 a los partidos, la Justicia, el Parlamento y profundizo la crisis de las Fuerzas Armadas. Al grito de \u201cQue se vayan todos\u201d hizo tambalear toda la estanter\u00eda del capitalismo argentino.<\/p>\n<p>Asumi\u00f3 la Presidencia no para profundizar el proceso abierto por las movilizaciones populares, sino para desviar y encauzar esas luchas. Pero para hacerlo necesitaba despegarse un tanto del peronismo y recuperar algo de autoridad pol\u00edtica, ya que su pasado como Gobernador de Santa Cruz lo ataba al apoyo de las privatizaciones de Menem y su gesti\u00f3n.<\/p>\n<p>Tom\u00f3 algunas de las banderas de las movilizaciones de los trabajadores\/as y desocupados\/as, de los organismos de Derechos Humanos y de amplios sectores populares. De ah\u00ed los \u201cgestos\u201d como descolgar los cuadros de los dictadores Rafael Videla y\u00a0 Reynaldo Bignone en el Colegio Militar, y la vuelta a las paritarias. Pero su objetivo estuvo planteado desde su asunci\u00f3n: \u201c<em>Quiero un capitalismo serio<\/em>\u201d dijo, y para ah\u00ed apunt\u00f3.<\/p>\n<p><strong>Derechos Humanos, una bandera, pocos logros<\/strong><\/p>\n<p>Fue importante que se activaran las causas contra los genocidas. Una pelea que durante muchos a\u00f1os los Organismos ven\u00edan dando. Sin embargo, esos juicios se limitaron a los personajes m\u00e1s nefastos y visibles y pocos otros. Esto contrasta con el \u201crelato\u201d de algunos dirigentes del sector y la \u201cizquierda\u201d que fueron cooptados por el kirchnerismo.<\/p>\n<p>Pero no pudieron ocultar la impunidad manifiesta, por ejemplo, con la desaparici\u00f3n de Julio L\u00f3pez, el asesinato del docente Fuentealba en Neuqu\u00e9n, y del militante Mariano Ferreyra, a manos de una patota sindical, muy cercana al Gobierno, un tiempo antes de la muerte del ex Presidente.<\/p>\n<p><strong>Los nuevos puestos de trabajo y los salarios<\/strong><\/p>\n<p>Los aumentos salariales y el consiguiente aumento del consumo fueron parte de dur\u00edsimas luchas que los\/as trabajadores\/as dieron por los ataques previos, por la feroz devaluaci\u00f3n y el ajuste de Duhalde en el 2002.<\/p>\n<p>Los \u201cnuevos puestos de trabajo\u201d vinieron de la mano del entusiasmo patronal de producir a baj\u00edsimo costo salarial y con los subsidios del Gobierno. Una parte importante de ese \u201ccrecimiento\u201d fue el aumento de la productividad apoyada en el empleo en negro, los contratos precarios, el aumento en las horas trabajadas y los ritmos de producci\u00f3n, entre otras bondades del \u201cmodelo\u201d. El poder adquisitivo de los salarios estatales cay\u00f3 un 30% y 29% el de las jubilaciones.<\/p>\n<p><strong>\u201cIndustrializaci\u00f3n\u201d y pago de la Deuda Externa<\/strong><\/p>\n<p>Entre el 2003 y el 2011 Argentina tuvo un crecimiento a \u201ctasas chinas\u201d, ayudada por el llamado \u201cviento de cola\u201d, con el aumento espectacular de los precios internacionales de los llamados \u201ccomodities\u201d (petr\u00f3leo, soja, y dem\u00e1s granos, entre otros) que el pa\u00eds exporta.<\/p>\n<p>Sin embargo, eso no signific\u00f3 un aumento considerable de inversiones productivas ni la sustituci\u00f3n de importaciones manufactureras, que en la era menemista se duplicaron, por la destrucci\u00f3n de la industria local.<\/p>\n<p>Con el kirchnerismo las importaciones tendieron a aumentar, poniendo en evidencia a una industria de ensamble, de muy baja tecnolog\u00eda. La industria automotriz, por ejemplo no llega a tener un 30% de partes nacionales. Y la mayor\u00eda de las empresas nacionales entregadas por Menem a las multinacionales, no fueron reestatizadas.<\/p>\n<p>Por otra parte el \u201cdesendeudamiento\u201d proclamado desde N\u00e9stor y Cristina, signific\u00f3 pago al FMI, y dem\u00e1s acreedores con nuevos pr\u00e9stamos.<\/p>\n<p>La fuga de capitales lleg\u00f3 a U$S 100 mil millones en todo el per\u00edodo, las multinacionales repatriaron sus ganancias al exterior y engrosaron la salida de d\u00f3lares. Al final del mandato kirchnerista , Cristina anunci\u00f3 ser \u201cpagadora serial\u201d (se cancelaron 190 mil millones de d\u00f3lares). Pero dej\u00f3 una gigantesca deuda de m\u00e1s de U$S 200 mil millones.<\/p>\n<p><strong>N\u00e9stor y Cristina: un fracaso \u201cnacional y popular\u201d continental<\/strong><\/p>\n<p>Los Gobiernos de N\u00e9stor y Cristina, m\u00e1s que un \u201cmodelo\u201d expresaron la necesidad del capitalismo argentino de recuperar las riendas del pa\u00eds, por la crisis del 2001.La \u201cJusticia Social\u201d no fue m\u00e1s que una ilusi\u00f3n de poca duraci\u00f3n. No hubo ninguna independencia econ\u00f3mica ya que despu\u00e9s de pagar Deuda, el pa\u00eds sigui\u00f3 m\u00e1s endeudado.<\/p>\n<p>Inmensas movilizaciones revolucionarias se dieron en el Cono Sur. La Venezuela de Ch\u00e1vez, Correa en Ecuador, Evo en Bolivia, como N\u00e9stor en Argentina, tuvieron todo el viento a favor de los pueblos en las calles, al igual que Lula en Brasil y el Frente Amplio de Uruguay. Aunque en 2010, al conmemorar los 100 a\u00f1os de las revoluciones que desembocaron en la Primera Independencia Continental, proclamaron haber conquistado ya la Segunda, todos ellos terminaron pol\u00edticamente del lado de los banqueros y los empresarios, desviando esas luchas sin producir ning\u00fan cambio favorable para sus pueblos.<\/p>\n<p>N\u00e9stor Kirchner vio por \u201cdonde ven\u00eda la bocha\u201d y se adapt\u00f3 a los nuevos vientos. Logr\u00f3 sacarle las papas del fuego al r\u00e9gimen capitalista argentino, cooptando dirigentes pol\u00edticos, de derechos humanos, y abraz\u00e1ndose a la podrida burocracia sindical. Favoreci\u00f3 la recomposici\u00f3n del r\u00e9gimen y las ganancias patronales.<\/p>\n<p>A pesar del respeto que a\u00fan hoy un sector de trabajadores\/as siente por la memoria de N\u00e9stor, tenemos que decir que necesitamos luchar por un gobierno distinto, un gobierno de \u00a0los trabajadores\/as, revolucionario, que logre una real Segunda y Definitiva Independencia del imperialismo, tire abajo este sistema capitalista de explotaci\u00f3n y empiece a construir el socialismo.<\/p>\n","protected":false},"excerpt":{"rendered":"<p>Algunos periodistas han se\u00f1alado, al cumplirse 10 a\u00f1os de su muerte, que N\u00e9stor Kirchner encarnaba las aspiraciones populares en \u201cla b\u00fasqueda de la justicia social, la soberan\u00eda pol\u00edtica y la independencia econ\u00f3mica\u201d.<\/p>\n","protected":false},"author":5,"featured_media":63731,"menu_order":0,"comment_status":"closed","ping_status":"closed","sticky":false,"template":"","format":"standard","meta":{"jetpack_post_was_ever_published":false,"_jetpack_newsletter_access":"","_jetpack_dont_email_post_to_subs":false,"_jetpack_newsletter_tier_id":0,"_jetpack_memberships_contains_paywalled_content":false,"litci_post_political_author":"","_jetpack_memberships_contains_paid_content":false,"footnotes":""},"categories":[2652],"tags":[9405,2882],"class_list":["post-63730","post","type-post","status-publish","format-standard","has-post-thumbnail","hentry","category-argentina","tag-kirchner","tag-pstu-2"],"jetpack_featured_media_url":"https:\/\/i0.wp.com\/litci.org\/es\/wp-content\/uploads\/2020\/11\/7-1-1024x669-1.jpg?fit=1024%2C669&ssl=1","fimg_url":"https:\/\/i0.wp.com\/litci.org\/es\/wp-content\/uploads\/2020\/11\/7-1-1024x669-1.jpg?fit=1024%2C669&ssl=1","categories_names":["Argentina"],"author_info":{"name":"Kely","pic":"https:\/\/secure.gravatar.com\/avatar\/19003bf6219614b90207b39bd4a2733ce9cf96693efdfd639b15a829beed53d1?s=96&d=mm&r=g"},"political_author":null,"tagline":"","jetpack_sharing_enabled":true,"_links":{"self":[{"href":"https:\/\/litci.org\/es\/wp-json\/wp\/v2\/posts\/63730","targetHints":{"allow":["GET"]}}],"collection":[{"href":"https:\/\/litci.org\/es\/wp-json\/wp\/v2\/posts"}],"about":[{"href":"https:\/\/litci.org\/es\/wp-json\/wp\/v2\/types\/post"}],"author":[{"embeddable":true,"href":"https:\/\/litci.org\/es\/wp-json\/wp\/v2\/users\/5"}],"replies":[{"embeddable":true,"href":"https:\/\/litci.org\/es\/wp-json\/wp\/v2\/comments?post=63730"}],"version-history":[{"count":1,"href":"https:\/\/litci.org\/es\/wp-json\/wp\/v2\/posts\/63730\/revisions"}],"predecessor-version":[{"id":63732,"href":"https:\/\/litci.org\/es\/wp-json\/wp\/v2\/posts\/63730\/revisions\/63732"}],"wp:featuredmedia":[{"embeddable":true,"href":"https:\/\/litci.org\/es\/wp-json\/wp\/v2\/media\/63731"}],"wp:attachment":[{"href":"https:\/\/litci.org\/es\/wp-json\/wp\/v2\/media?parent=63730"}],"wp:term":[{"taxonomy":"category","embeddable":true,"href":"https:\/\/litci.org\/es\/wp-json\/wp\/v2\/categories?post=63730"},{"taxonomy":"post_tag","embeddable":true,"href":"https:\/\/litci.org\/es\/wp-json\/wp\/v2\/tags?post=63730"}],"curies":[{"name":"wp","href":"https:\/\/api.w.org\/{rel}","templated":true}]}}