{"id":63684,"date":"2020-11-05T12:17:11","date_gmt":"2020-11-05T12:17:11","guid":{"rendered":"https:\/\/litci.org\/es\/?p=63684"},"modified":"2024-11-03T13:28:56","modified_gmt":"2024-11-03T13:28:56","slug":"declaracion-conjunta-de-estudiantes-de-bielorrusia-sobre-la-inadmisible-represion","status":"publish","type":"post","link":"https:\/\/litci.org\/es\/declaracion-conjunta-de-estudiantes-de-bielorrusia-sobre-la-inadmisible-represion\/","title":{"rendered":"Declaraci\u00f3n conjunta de estudiantes de Belar\u00fas sobre la inadmsible represi\u00f3n"},"content":{"rendered":"<p>Nosotros, compa\u00f1eras y compa\u00f1eros estudiantes no indiferentes de Belar\u00fas, representados por comit\u00e9s de huelga y grupos de iniciativa, apelamos a los rectores de nuestro \u201cAlma Mater\u201d.<!--more--><\/p>\n<p>La represi\u00f3n contra el estudiantado, los profesores y los empleados de universidades e institutos son inaceptables. As\u00ed como es inadmisible cualquier ultim\u00e1tum basado en dejar de lado nuestras acciones.<\/p>\n<p>Expresar nuestra posici\u00f3n participando en manifestaciones y acciones es nuestro derecho constitucional. Nadie debe ser castigado ni procesado por disentir ni por pensar diferente.<\/p>\n<p>En este sentido, reclamamos:<\/p>\n<p>1) Detener de inmediato la persecuci\u00f3n a los estudiantes por motivos pol\u00edticos: cancelar todas estas represalias y disculparse p\u00fablicamente por la represi\u00f3n.<\/p>\n<p>2) Reincorporar a todos los alumnos y alumnas, docentes y personal expulsados\u00a0pol\u00edticamente, mediante la cancelaci\u00f3n de las \u00f3rdenes correspondientes.<\/p>\n<p>Creemos que la comunidad acad\u00e9mica puede convertirse en un ejemplo de solidaridad sin l\u00edmites para todo el pa\u00eds,\u00a0<strong>\u00a1Donde, uno para todos y todos para uno!<\/strong>\u00a0Respetable gobierno, recuerde que los presidentes van y vienen, pero el pueblo es el que queda.<\/p>\n<p><strong>Grupo Unificado de Iniciativa Estudiantil, pertenecientes a 15 Universidades de Belar\u00fas <\/strong>(BSU, MSLU, BSUIR, BSTU, BSPU, BSEU, BNTU, BGUKI, BSMU, AUPPRB, GrSU, BarSU, BSUFK, BSAI, VSTU).<\/p>\n<p>&#8230;&#8230;&#8230;&#8230;&#8230;&#8230;&#8230;&#8230;..<\/p>\n<p><strong>CIENTOS DE PROFESORES DE LA UNIVERSIDAD M\u00c9DICA ESTATAL DE BELAR\u00daS DEFENDIERON A LOS ESTUDIANTES EXPULSADOS<\/strong><\/p>\n<p>216 profesores de la Universidad M\u00e9dica de Minsk firmaron un pronunciamiento por la reincorporaci\u00f3n de los estudiantes expulsados. En su apelaci\u00f3n, calificaron de ilegal la orden de expulsi\u00f3n, y tambi\u00e9n afirmaron que ninguno de los represaliados tiene fundamentos formales de expulsi\u00f3n. La verdadera raz\u00f3n de las expulsiones fue la postura pol\u00edtica de los estudiantes. Tales acciones de la administraci\u00f3n son una flagrante violaci\u00f3n de la legislaci\u00f3n republicana e internacional, as\u00ed como el Estatuto Universitario.<\/p>\n<p>Seg\u00fan los firmantes, esto solo provocar\u00e1 la intensificaci\u00f3n de las protestas, as\u00ed como un golpe a la reputaci\u00f3n internacional de la Universidad. Si no se cumplen sus demandas, los profesores se reservan el derecho de convocar al Consejo Universitario, exigir un cambio en su rectorado y tambi\u00e9n presentar una solicitud a las organizaciones internacionales, incluso con una petici\u00f3n para suspender a la Universidad M\u00e9dica Estatal de Belar\u00fas como miembro del Proceso de Bolonia por violaci\u00f3n grave del principio de libertad acad\u00e9mica.<\/p>\n<p>@bsmuniversity<\/p>\n","protected":false},"excerpt":{"rendered":"<p>Nosotros, compa\u00f1eras y compa\u00f1eros estudiantes no indiferentes de Belar\u00fas, representados por comit\u00e9s de huelga y grupos de iniciativa, apelamos a los rectores de nuestro \u201cAlma Mater\u201d.<\/p>\n","protected":false},"author":4,"featured_media":63693,"menu_order":0,"comment_status":"closed","ping_status":"closed","sticky":false,"template":"","format":"standard","meta":{"jetpack_post_was_ever_published":false,"_jetpack_newsletter_access":"","_jetpack_dont_email_post_to_subs":false,"_jetpack_newsletter_tier_id":0,"_jetpack_memberships_contains_paywalled_content":false,"litci_post_political_author":"","_jetpack_memberships_contains_paid_content":false,"footnotes":""},"categories":[15705],"tags":[15698,15699,15962,3403,10871],"class_list":["post-63684","post","type-post","status-publish","format-standard","has-post-thumbnail","hentry","category-belarus","tag-belarus","tag-bielorrusia","tag-declaracion-de-estudiantes-bielorrusos","tag-estudiantes","tag-persecucion-a-estudiantes"],"jetpack_featured_media_url":"https:\/\/i0.wp.com\/litci.org\/es\/wp-content\/uploads\/2020\/11\/08541e86-def2-11ea-b1d3-42d340dc91a3_image_hires_202822.jpg?fit=1200%2C800&ssl=1","fimg_url":"https:\/\/i0.wp.com\/litci.org\/es\/wp-content\/uploads\/2020\/11\/08541e86-def2-11ea-b1d3-42d340dc91a3_image_hires_202822.jpg?fit=1200%2C800&ssl=1","categories_names":["Belar\u00fas"],"author_info":{"name":"Administraci\u00f3n Site","pic":"https:\/\/secure.gravatar.com\/avatar\/1fc4a65db396208ca881747f59a66a20c6b8670747457224753e1e98c43f719b?s=96&d=mm&r=g"},"political_author":null,"tagline":"","jetpack_sharing_enabled":true,"_links":{"self":[{"href":"https:\/\/litci.org\/es\/wp-json\/wp\/v2\/posts\/63684","targetHints":{"allow":["GET"]}}],"collection":[{"href":"https:\/\/litci.org\/es\/wp-json\/wp\/v2\/posts"}],"about":[{"href":"https:\/\/litci.org\/es\/wp-json\/wp\/v2\/types\/post"}],"author":[{"embeddable":true,"href":"https:\/\/litci.org\/es\/wp-json\/wp\/v2\/users\/4"}],"replies":[{"embeddable":true,"href":"https:\/\/litci.org\/es\/wp-json\/wp\/v2\/comments?post=63684"}],"version-history":[{"count":3,"href":"https:\/\/litci.org\/es\/wp-json\/wp\/v2\/posts\/63684\/revisions"}],"predecessor-version":[{"id":63694,"href":"https:\/\/litci.org\/es\/wp-json\/wp\/v2\/posts\/63684\/revisions\/63694"}],"wp:featuredmedia":[{"embeddable":true,"href":"https:\/\/litci.org\/es\/wp-json\/wp\/v2\/media\/63693"}],"wp:attachment":[{"href":"https:\/\/litci.org\/es\/wp-json\/wp\/v2\/media?parent=63684"}],"wp:term":[{"taxonomy":"category","embeddable":true,"href":"https:\/\/litci.org\/es\/wp-json\/wp\/v2\/categories?post=63684"},{"taxonomy":"post_tag","embeddable":true,"href":"https:\/\/litci.org\/es\/wp-json\/wp\/v2\/tags?post=63684"}],"curies":[{"name":"wp","href":"https:\/\/api.w.org\/{rel}","templated":true}]}}