{"id":63281,"date":"2020-10-05T13:00:45","date_gmt":"2020-10-05T16:00:45","guid":{"rendered":"https:\/\/litci.org\/es\/?p=63281"},"modified":"2024-11-03T13:29:07","modified_gmt":"2024-11-03T13:29:07","slug":"costa-rica-fortalezcamos-los-bloqueos-derrotemos-los-planes-del-gobierno-y-al-fmi-en-las-calles","status":"publish","type":"post","link":"https:\/\/litci.org\/es\/costa-rica-fortalezcamos-los-bloqueos-derrotemos-los-planes-del-gobierno-y-al-fmi-en-las-calles\/","title":{"rendered":"Costa Rica |  \u00a1Fortalezcamos los bloqueos! \u00a1Derrotemos los planes del gobierno y al FMI en las calles!"},"content":{"rendered":"<p><em>En los \u00faltimos d\u00edas se ha desatado una gran cantidad de bloqueos y protestas en el pa\u00eds contra la propuesta de negociaci\u00f3n con el FMI presentada por el gobierno. Desde el Partido de los Trabajadores manifestamos nuestra totalidad solidaridad y respaldo a los sectores populares que se movilizan en rechazo a que se le cobren m\u00e1s impuestos a la clase trabajadora.<\/em><!--more--><\/p>\n<p>Por PT-Costa Rica<\/p>\n<p>En diferentes lugares del pa\u00eds, cientos de hombres y mujeres, trabajadores del sector p\u00fablico y privado, desempleados, trabajadores informales, campesinos, peque\u00f1os y medianos propietarios han salido a manifestarse frente al agravamiento de la crisis econ\u00f3mica que vive el pa\u00eds y la pol\u00edtica de este gobierno de descargarla sobre ellos. No es solo contra la propuesta de m\u00e1s impuestos para negociar con el FMI que se da la lucha, sino contra el deterioro continuo de las condiciones de vida del pueblo, que ya no aguanta m\u00e1s.<\/p>\n<p>Ante esta situaci\u00f3n y la presi\u00f3n de los grandes empresarios por habilitar las rutas para el buen funcionamiento de sus empresas, el gobierno ha decidido reprimir las protestas, es por esto que condenamos la actitud represiva del gobierno que una vez m\u00e1s ante las muestras de descontento popular desata una represi\u00f3n generalizada.<\/p>\n<p>Desde el Partido de los Trabajadores rechazamos el intento del gobierno de cobrarle m\u00e1s impuestos a la clase trabajadora, y exigimos que haya impuestos para los grandes capitalistas como las empresas de zonas francas o las grandes empresas que evaden y eluden los impuestos.<\/p>\n<p>Ninguna de las medidas que quiere imponer el gobierno va a solucionar el problema fiscal que tiene el pa\u00eds, ya que este es producto del alto nivel de endeudamiento. El gobierno no tiene dinero para pagar subsidios para los desempleados, para atender la pandemia, ni para invertir en obra p\u00fablica y generar empleo; sin embargo, s\u00ed tiene dinero para pagar puntualmente la deuda a los prestamistas nacionales e internacionales, pagando sumas enormes en intereses.<\/p>\n<p>Nosotros hemos venido insistiendo desde hace varios a\u00f1os que no existe salida para la crisis fiscal si se mantiene pagando la deuda, cada d\u00eda que pasa esto se hace m\u00e1s evidente. Por esto hemos venido planteando la necesidad de suspender el pago de la deuda tanto interna como externa a sus acreedores privados. Esta suspensi\u00f3n debe venir acompa\u00f1ada de una auditor\u00eda realizada por las propias organizaciones del pueblo, para comprobar el car\u00e1cter usurero y corrupto de la misma. Esta es la \u00fanica forma de que eliminar el d\u00e9ficit fiscal y tener recursos para invertir en las necesidades del pueblo.<\/p>\n<p>El Fondo Monetario Internacional no nos va a salvar de la crisis, este es un organismo imperialista, cuyo \u00fanico fin es garantizar los intereses de las grandes transnacionales y empresas extranjeras. Las medidas que va a plantear son mucho peores que lo que plantea el gobierno, y seguramente ser\u00e1n m\u00e1s privatizaciones, m\u00e1s despidos en el sector p\u00fablico, y peores condiciones para los trabajadores del sector privado. Es por esto que las movilizaciones que estamos viendo son sumamente progresivas.<\/p>\n<p>Pero esta lucha, para derrotar al gobierno, a los grandes empresarios y al FMI, requiere de la m\u00e1s amplia unidad de la clase trabajadora. Es por esto que debemos combatir todos los intentos por dividir a la clase trabajadora.<\/p>\n<p>Los grandes empresarios quieren hacernos creer que la culpa de la crisis la tienen los trabajadores del sector p\u00fablico. Esto lo hacen por un lado para dividir a la clase entre trabajadores p\u00fablicos y privados, y as\u00ed debilitar nuestra fuerza. Pero adem\u00e1s lo hacen para distraer la atenci\u00f3n de su responsabilidad en la crisis por no pagar impuestos.<\/p>\n<p>Otros sectores, quieren hacernos creer que la crisis se trata de un \u201ccastigo divino\u201d, por los avances que ha habido en los derechos de las mujeres con el aborto terap\u00e9utico o con los derechos de la poblaci\u00f3n lgbt con el matrimonio igualitario. Estas ideas solo sirven para dividirnos entre hombres y mujeres, heterosexuales y lgbts.<\/p>\n<p>De la misma manera, no faltan los que plantean que la crisis es producto de los inmigrantes, esparciendo ideas falsas sobre como supuestamente se dejar\u00edan el presupuesto para ayudas o har\u00edan colapsar la CCSS.<\/p>\n<p>Todas estas ideas solo sirven para dividirnos, por eso es necesario que comprendamos que el verdadero enemigo son los capitalistas, los grandes empresarios, que todos los d\u00edas nos explotan, se hacen millonarios con nuestro trabajo y tras de eso no pagan impuestos generando esta crisis fiscal. Si queremos derrotar a los grandes empresarios y al gobierno necesitamos unificar al conjunto de la clase, y esto significa tomar las reivindicaciones del conjunto de los sectores.<\/p>\n<p>La tarea actual es fortalecer los bloqueos, toda la clase trabajadora unida, del sector p\u00fablico y privado, hombres y mujeres, ticos y nicas, heterosexuales y lgbts, para juntos derrotar los impuestos del gobierno al pueblo, rechazar el pr\u00e9stamo con el FMI, y que sean los grandes empresarios quienes paguen la crisis.<\/p>\n<p>Las direcciones sindicales tienen una importante responsabilidad en garantizar el fortalecimiento de la lucha. En primer lugar, coloc\u00e1ndose decididamente en apoyo a la misma, en segundo lugar, llamando y organizando desde los sindicatos la solidaridad con los bloqueos y el apoyo de los mismos, en lugar de emitir excusas y qued\u00e1ndose al margen como lo han venido haciendo hasta ahora. Es necesario discutir la necesidad de preparar una lucha que derrote la ley anti huelgas, y mientras tanto organizar actividades en horarios que los trabajadores puedan participar.<\/p>\n<p>El Frente Amplio tiene una enorme responsabilidad en esta situaci\u00f3n. No basta con posicionarse contra la propuesta al FMI y condenar la represi\u00f3n. En primer lugar, tiene que apoyar de forma abierta los bloqueos, pero m\u00e1s importante a\u00fan tienen que romper con el gobierno. El FA fue co-gobierno del PAC de forma impl\u00edcita con Luis Guillermo Sol\u00eds, y ahora lo es de forma expl\u00edcita con Carlos Alvarado, ya que es parte del gabinete. Todos los ataques que ha hecho el gobierno a la clase trabajadora, cada manifestante detenido y golpeado, tiene detr\u00e1s una cuota de responsabilidad del Frente Amplio.<\/p>\n<p><strong>No m\u00e1s represi\u00f3n<\/strong><\/p>\n<p><strong>Derrotemos los planes del gobierno en las calles<\/strong><\/p>\n<p><strong>Fuera el FMI<\/strong><\/p>\n<p><strong>No m\u00e1s impuestos a la clase trabajadora.<\/strong><\/p>\n<p><strong>Suspensi\u00f3n del pago y auditor\u00eda de la deuda p\u00fablica.<\/strong><\/p>\n<p><strong>Que la crisis la paguen los grandes empresarios.<\/strong><\/p>\n","protected":false},"excerpt":{"rendered":"<p>En los \u00faltimos d\u00edas se ha desatado una gran cantidad de bloqueos y protestas en el pa\u00eds contra la propuesta de negociaci\u00f3n con el FMI presentada por el gobierno. Desde el Partido de los Trabajadores manifestamos nuestra totalidad solidaridad y respaldo a los sectores populares que se movilizan en rechazo a que se le cobren [&hellip;]<\/p>\n","protected":false},"author":5,"featured_media":63282,"menu_order":0,"comment_status":"closed","ping_status":"closed","sticky":false,"template":"","format":"standard","meta":{"jetpack_post_was_ever_published":false,"_jetpack_newsletter_access":"","_jetpack_dont_email_post_to_subs":false,"_jetpack_newsletter_tier_id":0,"_jetpack_memberships_contains_paywalled_content":false,"litci_post_political_author":"","_jetpack_memberships_contains_paid_content":false,"footnotes":""},"categories":[2679],"tags":[2875,3475],"class_list":["post-63281","post","type-post","status-publish","format-standard","has-post-thumbnail","hentry","category-costa-rica","tag-costa-rica-2","tag-fmi"],"jetpack_featured_media_url":"https:\/\/i0.wp.com\/litci.org\/es\/wp-content\/uploads\/2020\/10\/bloqueos2.jpeg?fit=960%2C720&ssl=1","fimg_url":"https:\/\/i0.wp.com\/litci.org\/es\/wp-content\/uploads\/2020\/10\/bloqueos2.jpeg?fit=960%2C720&ssl=1","categories_names":["Costa Rica"],"author_info":{"name":"Kely","pic":"https:\/\/secure.gravatar.com\/avatar\/19003bf6219614b90207b39bd4a2733ce9cf96693efdfd639b15a829beed53d1?s=96&d=mm&r=g"},"political_author":null,"tagline":"","jetpack_sharing_enabled":true,"_links":{"self":[{"href":"https:\/\/litci.org\/es\/wp-json\/wp\/v2\/posts\/63281","targetHints":{"allow":["GET"]}}],"collection":[{"href":"https:\/\/litci.org\/es\/wp-json\/wp\/v2\/posts"}],"about":[{"href":"https:\/\/litci.org\/es\/wp-json\/wp\/v2\/types\/post"}],"author":[{"embeddable":true,"href":"https:\/\/litci.org\/es\/wp-json\/wp\/v2\/users\/5"}],"replies":[{"embeddable":true,"href":"https:\/\/litci.org\/es\/wp-json\/wp\/v2\/comments?post=63281"}],"version-history":[{"count":2,"href":"https:\/\/litci.org\/es\/wp-json\/wp\/v2\/posts\/63281\/revisions"}],"predecessor-version":[{"id":63344,"href":"https:\/\/litci.org\/es\/wp-json\/wp\/v2\/posts\/63281\/revisions\/63344"}],"wp:featuredmedia":[{"embeddable":true,"href":"https:\/\/litci.org\/es\/wp-json\/wp\/v2\/media\/63282"}],"wp:attachment":[{"href":"https:\/\/litci.org\/es\/wp-json\/wp\/v2\/media?parent=63281"}],"wp:term":[{"taxonomy":"category","embeddable":true,"href":"https:\/\/litci.org\/es\/wp-json\/wp\/v2\/categories?post=63281"},{"taxonomy":"post_tag","embeddable":true,"href":"https:\/\/litci.org\/es\/wp-json\/wp\/v2\/tags?post=63281"}],"curies":[{"name":"wp","href":"https:\/\/api.w.org\/{rel}","templated":true}]}}