{"id":61981,"date":"2020-08-14T08:57:02","date_gmt":"2020-08-14T11:57:02","guid":{"rendered":"https:\/\/litci.org\/es\/?p=61981"},"modified":"2024-11-03T13:29:24","modified_gmt":"2024-11-03T13:29:24","slug":"nacionalizar-el-sistema-de-salud-para-proteger-la-vida-del-pueblo-trabajador","status":"publish","type":"post","link":"https:\/\/litci.org\/es\/nacionalizar-el-sistema-de-salud-para-proteger-la-vida-del-pueblo-trabajador\/","title":{"rendered":"Nacionalizar el sistema de salud para proteger la vida del pueblo trabajador"},"content":{"rendered":"<p><em>La emergencia mundial del COVID-19 ha puesto a prueba el sistema de salud p\u00fablica de Costa Rica, sometido durante a\u00f1os a la l\u00f3gica neoliberal. Se puede decir que en las pocas semanas de propagaci\u00f3n del virus esas debilidades se muestran y conforme avance la enfermedad, se puede generar una crisis incontrolable para un pa\u00eds dependiente como el nuestro.<\/em><!--more--><\/p>\n<p>Por PT-Costa Rica<\/p>\n<p>Existe una carencia importante de camas, equipo m\u00e9dico y de protecci\u00f3n en la actual. No obstante, los funcionarios de gobierno resaltan la fortaleza del sistema de salud e insisten en compararlo con los dem\u00e1s pa\u00edses de Am\u00e9rica Latina. Es una discusi\u00f3n enga\u00f1osa porque resulta obvio que, si se compara un sistema p\u00fablico con la modalidad privada, excluyente y basada en el lucro, el p\u00fablico va a mostrar mejor desempe\u00f1o. Nosotros reivindicamos el car\u00e1cter p\u00fablico de la salud. Si a\u00fan no se ha privatizado es por las luchas de los movimientos sociales, con los trabajadores de la salud como vanguardia, pero si fuera por los funcionarios y el gran empresariado ya hace tiempo no tendr\u00edamos CCSS.<\/p>\n<p>En este art\u00edculo se profundizar\u00e1 en las razones del deterioro de la salud p\u00fablica; tambi\u00e9n se buscar\u00e1 desarrollar un elemento central de nuestro programa que cobra plena vigencia en tiempos de drama social por COVID: la nacionalizaci\u00f3n de la salud p\u00fablica bajo control de los trabajadores.<\/p>\n<p><strong>El debilitamiento de la salud p\u00fablica<\/strong><\/p>\n<p>Partimos del hecho de que el modelo de salud p\u00fablica es fr\u00e1gil y amenaza con entrar en una crisis a\u00fan m\u00e1s profunda. Antes de la emergencia, clase trabajadora sufr\u00eda en carne propia problemas como enormes listas de espera, suspensi\u00f3n de emergencias durante las noches, farmacias sin medicamentos, falta de personal m\u00e9dico, infraestructura deficiente, solo por citar algunos.<\/p>\n<p>El origen del deterioro hay que buscarlo en las pol\u00edticas neoliberales, aplicadas de manera consciente por los diferentes gobiernos neoliberales. Estas iniciativas, impulsadas por los organismos imperialistas, consisten en estancar la inversi\u00f3n en salud y aplicar recortes presupuestarios. Solo para tener un dato reciente, el presupuesto de la CCSS para 2020 abarca 3,2 billones de colones, muy poco si lo comparamos con el pago de intereses de la deuda el cual llega a consumir 38% del presupuesto nacional. Hay una pol\u00edtica a prop\u00f3sito para desfinanciar la CCSS y el Ministerio de Salud porque para el gobierno es prioridad cumplir los compromisos adquiridos con el imperialismo.<\/p>\n","protected":false},"excerpt":{"rendered":"<p>La emergencia mundial del COVID-19 ha puesto a prueba el sistema de salud p\u00fablica de Costa Rica, sometido durante a\u00f1os a la l\u00f3gica neoliberal. Se puede decir que en las pocas semanas de propagaci\u00f3n del virus esas debilidades se muestran y conforme avance la enfermedad, se puede generar una crisis incontrolable para un pa\u00eds dependiente [&hellip;]<\/p>\n","protected":false},"author":5,"featured_media":61982,"menu_order":0,"comment_status":"closed","ping_status":"closed","sticky":false,"template":"","format":"standard","meta":{"jetpack_post_was_ever_published":false,"_jetpack_newsletter_access":"","_jetpack_dont_email_post_to_subs":false,"_jetpack_newsletter_tier_id":0,"_jetpack_memberships_contains_paywalled_content":false,"litci_post_political_author":"","_jetpack_memberships_contains_paid_content":false,"footnotes":""},"categories":[2679,15122],"tags":[2875,2915],"class_list":["post-61981","post","type-post","status-publish","format-standard","has-post-thumbnail","hentry","category-costa-rica","category-coronavirus","tag-costa-rica-2","tag-nacionalizacion"],"jetpack_featured_media_url":"https:\/\/i0.wp.com\/litci.org\/es\/wp-content\/uploads\/2020\/08\/9.jpg?fit=632%2C332&ssl=1","fimg_url":"https:\/\/i0.wp.com\/litci.org\/es\/wp-content\/uploads\/2020\/08\/9.jpg?fit=632%2C332&ssl=1","categories_names":["Costa Rica","Pandemia"],"author_info":{"name":"Kely","pic":"https:\/\/secure.gravatar.com\/avatar\/19003bf6219614b90207b39bd4a2733ce9cf96693efdfd639b15a829beed53d1?s=96&d=mm&r=g"},"political_author":null,"tagline":"","jetpack_sharing_enabled":true,"_links":{"self":[{"href":"https:\/\/litci.org\/es\/wp-json\/wp\/v2\/posts\/61981","targetHints":{"allow":["GET"]}}],"collection":[{"href":"https:\/\/litci.org\/es\/wp-json\/wp\/v2\/posts"}],"about":[{"href":"https:\/\/litci.org\/es\/wp-json\/wp\/v2\/types\/post"}],"author":[{"embeddable":true,"href":"https:\/\/litci.org\/es\/wp-json\/wp\/v2\/users\/5"}],"replies":[{"embeddable":true,"href":"https:\/\/litci.org\/es\/wp-json\/wp\/v2\/comments?post=61981"}],"version-history":[{"count":1,"href":"https:\/\/litci.org\/es\/wp-json\/wp\/v2\/posts\/61981\/revisions"}],"predecessor-version":[{"id":61983,"href":"https:\/\/litci.org\/es\/wp-json\/wp\/v2\/posts\/61981\/revisions\/61983"}],"wp:featuredmedia":[{"embeddable":true,"href":"https:\/\/litci.org\/es\/wp-json\/wp\/v2\/media\/61982"}],"wp:attachment":[{"href":"https:\/\/litci.org\/es\/wp-json\/wp\/v2\/media?parent=61981"}],"wp:term":[{"taxonomy":"category","embeddable":true,"href":"https:\/\/litci.org\/es\/wp-json\/wp\/v2\/categories?post=61981"},{"taxonomy":"post_tag","embeddable":true,"href":"https:\/\/litci.org\/es\/wp-json\/wp\/v2\/tags?post=61981"}],"curies":[{"name":"wp","href":"https:\/\/api.w.org\/{rel}","templated":true}]}}