{"id":61545,"date":"2020-07-16T09:14:04","date_gmt":"2020-07-16T12:14:04","guid":{"rendered":"https:\/\/litci.org\/es\/?p=61545"},"modified":"2024-11-03T13:29:32","modified_gmt":"2024-11-03T13:29:32","slug":"el-gobierno-portugues-niega-bono-financiero-y-ofrece-politica-de-aplausos-y-circo-a-los-trabajadores-de-la-salud","status":"publish","type":"post","link":"https:\/\/litci.org\/es\/el-gobierno-portugues-niega-bono-financiero-y-ofrece-politica-de-aplausos-y-circo-a-los-trabajadores-de-la-salud\/","title":{"rendered":"El gobierno portugu\u00e9s niega bono financiero y ofrece pol\u00edtica de \u201caplausos y circo\u201d a los trabajadores de la salud"},"content":{"rendered":"<p><em>Un gol m\u00e1s contra los trabajadores en el parlamento portugu\u00e9s: el proyecto de ley que conceder\u00eda un bono financiero temporario a los profesionales de la salud que act\u00faan en el combate al Covid-19 fue rechazado en la Asamblea.<\/em><!--more--><\/p>\n<p>Por: Daniel Gajoni<\/p>\n<p>El PS de Ant\u00f3nio Costa vot\u00f3 contra la propuesta, y cont\u00f3 incluso con la ayuda del PSD y el CDS-PP, que se abstuvieron en la votaci\u00f3n para negar el auxilio. De esa forma, el n\u00famero necesario de votos para la aprobaci\u00f3n de la medida no fue alcanzado.<\/p>\n<p>Este resultado sirve de ejemplo para mostrar el grado de hipocres\u00eda del gobierno portugu\u00e9s y de la gran mayor\u00eda de los diputados, que no se cansan de pedir aplausos para los trabajadores de la salud, como si eso bastase para compensar el desgaste y el riesgo a que est\u00e1n sometidos en la pandemia. Para estos trabajadores, sobr\u00f3 la \u201cgran recompensa\u201d de asistir a la final de la Champions League. O sea, en una reelaboraci\u00f3n de la pol\u00edtica del imperio romano, en lugar de pan, se ofrece a los que se exponen directamente al Covid-19 la pol\u00edtica de \u201caplausos y circo\u201d.<\/p>\n<p>Para acabar con el proyecto que dar\u00eda un bono financiero a los trabajadores de la salud, el gobierno, una vez m\u00e1s, aleg\u00f3 el problema de la falta de dinero. Esa alegaci\u00f3n no corresponde a la realidad. Basta ver la cantidad de dinero p\u00fablico dado para salvar el Novo Banco, instituci\u00f3n que recientemente recibi\u00f3 850 millones de euros.<\/p>\n<p>Ciertamente, muchos trabajadores a los que les gusta asistir un buen partido de f\u00fatbol, se sentir\u00edan m\u00e1s valorizados si pudiesen contar con reconocimiento salarial en este momento. Por eso, en lugar de rechazar el bono, lo m\u00e1s urgente ser\u00eda que el gobierno y el parlamento aprobasen un reajuste salarial que compensase las p\u00e9rdidas salariales acumuladas por los trabajadores de la salud en los \u00faltimos a\u00f1os debido a la pol\u00edtica de ajuste fiscal mantenida por el gobierno Geringon\u00e7a (PS, Bloco de Esquerda y PCP).<\/p>\n<p>La f\u00f3rmula de gobierno Geringon\u00e7a puede no haberse mantenido formalmente en el nuevo dise\u00f1o parlamentario, pero permanece la seguridad de que los trabajadores siempre sufren goles en contra cuando el gobierno que se presenta como popular y \u201cprogresista\u201d muestra la verdadera cara, como en el caso del rechazo de medidas m\u00ednimas como el bono salarial para los trabajadores de la salud o alg\u00fan tipo de apoyo para universitarios con dificultades de subsistencia.<\/p>\n<p><strong>Estudiantes tambi\u00e9n perjudicados<\/strong><\/p>\n<p>No fueron solo los trabajadores de la salud que sufrieron derrotas en el parlamento en estos d\u00edas. La misma semana, los diputados tambi\u00e9n rechazaron medidas que posibilitar\u00edan \u2013aunque de forma muy limitada e insuficiente\u2013 alg\u00fan apoyo para que los estudiantes de la ense\u00f1anza superior pudiesen continuar estudiando frente a la crisis causada por el nuevo coronavirus.<\/p>\n<p>El resultado de estas votaciones en el universo parlamentario, sumado a la situaci\u00f3n de puertas del cofre siempre abiertas para agradar a banqueros \u2013incluy\u00e9ndose aqu\u00ed el pago siempre fiel de la llamada \u201cdeuda p\u00fablica\u201d\u2013 muestran la propia esencia del Estado burgu\u00e9s. Como dec\u00eda el fil\u00f3sofo y revolucionario alem\u00e1n Karl Marx, los gobiernos, en el capitalismo, no pasan de un mostrador de negocios para satisfacer los intereses de los grandes empresarios. Las sobras, si existen, van para las pol\u00edticas de \u201cpan y circo\u201d. O de aplausos y Champions League, como vemos ahora para los trabajadores de la salud. O, simplemente, de abandono, en el caso de los estudiantes universitarios con situaci\u00f3n financiera m\u00e1s delicada.<\/p>\n<p>Cabe a los trabajadores, a la juventud y al pueblo pobre organizarse y luchar contra la grave crisis que nos ronda y contra las medidas que ser\u00e1n presentadas por el gobierno y el empresariado, que apuntan a m\u00e1s p\u00e9rdidas de derechos y degradaci\u00f3n de las condiciones de vida de la clase trabajadora. M\u00e1s que esto: Portugal precisa de una nueva revoluci\u00f3n, pero que esta vez avance hasta la construcci\u00f3n de una sociedad socialista, en alternativa a la barbarie que el capitalismo nos impone.<\/p>\n<p>Art\u00edculo publicado en <a href=\"https:\/\/emluta.net\" target=\"_blank\" rel=\"noopener\">https:\/\/emluta.net<\/a><br \/>\nTraducci\u00f3n: Natalia Estrada.<\/p>\n","protected":false},"excerpt":{"rendered":"<p>Un gol m\u00e1s contra los trabajadores en el parlamento portugu\u00e9s: el proyecto de ley que conceder\u00eda un bono financiero temporario a los profesionales de la salud que act\u00faan en el combate al Covid-19 fue rechazado en la Asamblea.<\/p>\n","protected":false},"author":4,"featured_media":61546,"menu_order":0,"comment_status":"closed","ping_status":"closed","sticky":false,"template":"","format":"standard","meta":{"jetpack_post_was_ever_published":false,"_jetpack_newsletter_access":"","_jetpack_dont_email_post_to_subs":false,"_jetpack_newsletter_tier_id":0,"_jetpack_memberships_contains_paywalled_content":false,"litci_post_political_author":"","_jetpack_memberships_contains_paid_content":false,"footnotes":""},"categories":[11523,2702],"tags":[5382,15553,15045,2930,15556,15555,2883,7658,15554],"class_list":["post-61545","post","type-post","status-publish","format-standard","has-post-thumbnail","hentry","category-em-luta","category-portugal","tag-ajuste-fiscal","tag-bono-financiero","tag-coronavirus","tag-crisis-economica","tag-daniel-gajoni","tag-gobierno-ps-antonio-costa","tag-portugal-2","tag-trabajadores-de-la-salud","tag-universitarios"],"jetpack_featured_media_url":"https:\/\/i0.wp.com\/litci.org\/es\/wp-content\/uploads\/2020\/07\/basta.jpg?fit=620%2C264&ssl=1","fimg_url":"https:\/\/i0.wp.com\/litci.org\/es\/wp-content\/uploads\/2020\/07\/basta.jpg?fit=620%2C264&ssl=1","categories_names":["EM LUTA","Portugal"],"author_info":{"name":"Administraci\u00f3n Site","pic":"https:\/\/secure.gravatar.com\/avatar\/1fc4a65db396208ca881747f59a66a20c6b8670747457224753e1e98c43f719b?s=96&d=mm&r=g"},"political_author":null,"tagline":"","jetpack_sharing_enabled":true,"_links":{"self":[{"href":"https:\/\/litci.org\/es\/wp-json\/wp\/v2\/posts\/61545","targetHints":{"allow":["GET"]}}],"collection":[{"href":"https:\/\/litci.org\/es\/wp-json\/wp\/v2\/posts"}],"about":[{"href":"https:\/\/litci.org\/es\/wp-json\/wp\/v2\/types\/post"}],"author":[{"embeddable":true,"href":"https:\/\/litci.org\/es\/wp-json\/wp\/v2\/users\/4"}],"replies":[{"embeddable":true,"href":"https:\/\/litci.org\/es\/wp-json\/wp\/v2\/comments?post=61545"}],"version-history":[{"count":1,"href":"https:\/\/litci.org\/es\/wp-json\/wp\/v2\/posts\/61545\/revisions"}],"predecessor-version":[{"id":61547,"href":"https:\/\/litci.org\/es\/wp-json\/wp\/v2\/posts\/61545\/revisions\/61547"}],"wp:featuredmedia":[{"embeddable":true,"href":"https:\/\/litci.org\/es\/wp-json\/wp\/v2\/media\/61546"}],"wp:attachment":[{"href":"https:\/\/litci.org\/es\/wp-json\/wp\/v2\/media?parent=61545"}],"wp:term":[{"taxonomy":"category","embeddable":true,"href":"https:\/\/litci.org\/es\/wp-json\/wp\/v2\/categories?post=61545"},{"taxonomy":"post_tag","embeddable":true,"href":"https:\/\/litci.org\/es\/wp-json\/wp\/v2\/tags?post=61545"}],"curies":[{"name":"wp","href":"https:\/\/api.w.org\/{rel}","templated":true}]}}