{"id":61277,"date":"2020-07-03T08:28:09","date_gmt":"2020-07-03T11:28:09","guid":{"rendered":"https:\/\/litci.org\/es\/?p=61277"},"modified":"2024-11-03T13:29:38","modified_gmt":"2024-11-03T13:29:38","slug":"costa-rica-los-obreros-nicaraguenses-no-son-los-culpables-de-los-contagios","status":"publish","type":"post","link":"https:\/\/litci.org\/es\/costa-rica-los-obreros-nicaraguenses-no-son-los-culpables-de-los-contagios\/","title":{"rendered":"Costa Rica | Los obreros nicarag\u00fcenses no son los culpables de los contagios"},"content":{"rendered":"<p><em>En las \u00faltimas semanas en el pa\u00eds se ha propagado una gran ola de xenofobia contra las y los trabajadores nicarag\u00fcenses, a quienes se les culpabiliza de la ola de contagios de COVID-19 que se han dado principalmente en la zona norte del pa\u00eds.<\/em><!--more--><\/p>\n<p>Por Jouseth Chaves R.<\/p>\n<p>El gobierno, los alcaldes y los grandes medios de comunicaci\u00f3n se han encargado de crear una gran cortina de xenofobia, para tapar que los verdaderos responsables de los contagios son los empresarios que, con ayuda del gobierno, est\u00e1n poniendo primero sus ganancias que las vidas y la salud de los trabajadores.<\/p>\n<p>Desde hace m\u00e1s de un mes, el Ministerio de Salud afirma que la principal causa de contagios, lejos de ser la irresponsabilidad de las personas o la falta de medidas, son los centros de trabajo, incluso antes de que se dieran brotes en plantaciones de la zona norte se dieron a conocer los casos de empresas de buses y call centers.<\/p>\n<p>Desde hace a\u00f1os, en el Partido de los Trabajadores hemos estado denunciado la situaci\u00f3n de los trabajadores agr\u00edcolas, quienes son mantenidos en las empresas en condiciones de semiesclavitud, y lo que pasa actualmente en la zona norte, es simplemente la salida a flote de las condiciones laborales en esas empresas agr\u00edcolas, de personas que tienen muchos a\u00f1os de vivir y trabajar en el pa\u00eds sin poder tener acceso a documentos y al respeto de sus derechos.<\/p>\n<p>La xenofobia es promovida por lo ricos para que nos dividamos como trabajadores, y nos apartemos de comprender, que en realidad los culpables de los brotes de coronavirus son los patronos, quienes apoyados en el gobierno, no han querido decretar una cuarentena real, no toman medidas en las empresas,\u00a0 con el fin de seguir amasando ganancias aunque nosotros estemos condenados a la enfermedad o la muerte.<\/p>\n<p>En estos momentos, la tarea principal de la clase trabajadora es unirse para luchar, ticos y nicas debemos unirnos para que sean los grandes ricos los que paguen esta crisis, para que se pongan primero las vidas de los trabajadores y no las ganancias.<\/p>\n","protected":false},"excerpt":{"rendered":"<p>En las \u00faltimas semanas en el pa\u00eds se ha propagado una gran ola de xenofobia contra las y los trabajadores nicarag\u00fcenses, a quienes se les culpabiliza de la ola de contagios de COVID-19 que se han dado principalmente en la zona norte del pa\u00eds.<\/p>\n","protected":false},"author":5,"featured_media":61278,"menu_order":0,"comment_status":"closed","ping_status":"closed","sticky":false,"template":"","format":"standard","meta":{"jetpack_post_was_ever_published":false,"_jetpack_newsletter_access":"","_jetpack_dont_email_post_to_subs":false,"_jetpack_newsletter_tier_id":0,"_jetpack_memberships_contains_paywalled_content":false,"litci_post_political_author":"","_jetpack_memberships_contains_paid_content":false,"footnotes":""},"categories":[2679,2686,15122],"tags":[15045,2875,5375],"class_list":["post-61277","post","type-post","status-publish","format-standard","has-post-thumbnail","hentry","category-costa-rica","category-nicaragua","category-coronavirus","tag-coronavirus","tag-costa-rica-2","tag-xenofobia"],"jetpack_featured_media_url":"https:\/\/i0.wp.com\/litci.org\/es\/wp-content\/uploads\/2020\/07\/zona-norte.png?fit=632%2C332&ssl=1","fimg_url":"https:\/\/i0.wp.com\/litci.org\/es\/wp-content\/uploads\/2020\/07\/zona-norte.png?fit=632%2C332&ssl=1","categories_names":["Costa Rica","Nicaragua","Pandemia"],"author_info":{"name":"Kely","pic":"https:\/\/secure.gravatar.com\/avatar\/19003bf6219614b90207b39bd4a2733ce9cf96693efdfd639b15a829beed53d1?s=96&d=mm&r=g"},"political_author":null,"tagline":"","jetpack_sharing_enabled":true,"_links":{"self":[{"href":"https:\/\/litci.org\/es\/wp-json\/wp\/v2\/posts\/61277","targetHints":{"allow":["GET"]}}],"collection":[{"href":"https:\/\/litci.org\/es\/wp-json\/wp\/v2\/posts"}],"about":[{"href":"https:\/\/litci.org\/es\/wp-json\/wp\/v2\/types\/post"}],"author":[{"embeddable":true,"href":"https:\/\/litci.org\/es\/wp-json\/wp\/v2\/users\/5"}],"replies":[{"embeddable":true,"href":"https:\/\/litci.org\/es\/wp-json\/wp\/v2\/comments?post=61277"}],"version-history":[{"count":1,"href":"https:\/\/litci.org\/es\/wp-json\/wp\/v2\/posts\/61277\/revisions"}],"predecessor-version":[{"id":61279,"href":"https:\/\/litci.org\/es\/wp-json\/wp\/v2\/posts\/61277\/revisions\/61279"}],"wp:featuredmedia":[{"embeddable":true,"href":"https:\/\/litci.org\/es\/wp-json\/wp\/v2\/media\/61278"}],"wp:attachment":[{"href":"https:\/\/litci.org\/es\/wp-json\/wp\/v2\/media?parent=61277"}],"wp:term":[{"taxonomy":"category","embeddable":true,"href":"https:\/\/litci.org\/es\/wp-json\/wp\/v2\/categories?post=61277"},{"taxonomy":"post_tag","embeddable":true,"href":"https:\/\/litci.org\/es\/wp-json\/wp\/v2\/tags?post=61277"}],"curies":[{"name":"wp","href":"https:\/\/api.w.org\/{rel}","templated":true}]}}