{"id":61174,"date":"2020-06-27T10:24:04","date_gmt":"2020-06-27T13:24:04","guid":{"rendered":"https:\/\/litci.org\/es\/?p=61174"},"modified":"2024-11-03T13:29:40","modified_gmt":"2024-11-03T13:29:40","slug":"organizaciones-convocan-dia-nacional-de-lucha-por-el-fuera-bolsonaro-para-el-10-de-julio","status":"publish","type":"post","link":"https:\/\/litci.org\/es\/organizaciones-convocan-dia-nacional-de-lucha-por-el-fuera-bolsonaro-para-el-10-de-julio\/","title":{"rendered":"Organizaciones convocan D\u00eda Nacional de Lucha por el Fuera Bolsonaro para el 10 de julio"},"content":{"rendered":"<p><em>Este martes (23\/6) una encuentro online reuni\u00f3 a representantes de diversas organizaciones, entre partidos pol\u00edticos, entidades sindicales y de los movimientos sociales, y sectores de la sociedad civil para articular una acci\u00f3n unificada por el \u201cFuera Bolsonaro\u201d. La reuni\u00f3n aprob\u00f3 un calendario de movilizaci\u00f3n y una de las principales deliberaciones fue la realizaci\u00f3n de un D\u00eda Nacional de Luchas el 10 de julio.<\/em><!--more--><\/p>\n<p>Por: CSP-Conlutas<\/p>\n<p>En la fecha, la propuesta es realizar un d\u00eda nacional de protestas por el Fuera Bolsonaro con toda forma de movilizaci\u00f3n posible. Tomando en cuenta las limitaciones impuestas por la pandemia, podr\u00e1n realizarse asambleas en los lugares de trabajo por la ma\u00f1ana (con atraso en la entrada donde sea posible), y actos simb\u00f3licos en la calle, as\u00ed como las m\u00e1s diversas acciones que permitan ampliar la participaci\u00f3n de los trabajadores y de la poblaci\u00f3n en general, como llamar a las personas para usar una pieza de ropa negra ese d\u00eda, poner un pa\u00f1o negro en las ventanas, realizar twitters y acciones en las redes sociales, y un cacerolazo nacional por la noche.<\/p>\n<p>La reuni\u00f3n defini\u00f3 incluso la realizaci\u00f3n online de un Plenario Nacional Popular por el Fuera Bolsonaro para el 11 de julio. El 12 de julio (domingo), cuando ser\u00e1n convocadas nuevas manifestaciones de calle en defensa de las libertades democr\u00e1ticas y por el Fuera Bolsonaro, la orientaci\u00f3n es que las entidades definan su participaci\u00f3n de acuerdo con la decisi\u00f3n de cada organizaci\u00f3n.<\/p>\n<p>La unidad por el Fuera Bolsonaro re\u00fane PT, PSOL, PSTU, PCdoB, UP, PCB, PCO, PSB, PDT, Rede; las centrales sindicales CUT, For\u00e7a Sindical, CSP-Conlutas, CTAB, Intersindical Central, Intersindical Instrumento de Lucha, UGT, CSB, CGTB, Nova Central; los Frentes Brasil Popular y Pueblo Sin Miedo, Hinchadas (de f\u00fatbol) Organizadas, entre otros (confiera abajo el informe de la reuni\u00f3n).<\/p>\n<p><strong>\u00a1Fuera Bolsonaro y Mour\u00e3o ya!<\/strong><\/p>\n<p>Otro frente para dar un basta al gobierno de Bolsonaro y Mour\u00e3o son varias acciones con pedido de impeachment. Ya fueron protocolados 48 pedidos en la C\u00e1mara de Diputados. El Frente por el Fuera Bolsonaro, con centenas de organizaciones, lanz\u00f3 el \u00faltimo viernes (19\/6), un petitorio online para presionar al presidente de la C\u00e1mara, Rodrigo Maia, a dar curso al proceso de impeachment.<\/p>\n<p>La pandemia dej\u00f3 a la luz la pol\u00edtica genocida, el car\u00e1cter antidemocr\u00e1tico y ultraliberal del gobierno Bolsonaro y Mour\u00e3o. Cada d\u00eda se comprueba que la grave crisis sanitaria, econ\u00f3mica, social y pol\u00edtica instalada en el pa\u00eds no puede ser superada sin poner un fin a este gobierno de ultraderecha.<\/p>\n<p><a href=\"https:\/\/i0.wp.com\/litci.org\/es\/wp-content\/uploads\/2020\/06\/fora-bolsonaro.jpg?ssl=1\"><img data-recalc-dims=\"1\" loading=\"lazy\" decoding=\"async\" class=\"size-full wp-image-61175 aligncenter\" src=\"https:\/\/i0.wp.com\/litci.org\/es\/wp-content\/uploads\/2020\/06\/fora-bolsonaro.jpg?resize=1024%2C597&#038;ssl=1\" alt=\"\" width=\"1024\" height=\"597\" srcset=\"https:\/\/i0.wp.com\/litci.org\/es\/wp-content\/uploads\/2020\/06\/fora-bolsonaro.jpg?w=1024&amp;ssl=1 1024w, https:\/\/i0.wp.com\/litci.org\/es\/wp-content\/uploads\/2020\/06\/fora-bolsonaro.jpg?resize=300%2C175&amp;ssl=1 300w, https:\/\/i0.wp.com\/litci.org\/es\/wp-content\/uploads\/2020\/06\/fora-bolsonaro.jpg?resize=768%2C448&amp;ssl=1 768w, https:\/\/i0.wp.com\/litci.org\/es\/wp-content\/uploads\/2020\/06\/fora-bolsonaro.jpg?resize=720%2C420&amp;ssl=1 720w, https:\/\/i0.wp.com\/litci.org\/es\/wp-content\/uploads\/2020\/06\/fora-bolsonaro.jpg?resize=640%2C373&amp;ssl=1 640w, https:\/\/i0.wp.com\/litci.org\/es\/wp-content\/uploads\/2020\/06\/fora-bolsonaro.jpg?resize=681%2C397&amp;ssl=1 681w\" sizes=\"auto, (max-width: 1000px) 100vw, 1000px\" \/><\/a><\/p>\n<p>Mientras el nuevo coronavirus ya contamin\u00f3 a m\u00e1s de un mill\u00f3n de brasile\u00f1os y mat\u00f3 a m\u00e1s de 52.000 personas, el gobierno de Bolsonaro y Mour\u00e3o ataca brutalmente los derechos y las condiciones de los trabajadores y m\u00e1s pobres para atender los intereses de grandes empresarios, banqueros y del agronegocio.<\/p>\n<p>Es por eso que la salud enfrenta un colapso, la educaci\u00f3n vive un caos, avanzan con la destrucci\u00f3n de los derechos laborales, aumenta el desempleo y la precarizaci\u00f3n de las condiciones de trabajo, el desmonte y la violencia en la Amazon\u00eda y en el campo, las privatizaciones y la entrega del patrimonio p\u00fablico y de las riquezas del pa\u00eds, as\u00ed como los ataques a las libertades democr\u00e1ticas, con medidas autoritarias y criminalizaci\u00f3n de las luchas y del pueblo pobre.<\/p>\n<p>La CSP-Conlutas firm\u00f3 el pedido colectivo por el impeachment, protocolado en mayo, as\u00ed como tambi\u00e9n apoya la campa\u00f1a del petitorio lanzado este viernes \u00faltimo.<\/p>\n<p>La Central est\u00e1 al frente del llamado del D\u00eda Nacional de Luchas por el Fuera Bolsonaro, y jugar\u00e1 todos sus esfuerzos para la construcci\u00f3n de este d\u00eda de movilizaciones.<\/p>\n<p>\u201cDefendemos que es necesario sacar a Bolsonaro pero tambi\u00e9n a Mour\u00e3o, y a toda la banda que compone este gobierno de ultraderecha y ultraliberal, lacayos de Trump y de las multinacionales norteamericanas. Para eso, es preciso una amplia y unitaria movilizaci\u00f3n para derrotar este gobierno\u201d, afirm\u00f3 el integrante de la Secretar\u00eda Ejecutiva Nacional de la Central, Atn\u00e1goras Lopes.<\/p>\n<p>\u201cEstamos viendo que los trabajadores y la poblaci\u00f3n pobres est\u00e1n reaccionando frente a los ataques y el caos que este gobierno viene imponiendo. Por eso, trabajadores de la salud protestan, entregadores de aplicativos se rebelan contra la precarizaci\u00f3n de sus condiciones de trabajo y preparan una huelga para el 1 de julio, hinchadas organizadas retoman las protestas de calle en defensa de las libertades democr\u00e1ticas y llaman a nuevos actos para el 28\/6, pueblos de terreiros [religi\u00f3n afrobrasile\u00f1a] organizan una fogata por el Fuera Bolsonaro\u201d, cit\u00f3 Atn\u00e1goras.<\/p>\n<p>\u201cEs preciso fortalecer todas las movilizaciones e iniciativas que avancen en la lucha para poner un fin a este gobierno que quiere aplicar un proyecto de dictadura para poner en pr\u00e1ctica todos sus ataques\u201d, agreg\u00f3 el dirigente.<\/p>\n<p>\u201cVamos a fortalecer la jornada por el Fuera Bolsonaro que est\u00e1 siendo convocada, y todas las luchas en curso. Precisamos honrar las 52.000 familias que hoy lloran sus muertos por causa de la pol\u00edtica genocida del gobierno Bolsonaro que, ahora, desgraciadamente, tambi\u00e9n est\u00e1 siendo seguida por gobernadores que se someten a la presi\u00f3n de la industria y del comercio, y est\u00e1n conduciendo a nuestra clase al matadero\u201d, dijo.<\/p>\n<p>\u201cM\u00e1s que nunca vamos a sumar la fuerza de nuestro pueblo organizado para hacer un gran proceso de movilizaci\u00f3n en este pa\u00eds, en defensa del derecho a la vida, por una cuarentena general de 30 d\u00edas, empleos y garant\u00eda de renta a los trabajadores y peque\u00f1os comerciantes. Vamos juntos. \u00a1Fuera Bolsonaro y Mour\u00e3o, ya!, concluy\u00f3 Atn\u00e1goras.<\/p>\n<p><strong>Confiera el informe de la reuni\u00f3n de las organizaciones, realizada este 23 de junio<\/strong><\/p>\n<p>Reuni\u00f3n \u201cFuera Bolsonaro\u201d &#8211; 23 de junio de 2020<\/p>\n<p>Presentaci\u00f3n: Esta reuni\u00f3n fue una iniciativa impulsada por los Frentes Brasil Popular y Pueblo Sin Miedo, en la perspectiva de articular las organizaciones y entidades que est\u00e1n debatiendo la inviabilidad de la permanencia de Bolsonaro al frente de la Presidencia de la Rep\u00fablica.<\/p>\n<p>Organizaciones presentes: PSB, PDT, Rede, PSTU, PT, PCdoB, PSOL, UP, PCB, PCO, For\u00e7a Sindical, UGT, CSB, CGTB, CONLUTAS, CUT, CTB, Intersindical Central; Instersindical Instrumento; Nova Central; Projeto Brasil-Na\u00e7\u00e3o, ABI, CONIC, Koinonia, AJD, APIB, Plataforma de los Movimientos Sociales por la Reforma del Sistema Pol\u00edtico, Abong, Coalici\u00f3n Negra por Derechos; Plataforma Pol\u00edtica Social; CBJP; Frente de los Evang\u00e9licos por el Estado de Direito; CPT; ASA; Acci\u00f3n Educativa; IBRE; Intervoces; IFJ; Pacto por la Democracia; Greenpeace; SOS Mata Atl\u00e1ntica; WWF; ANA; Tierra de Derechos; FASE; Grain; Observatorio del Clima; 342 Amazon\u00eda; Forum 21; INESC; y las organizaciones que construyen los Frente Brasil Popular y Frente Povo Sem Medo.<\/p>\n<p><strong>1-S\u00edntesis pol\u00edtica<\/strong><\/p>\n<ol>\n<li>No hay posibilidades de superar la crisis sanitaria, econ\u00f3mica, ambiental y social con la permanencia de Bolsonaro en la Presidencia de la Rep\u00fablica.<\/li>\n<li>Existe la necesidad de constituir un espacio de articulaci\u00f3n que agregue a todos los sectores que defienden la bandera Fuera Bolsonaro.<\/li>\n<li>Es preciso establecer iniciativas conjuntas que posibiliten fortalecer la bandera Fuera Bolsonaro en la sociedad.<\/li>\n<\/ol>\n<p><strong>2 \u2013 S\u00edntesis de los encaminamientos<\/strong><\/p>\n<ol>\n<li>Masificar los petitorios para presionar al Congreso a abrir el proceso de impeachment y al TSE a juzgar la lista Bolsonaro-Mour\u00e3o.<\/li>\n<li>Estimular acciones de agitaci\u00f3n pol\u00edtica y comunicaci\u00f3n a partir de una identidad visual com\u00fan para la \u201cCampa\u00f1a Fuera Bolsonaro\u201d.<\/li>\n<li>Organizar un D\u00eda Nacional de Movilizaci\u00f3n por el Fuera Bolsonaro, realizando acciones de redes, acciones simb\u00f3licas y cacerolazos el d\u00eda 10 de julio.<\/li>\n<li>Realizar un Plenario Nacional Popular por el Fuera Bolsonaro, emvolviendo a millares de personas para lanzar esta iniciativa el d\u00eda 11 de julio.<\/li>\n<li>Para el d\u00eda 12 de julio est\u00e1n siendo convocadas nuevas manifestaciones de calle en defensa de la democracia y por el Fuera Bolsoanro. La decisi\u00f3n sobre la convocatoria y participaci\u00f3n en esos actos es exclusiva de cada organizaci\u00f3n.<\/li>\n<li>Mantener reuniones regulares de este espacio de articulaci\u00f3n con un representante de cada organizaci\u00f3n\/iniciativa. Realizar la pr\u00f3xima reuni\u00f3n el 7 de julio a las 10 horas.<\/li>\n<li>Construir una comisi\u00f3n organizadora para preparar las actividades de los d\u00edas 10, 11 y 12\/7, compuesta por representantes del Forum de las Centrales, de los Frentes y Organizaciones de la sociedad civil.<\/li>\n<li>Consultar a las organizaciones participantes hasta la pr\u00f3xima reuni\u00f3n sobre la identidad de esta iniciativa, y si el nombre \u201cCampa\u00f1a Nacional Fuera Bolsonaro\u201d contemplar\u00eda a todos.<\/li>\n<\/ol>\n<p><strong>3 \u2013 Informes:<\/strong><\/p>\n<ol>\n<li>Est\u00e1 en construcci\u00f3n una Campa\u00f1a en Defensa de la Denocracia, impulsada por varias entidades reunidas a partir de un llamado de la Orden de Abogados del Brasil (OAB), titulada #BrasilpelaDemocracia. Varias de las entidades presentes en nuestra reuni\u00f3n participan de esa construcci\u00f3n. El lanzamiento de la campa\u00f1a ser\u00e1 en este final de semana (27 y 28\/6); Actividades virtuales se realizar\u00e1n en una acci\u00f3n continuada los d\u00edas 4 y 5 de julio, y una gran live pol\u00edtica y cultural est\u00e1 siendo organizada para el d\u00eda 18 o 19 de julio.<\/li>\n<li>El d\u00eda 24\/6 (d\u00eda de Xang\u00f4) se convoc\u00f3 a una \u201cFogata Fuera Bolsonaro\u201d, promovida por los Pueblos de Terreiros.<\/li>\n<li>Para el d\u00eda 1 de julio est\u00e1 siendo convocada la Primera Huelga Nacional de los Entregadores de APPs.<\/li>\n<li>Este domingo 28\/6 est\u00e1n siendo convocadas movilizaciones de las hinchadas (de f\u00fatbol) antifascistas, en varias capitales.<\/li>\n<li>El d\u00eda 30\/6 se realizar\u00e1 un acto pol\u00edtico de la iniciativa \u201cDerechos Ya\u201d.<\/li>\n<\/ol>\n<p>Traducci\u00f3n: Natalia Estrada.<\/p>\n","protected":false},"excerpt":{"rendered":"<p>Este martes (23\/6) una encuentro online reuni\u00f3 a representantes de diversas organizaciones, entre partidos pol\u00edticos, entidades sindicales y de los movimientos sociales, y sectores de la sociedad civil para articular una acci\u00f3n unificada por el \u201cFuera Bolsonaro\u201d. La reuni\u00f3n aprob\u00f3 un calendario de movilizaci\u00f3n y una de las principales deliberaciones fue la realizaci\u00f3n de un [&hellip;]<\/p>\n","protected":false},"author":4,"featured_media":61189,"menu_order":0,"comment_status":"closed","ping_status":"closed","sticky":false,"template":"","format":"standard","meta":{"jetpack_post_was_ever_published":false,"_jetpack_newsletter_access":"","_jetpack_dont_email_post_to_subs":false,"_jetpack_newsletter_tier_id":0,"_jetpack_memberships_contains_paywalled_content":false,"litci_post_political_author":"","_jetpack_memberships_contains_paid_content":false,"footnotes":""},"categories":[2676,2737,15122,10806],"tags":[3455,15491,4181,15490,3465,15492,15485,15486,15489,5325,15488,3394,15484,15487],"class_list":["post-61174","post","type-post","status-publish","format-standard","has-post-thumbnail","hentry","category-brasil","category-movimiento-obrero","category-coronavirus","category-sindical","tag-antifascismo","tag-campana-fuera-bolsonaro","tag-centrales-sindicales","tag-coronavirus-y-gobierno-genocida-de-bolsonaro-mourao","tag-csp-conlutas","tag-cuarentena-real","tag-dia-nacional-por-el-fuera-bolsonaro","tag-fuera-bolsonaro","tag-hinchas-organizadas","tag-libertades-democraticas","tag-manifestaciones-de-calle","tag-movimientos-sociales","tag-partidos-politicos","tag-reunion-amplia-por-el-fuera-bolsonaro"],"jetpack_featured_media_url":"https:\/\/i0.wp.com\/litci.org\/es\/wp-content\/uploads\/2020\/06\/FUP20200607077-1536x1025-1.jpg?fit=1536%2C1025&ssl=1","fimg_url":"https:\/\/i0.wp.com\/litci.org\/es\/wp-content\/uploads\/2020\/06\/FUP20200607077-1536x1025-1.jpg?fit=1536%2C1025&ssl=1","categories_names":["Brasil","Movimiento Obrero","Pandemia","Sindical"],"author_info":{"name":"Administraci\u00f3n Site","pic":"https:\/\/secure.gravatar.com\/avatar\/1fc4a65db396208ca881747f59a66a20c6b8670747457224753e1e98c43f719b?s=96&d=mm&r=g"},"political_author":null,"tagline":"","jetpack_sharing_enabled":true,"_links":{"self":[{"href":"https:\/\/litci.org\/es\/wp-json\/wp\/v2\/posts\/61174","targetHints":{"allow":["GET"]}}],"collection":[{"href":"https:\/\/litci.org\/es\/wp-json\/wp\/v2\/posts"}],"about":[{"href":"https:\/\/litci.org\/es\/wp-json\/wp\/v2\/types\/post"}],"author":[{"embeddable":true,"href":"https:\/\/litci.org\/es\/wp-json\/wp\/v2\/users\/4"}],"replies":[{"embeddable":true,"href":"https:\/\/litci.org\/es\/wp-json\/wp\/v2\/comments?post=61174"}],"version-history":[{"count":3,"href":"https:\/\/litci.org\/es\/wp-json\/wp\/v2\/posts\/61174\/revisions"}],"predecessor-version":[{"id":61191,"href":"https:\/\/litci.org\/es\/wp-json\/wp\/v2\/posts\/61174\/revisions\/61191"}],"wp:featuredmedia":[{"embeddable":true,"href":"https:\/\/litci.org\/es\/wp-json\/wp\/v2\/media\/61189"}],"wp:attachment":[{"href":"https:\/\/litci.org\/es\/wp-json\/wp\/v2\/media?parent=61174"}],"wp:term":[{"taxonomy":"category","embeddable":true,"href":"https:\/\/litci.org\/es\/wp-json\/wp\/v2\/categories?post=61174"},{"taxonomy":"post_tag","embeddable":true,"href":"https:\/\/litci.org\/es\/wp-json\/wp\/v2\/tags?post=61174"}],"curies":[{"name":"wp","href":"https:\/\/api.w.org\/{rel}","templated":true}]}}