{"id":60557,"date":"2020-05-21T08:19:48","date_gmt":"2020-05-21T11:19:48","guid":{"rendered":"https:\/\/litci.org\/es\/?p=60557"},"modified":"2024-11-03T13:29:57","modified_gmt":"2024-11-03T13:29:57","slug":"rescatemos-las-ensenanzas-del-mayo-frances","status":"publish","type":"post","link":"https:\/\/litci.org\/es\/rescatemos-las-ensenanzas-del-mayo-frances\/","title":{"rendered":"Rescatemos las ense\u00f1anzas del Mayo Franc\u00e9s"},"content":{"rendered":"<p><em>Cuando se aborda en los medios el Mayo Franc\u00e9s, se intenta caricaturizar los sucesos vividos en ese pa\u00eds, como \u201cut\u00f3picos\u201d y poco realistas, no obstante, es un deber rescatar el proceso revolucionario de las juventudes y las masas trabajadoras, sus organismos autogestionarios, la combatividad en los enfrentamientos en las calles, que fue traicionada por direcciones de la CGT.<\/em><!--more--><\/p>\n<p>Por Luis Alvarado<\/p>\n<p>Una experiencia que nos sigue entregando ense\u00f1anzas, en torno al desafiar el poder de los ricos, que se mantiene hasta la actualidad.<\/p>\n<p><strong>El contexto en que se sit\u00faa<\/strong><\/p>\n<p>En febrero de 1968 ven\u00eda el primer bombardeo norteamericano contra Vietnam, y se multiplicaban las protestas en Washington contra la Guerra EEUU y contra el racismo a los negros, en abril proliferan enfrentamientos en New York, enfrentamientos con la polic\u00eda en Chicago, y en este mes, es asesinado Martin Luther King. Se acrecienta una gran movimiento contra el imperio norteamericano en Jap\u00f3n, en Berl\u00edn -la capital de alemana- se realiza un atentado contra el estudiante Rudi Dutschike, muerte ocasionada por fan\u00e1tico nazi, con protestas en todo el pa\u00eds.<\/p>\n<p>El movimiento de protesta se extiende a Europa, en los pa\u00edses bajos enfrentamientos violentos con la polic\u00eda, en Italia movimientos de la juventud con Roma paralizada por estudiantes contra las reformas de la ense\u00f1anza.<\/p>\n<p><strong>La g\u00e9nesis del mayo franc\u00e9s<\/strong><\/p>\n<p>La situaci\u00f3n en Francia no estaba favorable para sectores populares y las mayor\u00edas asalariadas, todos llevaban a\u00f1os enfrentando pol\u00edticas que profundizaban la precariedad de la vida de miles, bajos salarios, juventud desempleada, reformas a la educaci\u00f3n con claras intenciones de ser privatizadas, reformas a la seguridad social, un gobierno de Gaulle autoritario y represor, pero al que gradualmente se opon\u00edan las luchas generalmente aisladas, iban tomando fuerza, teniendo alto impacto las movilizaciones del movimiento estudiantil contra las pol\u00edticas coloniales de EEUU con la guerra de Vietnam.<\/p>\n<p><strong>Las juventudes a la primera l\u00ednea<\/strong><\/p>\n<p>Con este panorama, de aires contestatarios, entre marzo y mayo existieron una infinidad de protestas y tomas de facultades de diferentes universidades del pa\u00eds, con debates pol\u00edticos en cada centro de estudio, abordando diferentes \u00e1reas de la sociedad. La facultad de letras de\u00a0<em>Lamperre<\/em>\u00a0fue convergencia del estudiantado que organiz\u00f3 movilizaciones en las calles en repudio a las reformas de Gaulle, produciendo un aumento de la represi\u00f3n y resistencia, teniendo su punto m\u00e1s \u00e1lgido el 3 de mayo, donde las polic\u00edas antidisturbios intentaron desalojar la hist\u00f3rica Universidad de Paris, la Soborna, que fue epicentro de enfrentamientos y movilizaciones, al igual que en\u00a0<em>Barrio Latino, Denfert, y la Halle-auVins.<\/em><\/p>\n<p>A partir de estos conflictos, hubo varios activistas y estudiantes detenidos, y procesados, causando mayores movilizaciones, estudiantes detenidos y expulsados del pa\u00eds como \u201cDani el Rojo\u201d, protestas y enfrentamientos de la juventud con la polic\u00eda, con barricadas, dando inicio al Mayo Franc\u00e9s. Los estudiantes declaraban la huelga indefinida.<\/p>\n<p>Se desarroll\u00f3 un fuerte movimiento pol\u00edtico y art\u00edstico cultural que se rebel\u00f3 contra los c\u00e1nones del sistema capitalista.<\/p>\n<p><strong>La clase trabajadora entra en escena<\/strong><\/p>\n<p>\u201cLa noche de barricadas\u201d; la batalla nocturna del 10 de mayo contagi\u00f3 de rebeld\u00eda al movimiento obrero, viendo obligado las direcciones de la Confederaci\u00f3n General del Trabajo (CGT), a llamar a un paro nacional el 13 de mayo, pero lejos de ser un paro general como la direcci\u00f3n de la CGT quer\u00edan, la clase trabajadora irrumpi\u00f3 revolucionariamente y sali\u00f3 en masas a las calles, desbordando sus jefaturas y patrones, las calles copadas en todos los rincones del pa\u00eds.<\/p>\n<p>Surgieron experiencias como los motines en los conteiner de Maerks, la f\u00e1brica de Rh\u00f4ne-Poulenc de Vitr afirma: \u00abEstudiantes y obreros, la misma lucha\u00bb, masivas huelgas en lugares de trabajo como Thomson (Bagneux y Gennevilliers [Hauts-de-Seine]) el nivel de participaci\u00f3n es del 60-65 %. En el Centro de la Energ\u00eda At\u00f3mica (CEA) en Saclay (Essonne), la participaci\u00f3n es masiva, al igual que en Chausson (90 %). En la filial de Rh\u00f4ne Poulenc de Vitry (Valde-Marne), en la planta Peugeot de Sochaux (Doubs), en la planta de Renault de Cl\u00e9on (Seine-Maritime, empresa de material agr\u00edcola Claas en Woippy (suburbios de Metz, al este de Francia) y de la Sociedad BTP [Trabajos P\u00fablicos] Duc et Mery de Toulouse, en Par\u00eds de la planta de La Villette de las Nouvelles Messageries de la Presse Parisienne (NMPP).<\/p>\n<p>En el periodo de mayo y junio hubo unos 10 millones de trabajadores que estuvieron en paro y movilizaciones, muchas f\u00e1bricas fueron tomadas, en muchos casos los gerentes y directores fueron tomados como rehenes, obreros de Sud-Aviation de Bouguenais (Loire-Atlantique). En este contexto surgieron varios organismos autogestionarios, para organizar y coordinar las acciones y ocupaciones por convenios colectivos, cuestionando el poder patronal en cada lugar de trabajo.<\/p>\n<p>Hubo 600.000 manifestantes en Par\u00eds, 150.000 en Marsella, 40.000 en Toulouse, 35.000 en Lyon, etc. En todas partes, las comitivas hab\u00edan reunido a obreros y estudiantes. Se impulsaba las concentraciones \u00abbajo la biroute\u00bb,<\/p>\n<p>A medida que pasaban los d\u00edas no solo estaba la clase trabajadora y el movimiento estudiantil y la juventud, sino se fueron sumando m\u00e1s sectores en lucha, teniendo incluso varios cuarteles de soldados a favor de las reivindicaciones del pueblo trabajador franc\u00e9s.<\/p>\n<p><strong>La traici\u00f3n de la CGT<\/strong><\/p>\n<p>Con un aumento de salarios, acoto los reclamos la direcci\u00f3n de la CGT y otras centrales sindicales, que dialogaron con el Gobierno de Gaulle, que estaba acorralado por las masas. De estas reuniones, sindicatos sacaron un aumento del 12%, reducci\u00f3n de jornada de trabajo, y otras migajas, a fin de levantar las movilizaciones, cerrado el acuerdo la CGT desmoviliz\u00f3 a sectores m\u00e1s atrasados, pero se manten\u00eda una primera l\u00ednea de la clase trabajadora y de la juventud que estaba dispuesta ir por mucho m\u00e1s.<\/p>\n<p>Cerrado el acuerdo con las direcciones de la CGT y otras centrales sindicales, aunque sectores manten\u00edan la lucha viva. De Gaulle dio paso a la represi\u00f3n m\u00e1s brutal, llegando a cada Universidad de Soborna, f\u00e1brica y lugares de trabajo, y barrios populares (como Barrio Latino) donde estaba viva las movilizaciones, dejando muertos, heridos, detenidos, y presos.<\/p>\n<p>A fines de junio el Gobierno De Gaulle cerr\u00f3 la crisis, con elecciones que dieron mayor\u00eda en el congreso al PS, y el PC, pero Gaulle no pudo sobre m\u00e1s que un a\u00f1o del Mayo Franc\u00e9s, ya que despu\u00e9s fue desplazado en un refer\u00e9ndum, y por otro lado la clase trabajadora, la juventud y las masas populares no solo persistieron en su lucha, sino que fue un ejemplo que se expandi\u00f3 por toda Europa y el mundo.<\/p>\n<p><strong>Lecciones de una lucha \u00e9pica<\/strong><\/p>\n<p>Pese a la derrota, el Mayo Franc\u00e9s demostr\u00f3 una vez m\u00e1s la\u00a0<strong>fuerza de las movilizaci\u00f3n y combatividad de la clase trabajadora y de su aliado<\/strong>\u00a0como\u00a0<strong>las juventudes, los j\u00f3venes universitarios y secundarios<\/strong>, y volvi\u00f3 a confirmar que hay que librarse de dirigentes traidores, cuando las masas obreras y populares del pueblo quieren sacar al gobierno y empezar a derrumbar el capitalismo.<\/p>\n<p>El Mayo Franc\u00e9s demuestra la necesidad de una organizaciones pol\u00edtica que este a la altura del coraje de las masas, nacida de los sectores de la clase asalariada, las mujeres y el pueblo pobre, que le arrebate el control de sindicatos a los dirigentes amigos y conciliadores del gran empresariado, y del gobierno de turno de los capitalistas, y una juventud, que est\u00e9 al servicio de la lucha de los explotados y oprimidos, y que es all\u00ed donde se puede construir un porvenir, que el capitalismo niega, un futuro libre de explotaci\u00f3n y opresi\u00f3n, y que se pueda disfrutar de la vida plenamente.<\/p>\n<p><strong>Referencias<\/strong><\/p>\n<ul>\n<li>Las Huelgas en Francia, durante mayo y junio de 1968, Bruno Asterian.<\/li>\n<\/ul>\n","protected":false},"excerpt":{"rendered":"<p>Cuando se aborda en los medios el Mayo Franc\u00e9s, se intenta caricaturizar los sucesos vividos en ese pa\u00eds, como \u201cut\u00f3picos\u201d y poco realistas, no obstante, es un deber rescatar el proceso revolucionario de las juventudes y las masas trabajadoras, sus organismos autogestionarios, la combatividad en los enfrentamientos en las calles, que fue traicionada por direcciones [&hellip;]<\/p>\n","protected":false},"author":5,"featured_media":60583,"menu_order":0,"comment_status":"closed","ping_status":"closed","sticky":false,"template":"","format":"standard","meta":{"jetpack_post_was_ever_published":false,"_jetpack_newsletter_access":"","_jetpack_dont_email_post_to_subs":false,"_jetpack_newsletter_tier_id":0,"_jetpack_memberships_contains_paywalled_content":false,"litci_post_political_author":"","_jetpack_memberships_contains_paid_content":false,"footnotes":""},"categories":[2693,6482],"tags":[12652],"class_list":["post-60557","post","type-post","status-publish","format-standard","has-post-thumbnail","hentry","category-francia","category-historia","tag-mayo-frances"],"jetpack_featured_media_url":"https:\/\/i0.wp.com\/litci.org\/es\/wp-content\/uploads\/2020\/05\/G5FYW3AGBFF2PEGLDKOMBZEYL4.jpg?fit=900%2C600&ssl=1","fimg_url":"https:\/\/i0.wp.com\/litci.org\/es\/wp-content\/uploads\/2020\/05\/G5FYW3AGBFF2PEGLDKOMBZEYL4.jpg?fit=900%2C600&ssl=1","categories_names":["Francia","Historia"],"author_info":{"name":"Kely","pic":"https:\/\/secure.gravatar.com\/avatar\/19003bf6219614b90207b39bd4a2733ce9cf96693efdfd639b15a829beed53d1?s=96&d=mm&r=g"},"political_author":null,"tagline":"","jetpack_sharing_enabled":true,"_links":{"self":[{"href":"https:\/\/litci.org\/es\/wp-json\/wp\/v2\/posts\/60557","targetHints":{"allow":["GET"]}}],"collection":[{"href":"https:\/\/litci.org\/es\/wp-json\/wp\/v2\/posts"}],"about":[{"href":"https:\/\/litci.org\/es\/wp-json\/wp\/v2\/types\/post"}],"author":[{"embeddable":true,"href":"https:\/\/litci.org\/es\/wp-json\/wp\/v2\/users\/5"}],"replies":[{"embeddable":true,"href":"https:\/\/litci.org\/es\/wp-json\/wp\/v2\/comments?post=60557"}],"version-history":[{"count":1,"href":"https:\/\/litci.org\/es\/wp-json\/wp\/v2\/posts\/60557\/revisions"}],"predecessor-version":[{"id":60558,"href":"https:\/\/litci.org\/es\/wp-json\/wp\/v2\/posts\/60557\/revisions\/60558"}],"wp:featuredmedia":[{"embeddable":true,"href":"https:\/\/litci.org\/es\/wp-json\/wp\/v2\/media\/60583"}],"wp:attachment":[{"href":"https:\/\/litci.org\/es\/wp-json\/wp\/v2\/media?parent=60557"}],"wp:term":[{"taxonomy":"category","embeddable":true,"href":"https:\/\/litci.org\/es\/wp-json\/wp\/v2\/categories?post=60557"},{"taxonomy":"post_tag","embeddable":true,"href":"https:\/\/litci.org\/es\/wp-json\/wp\/v2\/tags?post=60557"}],"curies":[{"name":"wp","href":"https:\/\/api.w.org\/{rel}","templated":true}]}}