{"id":58804,"date":"2020-03-04T10:34:30","date_gmt":"2020-03-04T13:34:30","guid":{"rendered":"https:\/\/litci.org\/es\/?p=58804"},"modified":"2024-11-03T13:31:09","modified_gmt":"2024-11-03T13:31:09","slug":"argentina-por-la-vida-de-las-mujeres-trabajadoras-el-9-todas-y-todos-a-las-calles","status":"publish","type":"post","link":"https:\/\/litci.org\/es\/argentina-por-la-vida-de-las-mujeres-trabajadoras-el-9-todas-y-todos-a-las-calles\/","title":{"rendered":"Argentina | Por la vida de las mujeres trabajadoras, el 9 todas y todos a las calles"},"content":{"rendered":"<p><em>Este 8 de marzo, D\u00eda Internacional de las Mujeres Trabajadoras, las direcciones feministas nos dicen que necesitamos hacer un d\u00eda de \u201cHuelga productiva y reproductiva\u201d, solo un d\u00eda de \u201clibertad\u201d, sin exigirle a las conducciones sindicales un paro por nuestras vidas y nuestros derechos, y depositando toda su confianza en el gobierno de Alberto Fern\u00e1ndez. Desde Lucha Mujer y el PSTU decimos que necesitamos mucho m\u00e1s que eso. Debemos exigirle al gobierno de Fern\u00e1ndez que tome como prioridad nuestras demandas y deje de pagar la Deuda.<\/em><!--more--><\/p>\n<p>Por PSTU-Argentina<\/p>\n<p><strong>POR LA SOCIALIZACI\u00d3N DE LAS TAREAS DOMESTICAS Y DE CUIDADOS<\/strong><\/p>\n<p>La convocatoria del Ni una Menos en Argentina al 4\u00ba Paro Internacional Feminista como Huelga \u201cProductiva y Reproductiva\u201d, entre otras consignas, vuelve a poner sobre el tapete un viejo debate del movimiento de mujeres mundial: desde la campa\u00f1a por Salario para Trabajo dom\u00e9stico de 1972 hasta el gobierno de Alberto Fern\u00e1ndez, pasando por la CTEP y otres, el debate est\u00e1 abierto. \u00bfQu\u00e9 son esas tareas \u201creproductivas\u201d, tareas dom\u00e9sticas y de cuidados? \u00bfC\u00f3mo podemos las mujeres librarnos de ese yugo? \u00bfDebemos reclamar un \u201csalario\u201d a cambio de seguir haci\u00e9ndolas o el Estado debe hacerse cargo de su realizaci\u00f3n?<\/p>\n<p><strong>Esclavitud dom\u00e9stica.<\/strong><\/p>\n<p>\u201cEso que llaman amor es trabajo no pago\u201d, frase que hoy leemos en varias paredes del mundo, refiere a este problema: las mujeres seguimos siendo quienes garantizamos las tareas del hogar, tareas de cuidados a la ni\u00f1ez y ancianes, y enfermes.La distribuci\u00f3n de estas tareas es de 86,3% para las mujeres y 41% para los varones siendo casi absolutamente responsables de la organizaci\u00f3n de las tareas y contenci\u00f3n afectiva del grupo familiar.<\/p>\n<p><strong>Trabajo y capital<\/strong><\/p>\n<p>Desde el punto de vista de las relaciones de producci\u00f3n capitalistas, el trabajo dom\u00e9stico produce bienes y servicios que son consumidos por el asalariado\/a y que ayudan a reproducir la fuerza de trabajo. Es decir, la supervivencia en m\u00ednimas condiciones para quien al otro d\u00eda debe volver salir a trabajar (incluso si es la propia mujer quien debe hacerlo). Pero en s\u00ed mismo, no es un trabajo que implica explotaci\u00f3n sino opresi\u00f3n, ya que no produce m\u00e1s valor que quede en manos del capitalista puesto que no es un trabajo en relaci\u00f3n con la producci\u00f3n externa al hogar.<\/p>\n<p>El gobierno de Fern\u00e1ndez coloca la cuesti\u00f3n desde el Ministerio de Mujeres tomando la propuesta de organizaciones como CTEP que asegura que las tareas de cuidados son llevadas adelante en los barrios por las mujeres organizadas, y que el Estado debe hacerse cargo de estas tareas tom\u00e1ndolas en sus manos y pagando un salario (AUH por ejemplo). Las mismas organizaciones feministas reclaman un salario a cambio de esas tareas.<\/p>\n<p>De ambas maneras, se naturaliza la idea de que el trabajo dom\u00e9stico y de cuidados es tarea femenina. De nuestra parte, las consideramos tareas opresivas, embrutecedoras y esclavizantes que, al llevarse a cabo dentro del \u00e1mbito de la familia, se reproducen d\u00eda a d\u00eda hasta el infinito, e impiden a la mujer organizarse, socializar con compa\u00f1eres en estructuras de trabajo colectivas y, por lo tanto, dar un paso pol\u00edtico hacia la independencia de esas tareas y por una sociedad sin opresi\u00f3n ni explotaci\u00f3n.<\/p>\n<p>Coincidimos en que el Estado debe garantizar la realizaci\u00f3n de esas tareas, pero\u2026 que esas tareas sigan siendo del dominio de las mujeres en los barrios, en precarias condiciones, sin la formaci\u00f3n necesaria y a cambio de apenas un subsidio o la AUH es precarizaci\u00f3n laboral y pauperizaci\u00f3n de salarios de quienes realizan esas tareas bajo relaci\u00f3n de dependencia. Esa \u00absalida\u00bb exime al Estado y les empresaries de dos cosas b\u00e1sicas: garantizar trabajo genuino, formal y con salario igual a la canasta familiar para el conjunto de las mujeres en edad laboral, por un lado, y por el otro lado, exime de garantizar vacantes en los jardines y maternales, comedores, etc. para que podamos salir a trabajar.<\/p>\n<p><strong>Una salida de fondo<\/strong><\/p>\n<p>Es fundamental que las mujeres y la clase trabajadora de conjunto exijamos al Estado la socializaci\u00f3n de las tareas dom\u00e9sticas y de cuidados, sac\u00e1ndolas de la \u00f3rbita de lo privado, con el presupuesto necesario para la creaci\u00f3n de todo tipo de instituciones que garanticen estas tareas. Solo de esa manera las mujeres podremos liberarnos de las cadenas individuales que nos atan.<\/p>\n<p>No creemos que un Estado que s\u00f3lo beneficia a la clase m\u00e1s poderosa, los capitalistas, pueda o quiera hacerlo. Tampoco en este sistema podremos terminar con el machismo o la explotaci\u00f3n. Solo un Estado Obrero en camino a una sociedad socialista, como Rusia en los primeros a\u00f1os de la Revoluci\u00f3n, es capaz de llevar adelante semejante tarea. Mientras tanto luchamos por reivindicaciones que ayuden a valorizar este trabajo, tales como asignaciones adicionales por tareas dom\u00e9sticas y subsidios por hijes dentro del salario\u2026 Y por supuesto, dar una pelea feroz por la creaci\u00f3n de guarder\u00edas y salas maternales en cada lugar de trabajo o estudio, asilos estatales de ancianes, reducci\u00f3n de la jornada laboral para madres y padres, as\u00ed como tambi\u00e9n la extensi\u00f3n de las licencias por maternidad y paternidad\u2026<\/p>\n","protected":false},"excerpt":{"rendered":"<p>Este 8 de marzo, D\u00eda Internacional de las Mujeres Trabajadoras, las direcciones feministas nos dicen que necesitamos hacer un d\u00eda de \u201cHuelga productiva y reproductiva\u201d, solo un d\u00eda de \u201clibertad\u201d, sin exigirle a las conducciones sindicales un paro por nuestras vidas y nuestros derechos, y depositando toda su confianza en el gobierno de Alberto Fern\u00e1ndez. [&hellip;]<\/p>\n","protected":false},"author":5,"featured_media":58805,"menu_order":0,"comment_status":"closed","ping_status":"closed","sticky":false,"template":"","format":"standard","meta":{"jetpack_post_was_ever_published":false,"_jetpack_newsletter_access":"","_jetpack_dont_email_post_to_subs":false,"_jetpack_newsletter_tier_id":0,"_jetpack_memberships_contains_paywalled_content":false,"litci_post_political_author":"","_jetpack_memberships_contains_paid_content":false,"footnotes":""},"categories":[15026,2652,2738],"tags":[15073,2838],"class_list":["post-58804","post","type-post","status-publish","format-standard","has-post-thumbnail","hentry","category-8m2020","category-argentina","category-mujeres","tag-8m2020","tag-argentina-2"],"jetpack_featured_media_url":"https:\/\/i0.wp.com\/litci.org\/es\/wp-content\/uploads\/2020\/03\/Marcha-8M-4.jpg?fit=1920%2C1080&ssl=1","fimg_url":"https:\/\/i0.wp.com\/litci.org\/es\/wp-content\/uploads\/2020\/03\/Marcha-8M-4.jpg?fit=1920%2C1080&ssl=1","categories_names":["8M 2020","Argentina","Mujeres"],"author_info":{"name":"Kely","pic":"https:\/\/secure.gravatar.com\/avatar\/19003bf6219614b90207b39bd4a2733ce9cf96693efdfd639b15a829beed53d1?s=96&d=mm&r=g"},"political_author":null,"tagline":"","jetpack_sharing_enabled":true,"_links":{"self":[{"href":"https:\/\/litci.org\/es\/wp-json\/wp\/v2\/posts\/58804","targetHints":{"allow":["GET"]}}],"collection":[{"href":"https:\/\/litci.org\/es\/wp-json\/wp\/v2\/posts"}],"about":[{"href":"https:\/\/litci.org\/es\/wp-json\/wp\/v2\/types\/post"}],"author":[{"embeddable":true,"href":"https:\/\/litci.org\/es\/wp-json\/wp\/v2\/users\/5"}],"replies":[{"embeddable":true,"href":"https:\/\/litci.org\/es\/wp-json\/wp\/v2\/comments?post=58804"}],"version-history":[{"count":2,"href":"https:\/\/litci.org\/es\/wp-json\/wp\/v2\/posts\/58804\/revisions"}],"predecessor-version":[{"id":78630,"href":"https:\/\/litci.org\/es\/wp-json\/wp\/v2\/posts\/58804\/revisions\/78630"}],"wp:featuredmedia":[{"embeddable":true,"href":"https:\/\/litci.org\/es\/wp-json\/wp\/v2\/media\/58805"}],"wp:attachment":[{"href":"https:\/\/litci.org\/es\/wp-json\/wp\/v2\/media?parent=58804"}],"wp:term":[{"taxonomy":"category","embeddable":true,"href":"https:\/\/litci.org\/es\/wp-json\/wp\/v2\/categories?post=58804"},{"taxonomy":"post_tag","embeddable":true,"href":"https:\/\/litci.org\/es\/wp-json\/wp\/v2\/tags?post=58804"}],"curies":[{"name":"wp","href":"https:\/\/api.w.org\/{rel}","templated":true}]}}