{"id":58470,"date":"2020-02-10T10:42:22","date_gmt":"2020-02-10T13:42:22","guid":{"rendered":"https:\/\/litci.org\/es\/?p=58470"},"modified":"2024-11-03T13:31:16","modified_gmt":"2024-11-03T13:31:16","slug":"uruguay-la-transicion-democratica-y-las-perspectivas-del-regimen","status":"publish","type":"post","link":"https:\/\/litci.org\/es\/uruguay-la-transicion-democratica-y-las-perspectivas-del-regimen\/","title":{"rendered":"Uruguay | La \u201ctransici\u00f3n democr\u00e1tica\u201d y las perspectivas del r\u00e9gimen"},"content":{"rendered":"<p><em>El 2020 comenz\u00f3 en nuestro pa\u00eds marcado por la transici\u00f3n pol\u00edtica ante el cambio de gobierno que se har\u00e1 efectivo el pr\u00f3ximo primero de marzo.<\/em><!--more--><\/p>\n<p>Por IST-Uruguay<\/p>\n<p>A los enfrentamientos verbales de la pasada campa\u00f1a electoral entre el Frente Amplio (FA) y la Coalici\u00f3n Multicolor liderada por Lacalle Pou, le siguieron cordiales y amenas reuniones entre ministros entrantes y salientes, y elogios de unos para los otros sobre el \u201cejemplar republicanismo\u201d que permite una \u201ctransici\u00f3n ordenada\u201d en medio de un continente que se caracteriza por las crisis pol\u00edticas y la irrupci\u00f3n de las masas movilizadas con el ejemplo de Chile como el m\u00e1s avanzado.<\/p>\n<p><b>Por arriba, pactos y reparto<\/b><\/p>\n<p>La pol\u00edtica hist\u00f3rica de la burgues\u00eda uruguaya de pactos y reparto de cargos, se manifiesta nuevamente hoy. Primero, en la conformaci\u00f3n del gabinete donde los cargos ministeriales fueron repartidos entre los Multicolores, mientras discuten acerca de los otros puestos de direcci\u00f3n en el Estado como en los Entes Aut\u00f3nomos, donde tambi\u00e9n estar\u00e1 integrado el FA ocupando una treintena de cargos.<\/p>\n<p>En segundo lugar, se expresa en la telenovela sobre las intensas disputas por las candidaturas y los cargos municipales, que est\u00e1 generando choques al interior de la Coalici\u00f3n de derecha y una pelea furibunda al interior del FA con su m\u00e1xima expresi\u00f3n en la honda crisis del Partido Socialista.<\/p>\n<p>En paralelo, Lacalle Pou present\u00f3 el borrador de la \u201cLey de Urgente Consideraci\u00f3n\u201d, cuyo prop\u00f3sito fundamental es aumentar la represi\u00f3n y el ataque a los trabajadores, a pesar de su interminable y variada extensi\u00f3n con m\u00e1s de 450 art\u00edculos. El borrador entra en un proceso de discusi\u00f3n con el resto de los partidos. Adem\u00e1s, el presidente electo ya anunci\u00f3 que aumentar\u00e1 las tarifas.<\/p>\n<p>Como vemos, por arriba est\u00e1n en plena negociaci\u00f3n de cargos, en disputas por candidaturas y en sus pl\u00e1cidas reuniones de transici\u00f3n y estudio de las leyes que utilizar\u00e1n para atacarnos, y esperan que nosotros, los trabajadores y pobres seamos simples espectadores de todo su circo. \u00a1Y a esto le llaman -sin que se les caiga la cara de verg\u00fcenza-, \u201cejemplo de republicanismo y democracia\u201d!<\/p>\n<p><b>Por abajo, miseria social y un r\u00e9gimen que acumula contradicciones<\/b><\/p>\n<p>Pero mientras ellos por arriba establecen sus pactos y se reparten la torta, por abajo se acumula la miseria. El desempleo llega casi al 10% golpeando especialmente a la juventud y a las mujeres, quienes adem\u00e1s sufren la violencia machista y los cada vez m\u00e1s frecuentes y alarmantes feminicidios. En los barrios los trabajadores y pobres vivimos el desempleo, la violencia social del narcotr\u00e1fico y la delincuencia, la falta de vivienda, el crecimiento de los asentamientos y la miseria, el alto costo de vida, los salarios sumergidos, la precarizaci\u00f3n laboral y un sinf\u00edn de problemas.<\/p>\n<p>Esta delicada situaci\u00f3n por abajo provoca y se combina con elementos cada vez m\u00e1s visibles de crisis del r\u00e9gimen: la divisi\u00f3n de la burgues\u00eda que se refleja en su fragmentaci\u00f3n pol\u00edtica en el parlamento y en sus disputas internas; en la crisis pol\u00edtica que ha generado cada nuevo acontecimiento relacionado con las violaciones de los DDHH en la \u00faltima dictadura militar; en el cada vez mayor desprestigio que se desarrolla por abajo a los partidos del r\u00e9gimen y sus instituciones; en la polarizaci\u00f3n social que se profundiza; en el problema de la deuda externa y los problemas econ\u00f3micos.<\/p>\n<p>La\u00a0ra\u00edz de este c\u00famulo de contradicciones que se desarrollan por abajo, es la desigualdad social existente en el Uruguay y que este r\u00e9gimen nacido de la impunidad en el a\u00f1o 1984 cada vez flaquea m\u00e1s en poder contener.<\/p>\n<p><b>Organizarse para luchar contra un r\u00e9gimen decadente<\/b><\/p>\n<p>Es por ello que en medio de un contexto mundial de revoluciones y levantamientos populares, la burgues\u00eda uruguaya busca acuerdos que mantengan la \u201cunidad nacional\u201d para aplicar el ajuste y evitar protestas que lo pongan en jaque. Esta tarea intentar\u00e1 llevar adelante el gobierno de Lacalle Pou.<\/p>\n<p>Un l\u00facido y experiente cuadro pol\u00edtico de la burgues\u00eda colorada, J. M. Sanguinetti, lo expres\u00f3 de la siguiente forma:\u00a0<i>\u201cTodos debemos entender que, aun con diferencias de opini\u00f3n, el di\u00e1logo es el m\u00e9todo y que la protesta callejera asume hoy riesgos impensados\u201d\u00a0<\/i><i>(1)<\/i><i>.\u00a0<\/i>Sanguinetti expresa el plan y el temor de la burgues\u00eda. \u00bfCu\u00e1nto tiempo se soportar\u00e1n las contradicciones? \u00bfCu\u00e1l ser\u00e1 la gota que colme el vaso? \u00bfAlcanzar\u00e1n los acuerdos de c\u00fapula de su tan venerada \u201cdemocracia\u201d para evitarlo?<\/p>\n<p>El r\u00e9gimen pol\u00edtico actual no ofrece ni tiene perspectivas para los de abajo. Los trabajadores tenemos el desaf\u00edo de prepararnos para combatir un r\u00e9gimen pol\u00edtico que se pudre y que para salvarse solo busca atacarnos m\u00e1s y profundizar la miseria. Por eso desde IST te invitamos a venir a organizarte y discutir con nosotros como nos preparamos para las importantes luchas que seguro vendr\u00e1n contra este r\u00e9gimen y sus representantes, que cada vez m\u00e1s muestran su decadencia irreversible.<\/p>\n<p>Notas:<\/p>\n<p>1)\u00a0<a href=\"https:\/\/www.elpais.com.uy\/opinion\/columnistas\/julio-maria-sanguinetti\/tiempos-tormenta.html\" target=\"_blank\" rel=\"noopener\"><u>https:\/\/www.elpais.com.uy\/opinion\/columnistas\/julio-maria-sanguinetti\/tiempos-tormenta.html<\/u><\/a><\/p>\n","protected":false},"excerpt":{"rendered":"<p>El 2020 comenz\u00f3 en nuestro pa\u00eds marcado por la transici\u00f3n pol\u00edtica ante el cambio de gobierno que se har\u00e1 efectivo el pr\u00f3ximo primero de marzo.<\/p>\n","protected":false},"author":5,"featured_media":58471,"menu_order":0,"comment_status":"closed","ping_status":"closed","sticky":false,"template":"","format":"standard","meta":{"jetpack_post_was_ever_published":false,"_jetpack_newsletter_access":"","_jetpack_dont_email_post_to_subs":false,"_jetpack_newsletter_tier_id":0,"_jetpack_memberships_contains_paywalled_content":false,"litci_post_political_author":"","_jetpack_memberships_contains_paid_content":false,"footnotes":""},"categories":[1],"tags":[],"class_list":["post-58470","post","type-post","status-publish","format-standard","has-post-thumbnail","hentry","category-archive"],"jetpack_featured_media_url":"https:\/\/i0.wp.com\/litci.org\/es\/wp-content\/uploads\/2020\/02\/V%C3%A1zquez-y-Lacalle-Pou.jpg?fit=900%2C600&ssl=1","fimg_url":"https:\/\/i0.wp.com\/litci.org\/es\/wp-content\/uploads\/2020\/02\/V%C3%A1zquez-y-Lacalle-Pou.jpg?fit=900%2C600&ssl=1","categories_names":["Archive"],"author_info":{"name":"Kely","pic":"https:\/\/secure.gravatar.com\/avatar\/19003bf6219614b90207b39bd4a2733ce9cf96693efdfd639b15a829beed53d1?s=96&d=mm&r=g"},"political_author":null,"tagline":"","jetpack_sharing_enabled":true,"_links":{"self":[{"href":"https:\/\/litci.org\/es\/wp-json\/wp\/v2\/posts\/58470","targetHints":{"allow":["GET"]}}],"collection":[{"href":"https:\/\/litci.org\/es\/wp-json\/wp\/v2\/posts"}],"about":[{"href":"https:\/\/litci.org\/es\/wp-json\/wp\/v2\/types\/post"}],"author":[{"embeddable":true,"href":"https:\/\/litci.org\/es\/wp-json\/wp\/v2\/users\/5"}],"replies":[{"embeddable":true,"href":"https:\/\/litci.org\/es\/wp-json\/wp\/v2\/comments?post=58470"}],"version-history":[{"count":1,"href":"https:\/\/litci.org\/es\/wp-json\/wp\/v2\/posts\/58470\/revisions"}],"predecessor-version":[{"id":58472,"href":"https:\/\/litci.org\/es\/wp-json\/wp\/v2\/posts\/58470\/revisions\/58472"}],"wp:featuredmedia":[{"embeddable":true,"href":"https:\/\/litci.org\/es\/wp-json\/wp\/v2\/media\/58471"}],"wp:attachment":[{"href":"https:\/\/litci.org\/es\/wp-json\/wp\/v2\/media?parent=58470"}],"wp:term":[{"taxonomy":"category","embeddable":true,"href":"https:\/\/litci.org\/es\/wp-json\/wp\/v2\/categories?post=58470"},{"taxonomy":"post_tag","embeddable":true,"href":"https:\/\/litci.org\/es\/wp-json\/wp\/v2\/tags?post=58470"}],"curies":[{"name":"wp","href":"https:\/\/api.w.org\/{rel}","templated":true}]}}