{"id":58365,"date":"2020-01-28T14:25:45","date_gmt":"2020-01-28T17:25:45","guid":{"rendered":"https:\/\/litci.org\/es\/?p=58365"},"modified":"2024-11-03T13:31:20","modified_gmt":"2024-11-03T13:31:20","slug":"alvim-la-cabra-en-la-sala-de-bolsonaro-e-israel","status":"publish","type":"post","link":"https:\/\/litci.org\/es\/alvim-la-cabra-en-la-sala-de-bolsonaro-e-israel\/","title":{"rendered":"Alvim, la cabra en la sala de Bolsonaro e Israel"},"content":{"rendered":"<p><em>Este 27 de enero se cumplen 75 a\u00f1os de la liberaci\u00f3n del campo de concentraci\u00f3n nazista de Auschwitz en Polonia, en el que 1,3 millones de jud\u00edos fueron muertos, en una de las mayores atrocidades que la humanidad ya conoci\u00f3. En las v\u00edsperas, el abominable episodio que caus\u00f3 el despido de Roberto Alvim, entonces secretario de Cultura del gobierno Bolsonaro, el d\u00eda 17, culmin\u00f3 con una merecida repulsi\u00f3n. No obstante, tambi\u00e9n resucit\u00f3 distorsiones, alimentando as\u00ed la desinformaci\u00f3n. Entre ellas, que cr\u00edticos del Estado de Israel ser\u00edan hip\u00f3critas al condenar la intervenci\u00f3n de Alvim, poniendo un signo igual entre antisionismo y antisemitismo. Nada m\u00e1s falso.<\/em><!--more--><\/p>\n<p>Por: Josef Weil y Soraya Misleh<\/p>\n<p>Esos debates acompa\u00f1an otra distorsi\u00f3n: la de que Alvim actu\u00f3 por su propia cuenta. Hace casi una semana que Bolsonaro busca disociarse del cad\u00e1ver maloliente que es resultado de su creaci\u00f3n. En esa b\u00fasqueda, frente a la justa repercusi\u00f3n negativa, suspendi\u00f3 el edicto para el \u201cPremio Nacional de las Artes\u201d, anunciado por Alvim en el video en que muestra el teatro de horrores de la pol\u00edtica cultural de Bolsonaro, al plagiar al ministro de la propaganda nazista, Goebbels.<\/p>\n<p>Como varios articulistas apuntaron, el entonces secretario no cay\u00f3 porque Bolsonaro qued\u00f3 horrorizado con su performance. En realidad, la postura de Alvim le ven\u00eda rindiendo elogios, como ocurriera poco antes de que el c\u00e9lebre video venga a p\u00fablico. Incluso, como fue ampliamente informado, Bolsonaro lleg\u00f3 a dudar si exonerar al pupilo de Olavo de Carvalho, que tan bien ven\u00eda represent\u00e1ndolo en su imaginaria guerra cultural; basta recordar que fue nombrado secretario el 7 de noviembre \u00faltimo, luego de impresionar a Bolsonaro al proferir insultos contra la actriz Fernanda Montenegro, que protestaba contra la censura, a finales de setiembre de 2019.<\/p>\n<p>Tambi\u00e9n, seg\u00fan la prensa, la presi\u00f3n de la representaci\u00f3n sionista en el Brasil, con sus distintas organizaciones y diplomacia, habr\u00eda sido crucial para la decisi\u00f3n de despedir a Alvim. El propio Bolsonaro habr\u00eda declarado que fue movido por el \u201camor a Israel\u201d, y ahora puso como sustituta en la Secretar\u00eda de Cultura a la actriz Regina Duarte. Esta visit\u00f3 Jerusal\u00e9n, Palestina ocupada, a finales de noviembre de 2018, por invitaci\u00f3n de la pastora minera Jane Silva, presidente de la Comunidad Internacional Brasil-Israel. En ocasi\u00f3n de su viaje, en entrevista a la <em>Folha de S. Paulo<\/em> publicada el 29 del mismo mes, afirm\u00f3, sobre la eventual transferencia de la Embajada brasile\u00f1a a Jerusal\u00e9n: <em>\u201cCreo que eso es una cuesti\u00f3n de justicia, una cuesti\u00f3n innegable, irreversible. Creo que demor\u00f3, como dicen los j\u00f3venes. \u00a1Demor\u00f3! Es hora de cumplir eso. Hace parte de todo lo que es b\u00edblico, de todas las cosas en las cuales el mundo cree hace milenios y espera\u201d.<\/em><\/p>\n<p>La intervenci\u00f3n inadmisible de Alvim levant\u00f3 dudas sobre la incoherencia de que un gobierno aliado del sionismo haya nombrado a alguien que utiliza la ideolog\u00eda nazista como referencia al arte nacionalista \u2013y tal vez poner en su lugar a alguien que hizo esa declaraci\u00f3n reveladora de enorme desconocimiento sirva para limpiar la situaci\u00f3n junto a los aliados de Bolsonaro. Respecto de eso, como apunta el periodista Jorge Mendoza en art\u00edculo \u201c\u00bf<a href=\"https:\/\/litci.org\/es\/menu\/lit-ci-y-partidos\/partidos\/pstu-brasil\/es-contradictorio-que-bolsonaro-apoye-a-israel-y-haya-nombrado-a-roberto-alvim\/#https:\/\/litci.org\/es\/menu\/lit-ci-y-partidos\/partidos\/pstu-brasil\/es-contradictorio-que-bolsonaro-apoy\">Es contradictorio que Bolsonaro apoye a Israel y haya nombrado a Roberto Alvim<\/a>?\u201d, la cuestionada incoherencia es solo aparente. La confusi\u00f3n est\u00e1 justificada: al final, Israel, que comete atrocidades contra palestinos hace 72 a\u00f1os, se autoproclama un Estado jud\u00edo y portavoz de esa comunidad en el mundo.<\/p>\n<p><strong>\u00bfQu\u00e9 es el nazismo?<\/strong><\/p>\n<p>Antes de profundizar esas cuestiones, cabe explicar brevemente qu\u00e9 es el nazismo. No es \u201cun movimiento de izquierda\u201d, como Bolsonaro y sus secuaces quieren hacer creer \u2013distorsi\u00f3n que no qued\u00f3 afuera en los comentarios ante el caso Alvim\u2013. El argumento rastrero se apoya en la nomenclatura usada en la \u00e9poca: Partido Nacional Socialista de los Trabajadores Alemanes. Como apunta el periodista Jeferson Choma en su art\u00edculo \u201c<a href=\"https:\/\/litci.org\/es\/menu\/lit-ci-y-partidos\/partidos\/pstu-brasil\/nazismo-la-cara-la-extrema-derecha-negada-bolsonaro\/#https:\/\/litci.org\/es\/menu\/lit-ci-y-partidos\/partidos\/pstu-brasil\/nazismo-la-cara-la-extrema-derecha-negada-bolsonaro\/\">Nazismo: la cara de la extrema derecha negada por Bolsonaro<\/a>\u201d, publicado originalmente en el sitio del PSTU del Brasil, \u201cel t\u00e9rmino Nazi es una abreviaci\u00f3n en alem\u00e1n del t\u00e9rmino <em>nationalsozialist<\/em> (nacional socialista). Este fue utilizado, as\u00ed como el t\u00e9rmino \u2018trabajadores\u2019 (<em>Arbeiter<\/em>\u201d) como un medio para atraer a la clase trabajadora para lejos del Partido Comunista Alem\u00e1n (<em>Kommunistische<\/em>) y del Partido Socialdem\u00f3crata (<em>Sozialdemokratische<\/em>), en la \u00e9poca los dos m\u00e1s importantes partidos obreros de Europa occidental. Pero eso no significa que los Nazis eran de izquierda o pretend\u00edan construir un partido obrero m\u00e1s. Todo el programa y la ideolog\u00eda nazista eran profundamente antiobreros y anticomunistas o antisocialistas\u201d.<\/p>\n<p>El nazismo y el fascismo nacieron hacia el final de la Primera Guerra Mundial (1914-1918). El primero en tomar el poder fue el italiano, con Mussolini como dirigente. Fruto de la desesperaci\u00f3n con la situaci\u00f3n de destrucci\u00f3n y miseria despu\u00e9s de la guerra, y luego de la derrota de varios procesos revolucionarios, los fascistas surgen para servir como destacamentos del capital para imponer por la fuerza la sumisi\u00f3n a su proyecto. En el caso de Alemania, la derrota de la revoluci\u00f3n de 1919, as\u00ed como la de 1923, abren espacio para el surgimiento de un movimiento an\u00e1logo al fascismo italiano<u>[1].<\/u> El fascismo (incluimos el nazismo en esta definici\u00f3n) implica la derrota de la revoluci\u00f3n y la destrucci\u00f3n de toda organizaci\u00f3n de la clase obrera con m\u00e9todos de guerra civil. O sea, utilizando escuadrones armados y, una vez en el gobierno, el propio aparato de Estado, a servicio de la prisi\u00f3n, la tortura y el asesinato de millares de trabajadores, lo que sea necesario para golpear al movimiento obrero. Pero siendo este su objetivo central, implica tambi\u00e9n la destrucci\u00f3n de las instituciones de la democracia burguesa y la instauraci\u00f3n de un r\u00e9gimen cualitativamente diferente, totalitario, sin ninguna libertad de expresi\u00f3n y organizaci\u00f3n para las oposiciones ni para los sectores sociales ni la juventud. En fin, en ese r\u00e9gimen, todos lo que quieran participar de alguna forma en la vida social tienen que entrar en las organizaciones afiliadas al partido fascista o nazista.<\/p>\n<p>El partido nazista fue fundado en la huella de la derrota de la revoluci\u00f3n de 1918-1919. Ese \u00faltimo a\u00f1o, Adolf Hitler \u2013como se\u00f1ala Choma en su art\u00edculo, \u201cun ex combatiente de la Primera Guerra que realizaba discursos en una cervecer\u00eda de Munich, cargados de nacionalismo racista, antisemita y de odio por el comunismo. (\u2026). En 1921, el partido crea la SA (<em>Sturnmabteilung<\/em>, \u2018divisi\u00f3n tempestad\u2019 en la traducci\u00f3n), una milicia paramilitar que realizaba ataques violentos a otros partidos y sindicatos. Esa es una de las caracter\u00edsticas m\u00e1s importantes de las organizaciones nazifascistas\u201d.<\/p>\n<p>Los nazistas tuvieron una caracter\u00edstica particular en el espectro de los movimientos fascistas: adem\u00e1s de destruir las organizaciones de la clase trabajadora, persegu\u00edan la pureza racial aria, en nombre del \u201crenacimiento de la patria alemana\u201d. Para ese \u201crescate\u201d hab\u00eda que eliminar a comunistas, socialistas, jud\u00edos, gitanos, homosexuales, etc., para que el pueblo alem\u00e1n, \u201cario y trabajador\u201d, regenerase el pa\u00eds y restaurase la gloria de Alemania. De ah\u00ed sus teor\u00edas sobre \u201csangre pura\u201d, \u201cpureza de raza\u201d, y la exaltaci\u00f3n de la patria y del orden como el camino para eso. Fue esa la base doctrinaria del r\u00e9gimen que acab\u00f3 por llevar a los campos de concentraci\u00f3n a millones de jud\u00edos, gitanos, LGBTs, socialistas, comunistas, y dem\u00e1s opositores pol\u00edticos.<\/p>\n<p>Ante la crisis econ\u00f3mica mundial de 1929, el nazismo alem\u00e1n, as\u00ed como el fascismo italiano, se present\u00f3 como \u201crespuesta\u201d de la ultraderecha. Hitler llega al poder en 1933. El proyecto nazifascista avanza poco a poco, hasta la invasi\u00f3n de Polonia por Hitler en 1939 \u2013lo que desencadenar\u00e1 la Segunda Guerra Mundial, hasta 1945\u2013. Como expresi\u00f3n de su doctrina, el r\u00e9gimen nazista aplica la \u201csoluci\u00f3n final\u201d y, as\u00ed, llega a la barbarie del genocidio, del asesinato en masa en los campos de concentraci\u00f3n.<\/p>\n<p>Aqu\u00ed es importante destacar que la barbarie nazista fue aplicada con la participaci\u00f3n o colaboraci\u00f3n de las grandes empresas capitalistas alemanas e incluso norteamericanas, tales como Volkswagen, la Siemens, que utilizaron mano de obra esclava de los prisioneros en los campos de concentraci\u00f3n, y la IBM de los Estados Unidos, que provey\u00f3 la tecnolog\u00eda para planificar esos lugares. O sea, la barbarie no era simplemente una posici\u00f3n de un \u201cloco\u201d. Cont\u00f3 con el apoyo de los monopolios imperialistas.<\/p>\n<p><strong>La extrema derecha en el Brasil<\/strong><\/p>\n<p>Bolsonaro y Alvim, en su \u201cguerra cultural\u201d y combate al imaginario \u201cmarxismo cultural\u201d, tambi\u00e9n se apoyan en el ideario dicho patri\u00f3tico de un nacionalismo que entablar\u00eda lucha contra enemigos internos. Por eso, en nombre de la supuesta \u201cbatalla contra el comunismo\u201d, Bolsonaro no se averg\u00fcenza en homenajear al dictador chileno Pinochet o al paraguayo Stroessner, que tuvieron relaciones de colaboraci\u00f3n directa con los nazistas alemanes que huyeron despu\u00e9s de la Segunda Guerra Mundial y se escondieron en esos pa\u00edses[1].<\/p>\n<p>En el caso de la Colonia Dignidad en Chile, ya fueron recuperados los archivos que revelan detalles numerosos, confirman operaciones en el interior del local y atrocidades y la colaboraci\u00f3n estrecha con la Dina (polic\u00eda secreta de la dictadura de Pinochet), que recibi\u00f3 el apoyo t\u00e9cnico en construcciones subterr\u00e1neas y comunicaciones de los l\u00edderes de esa colonia fundada en 1961 por nazistas exilados. Era una comunidad agraria de alemanes fundada por un ex militar nazi, Paul Sch\u00e4fer. All\u00e1, durante d\u00e9cadas, mediante aislamiento y adoctrinamiento, se crearon \u201crobots\u201d humanos; se abus\u00f3 sexualmente de decenas de adolescentes y ni\u00f1os; y en su hospital se administraron psicof\u00e1rmacos ilegales y choques el\u00e9ctricos. Ese criminal nazista actu\u00f3 durante la dictadura de Pinochet, ayudando al r\u00e9gimen de extrema derecha a reprimir y asesinar a los opositores. La Colonia Dignidad sirvi\u00f3 como un centro clandestino de detenci\u00f3n y tortura luego del golpe del general Augusto Pinochet contra Salvador Allende, en 1973.<\/p>\n<p>En cuanto a Stroessner, al que Bolsonaro llam\u00f3 \u201cestadista\u201d y \u201chombre de visi\u00f3n\u201d en ocasi\u00f3n de la reuni\u00f3n en el Paraguay con el actual presidente Mario Abdo, su cruel dictadura acogi\u00f3 y sirvi\u00f3 de refugio al m\u00e9dico y criminal de guerra nazi Josef Mengele, buscado en el mundo entero por sus cr\u00edmenes en Auschwitz y que, gracias a sus amigos en la extrema derecha sudamericana y en Alemania, jam\u00e1s fue castigado en vida.<\/p>\n<p><strong>El sionismo y sus aliados<\/strong><\/p>\n<p>La prensa viene dando informaciones sobre que Israel presion\u00f3 a Bolsonaro para despedir a Alvim, y posiblemente sea verdad, por las estrechas relaciones entre ambos. Pero, a partir de ese hecho, intenta pasar la idea de que Israel lucha contra la discriminaci\u00f3n racial o es defensor de la democracia y de la libertad de los pueblos. En realidad, Israel solo se posicion\u00f3 porque el nazismo est\u00e1 p\u00fablicamente identificado con el antisemitismo, con el genocidio practicado en la Segunda Guerra. Y con la performance de Roberto Alvim expl\u00edcitamente citando a Goebbels, se hizo insostenible mantener a ese personaje, pues era por dem\u00e1s revelador (o <em>\u201cbizarro\u201d<\/em>, como declar\u00f3 el ministro S\u00e9rgio Moro).<\/p>\n<p>Pero, \u00bfqu\u00e9 impide que esa postura sea consistente, qu\u00e9 hace que sea hip\u00f3crita? La cuesti\u00f3n es que el sionismo es un proyecto pol\u00edtico colonial que tiene en su g\u00e9nesis el racismo. Surgido a finales del siglo XIX, visaba la creaci\u00f3n de un Estado homog\u00e9neo \u00e9tnicamente.<\/p>\n<p>El t\u00e9rmino sionismo fue acu\u00f1ado en 1882 por el jud\u00edo vien\u00e9s Nathan Birnbaum (1864-1937). \u00c9l afirmaba, como consta en el libro del historiador israel\u00ed Shlomo Sand, titulado <em>La invenci\u00f3n del pueblo jud\u00edo<\/em>, que \u201csolo las ciencias naturales pueden explicar la especificidad intelectual y afectiva de un pueblo en particular (\u2026) Las diferencias de razas est\u00e1n en el origen de la multiplicidad de las variedades nacionales. Es por cuenta de la oposici\u00f3n entre las razas que el alem\u00e1n y el eslavo piensan y sienten de forma diferente que el jud\u00edo\u201d.<\/p>\n<p>Esa idea servir\u00e1 al sionismo, como escribe el historiador israel\u00ed Ilan Papp\u00e9, para secularizar y nacionalizar el juda\u00edsmo. El objetivo era utilizar la apelaci\u00f3n religiosa para fortalecer el movimiento pol\u00edtico que, posteriormente, se expandir\u00eda con el padre del sionismo pol\u00edtico moderno, Theodor Herzl (1860-1904). En 1896, \u00e9l publica <em>El Estado jud\u00edo<\/em>, en el que profiere sentencia: para librarse del antisemitismo en el mundo, la \u00fanica soluci\u00f3n ser\u00eda que los jud\u00edos vivieran en su propio Estado. En ese libro plantea la cuesti\u00f3n: \u201c\u00bfDebemos preferir Palestina o la Argentina?\u201d Al a\u00f1o siguiente ocurre el I Congreso Sionista en Basilea, Suiza, que re\u00fane 200 delegados y decide por Palestina. En aquella tierra, entonces, solo 6% de la poblaci\u00f3n era jud\u00eda. A la colonizaci\u00f3n, por lo tanto, le ser\u00eda necesaria la conquista de la tierra y del trabajo mediante \u201ctransferencia poblacional\u201d (de los nativos hacia fuera de Palestina y de jud\u00edos de Europa del Este y Central hacia adentro). Un eufemismo para limpieza \u00e9tnica.<\/p>\n<p>El sionismo siempre tuvo, seg\u00fan el historiador Avi Shlaim explica en <em>La muralla de hierro<\/em>, el presupuesto \u201cno declarado\u201d y de sus sucesores de que el movimiento alcanzar\u00eda su objetivo \u201cno a trav\u00e9s de un entendimiento con los palestinos locales sino por medio de una alianza con la gran potencia dominante del momento\u201d. En esa l\u00ednea, en 1904 Herzl llega a reunirse con el jefe de la polic\u00eda secreta de zar y de los pogromos en Rusia, von Plehve, como escribe el escritor trotskista Lenni Brenner en <em>La muralla de hierro \u2013 Revisionismo sionista de Jabotinsky a Shamir.<\/em> All\u00ed inauguraba la tradici\u00f3n pol\u00edtica sionista de converger su programa con el antisemitismo, seg\u00fan escribe el marxista franc\u00e9s Maxime Rodinson en <em>Israel: \u00bfLa Colonial-Settler State?<\/em> (en traducci\u00f3n libre: Israel: \u00bfun Estado colonial de poblamiento?)<\/p>\n<p>En el encuentro con von Plehve, el compromiso fue de que a cambio de apoyo, el sionismo no antagonizar\u00eda con la monarqu\u00eda absolutista rusa. \u201cAy\u00fademe a alcanzar la tierra m\u00e1s temprano y la revuelta acabar\u00e1. Y entonces la desaparici\u00f3n de los socialistas\u201d, declar\u00f3 Herzl en la ocasi\u00f3n. \u00c9l y Plehve intercambiaron cartas, convalidando tal acuerdo. M\u00e1s: el sionismo ten\u00eda el compromiso de intentar apartar a jud\u00edos de la organizaci\u00f3n y de las ideas revolucionarias. Estos eran alrededor de 4,5% de la poblaci\u00f3n en la Rusia oprimida por el zarismo y, frente a las persecuciones, naturalmente se aproximaban de la lucha de todo el pueblo por su libertad, y eran atra\u00eddos por la causa socialista. No por casualidad, varios dirigentes revolucionarios eran de origen judaico, como Trotsky, Rosa Luxemburgo (nacida en Polonia, tambi\u00e9n dominada por el zar), Sverdlov, Zinoviev, y muchos otros.<\/p>\n<p>Para intentar evitar la adhesi\u00f3n de los militantes jud\u00edos a la lucha en Rusia \u2013que en octubre de 1917 culminar\u00eda en la primera revoluci\u00f3n socialista victoriosa\u2013, los sionistas intentaban convencerlos a abandonar el movimiento, con la mentira de que el socialismo estar\u00eda reservado al futuro Estado jud\u00edo. Conforme Brenner, en realidad \u201cel antisocialismo era parte integrante de su estrategia diplom\u00e1tica\u201d.<\/p>\n<p>Luego de la Primera Guerra Mundial (1914-1918), Palestina, hasta entonces bajo dominio del derrotado Imperio Otomano, queda bajo mandato brit\u00e1nico. Hac\u00eda tiempo, importantes dirigentes de la burgues\u00eda brit\u00e1nica, como Lord Shaftesbury y Palmerston, pensaban apoyarse en los jud\u00edos para poner un pie en la regi\u00f3n[2]. As\u00ed, la direcci\u00f3n sionista encontrar\u00e1 en Gran Breta\u00f1a el socio que le permitir\u00e1 dar un salto en su proyecto colonial. La Declaraci\u00f3n Balfour, el 2 de noviembre de 1917, en la que Inglaterra se declara favorable a la constituci\u00f3n de un lar nacional jud\u00edo en Palestina, es un marco en ese sentido. A partir de ah\u00ed, el futuro del sionismo estar\u00eda asociado directamente a las pretensiones imperiales de Inglaterra y sus aliados.<\/p>\n<p>Pero, tal vez lo m\u00e1s chocante de esta larga historia, tambi\u00e9n seg\u00fan el escritor trotskista Brenner, sean los acuerdos hechos por la Federaci\u00f3n Sionista Alemana con el nazismo. Entre ellos, el de H\u00e1\u2019avarah en 1933, que, como explica el periodista Jorge Mendoza en su art\u00edculo, \u201cfrente a la persecuci\u00f3n, establec\u00eda criterios que favoreciesen la emigraci\u00f3n de jud\u00edos para Palestina a cambio de importaciones de la Alemania nazi\u201d. O sea, los dirigentes sionistas se valieron de la persecuci\u00f3n nazi para fortalecer el proyecto de colonizaci\u00f3n racista de Palestina. El acuerdo perdur\u00f3 hasta 1938. Brenner observa en su obra un hecho triste: que el sionismo internacional \u2013al concordar con la Federaci\u00f3n Alemana\u2013 perforaba as\u00ed el boicot mundial a productos nazis. Nazismo y sionismo, afirma \u00e9l, ten\u00edan intereses que converg\u00edan: uno quer\u00eda eliminar cualquier vestigio de jud\u00edos en Alemania; el otro precisaba de ellos para la colonizaci\u00f3n en Palestina. Ambos utilizaron el antisemitismo para sus prop\u00f3sitos.<\/p>\n<p>Otro ejemplo relatado por historiadores: muchos jud\u00edos, ante el genocidio nazi, ten\u00edan como pretensi\u00f3n el refugio en los Estados Unidos. Pero la pol\u00edtica criminal de Estados Unidos fue cerrar sus fronteras durante la guerra y despu\u00e9s, y eso fue apoyado por la direcci\u00f3n sionista debido a un objetivo: obligar a los refugiados y los nav\u00edos que llevaban a esa poblaci\u00f3n maltratada y perseguida a aportar en Palestina \u2013muchos que llegaron all\u00e1, al inicio, no ten\u00edan idea de que ser\u00edan utilizados para servir al proyecto colonial. Y en julio de 1947, la deportaci\u00f3n por los brit\u00e1nicos del nav\u00edo Exodus, que llegaba a Palestina con 4.500 refugiados jud\u00edos, oblig\u00e1ndolos a retornar a Alemania, escandaliz\u00f3 al mundo. El paso siguiente es la recomendaci\u00f3n de divisi\u00f3n de Palestina por la reci\u00e9n creada Organizaci\u00f3n de la Naciones Unidas (ONU), en asamblea presidida por el brasile\u00f1o Osvaldo Aranha, el 29 de noviembre de 1947, en un Estado jud\u00edo y uno \u00e1rabe, o sea, delegando a un colonizador pr\u00e1cticamente la mitad de Palestina, sin consultar con los habitantes nativos.<\/p>\n<p>El nazismo fue derrotado al final de la Segunda Guerra Mundial. Fue una gran victoria de los trabajadores y de los pueblos del mundo entero contra la barbarie. El sionismo sali\u00f3 fortalecido; consigui\u00f3 atraer la simpat\u00eda de la opini\u00f3n p\u00fablica mundial y sigue sin ahorrar en la instrumentalizaci\u00f3n del arte como propaganda para sus fines, como muestra el art\u00edculo de Mendoza. Propaganda y tecnolog\u00eda militar est\u00e1n entre las grandes inversiones de Israel a\u00fan hoy. El diario israel\u00ed <em>Haaretz<\/em>, el 26 de setiembre de 2001, con el entonces presidente del Consejo Representativo de las Instituciones Judaicas de Francia (Crif), Roger Cukierman, lleg\u00f3 a hacer un tenebrosa afirmaci\u00f3n, al estilo Alvim: <em>\u201cCuando Sharon<\/em> [Ariel Sharon, dirigente sionista apodado no en vano de \u2018Carnicero\u2019] <em>vino a Francia, le dije que \u00e9l deb\u00eda crear inmediatamente un Ministerio de Propaganda, como Goebbels\u201d.<\/em><\/p>\n<p>El sionismo, con el aval de la comunidad internacional, el imperialismo y el estalinismo, llev\u00f3 a cabo los planes de limpieza \u00e9tnica que comenz\u00f3 a trazar en los a\u00f1os 1940. El resultado fue la creaci\u00f3n del Estado racista de Israel en 78% del territorio como homog\u00e9neo \u00e9tnicamente el 15 de mayo de 1948; la <em>Nakba<\/em> (cat\u00e1strofe) para los palestinos, en la que 800.000 fueron expulsados (2\/3 de la poblaci\u00f3n nativa) y cerca de 500 aldeas fueron destruidas. Historiadores comprueban masacres en como m\u00ednimo 31 aldeas. En 1967, Israel ocup\u00f3 el resto (Cisjordania, Gaza y Jerusal\u00e9n Oriental), lo que result\u00f3 en la expulsi\u00f3n de aproximadamente otros 300.000 palestinos.<\/p>\n<p>La expansi\u00f3n colonial contin\u00faa. Deshumanizaci\u00f3n, racismo, <em>apartheid<\/em>, limpieza \u00e9tnica son parte de la realidad de los palestinos bajo el yugo del sionismo. Gaza, por ejemplo, enfrenta una dram\u00e1tica crisis humanitaria. Y cinco millones de refugiados viven en campamentos en la regi\u00f3n, impedidos de retornar a sus tierras. Ese es el aliado de Bolsonaro, bajo el manto de la representaci\u00f3n religiosa.<\/p>\n<p>\u00bfCu\u00e1l fue el otro pa\u00eds que implant\u00f3 ese modelo de racismo y <em>apartheid<\/em>? \u00c1frica del Sur, donde una minor\u00eda de colonos blancos, los <em>afrik\u00e1ners<\/em>, fuertemente armados contra la mayor\u00eda negra, viol\u00f3 durante d\u00e9cadas todas las leyes internacionales, sufriendo por eso un boicot activo que ayud\u00f3 en mucho a derrotar ese r\u00e9gimen en los a\u00f1os 1990 \u2013movimiento que inspira la principal campa\u00f1a de solidaridad internacional con el pueblo palestino, denominada BDS (Boicot, Desinversi\u00f3n y Sanciones) a Israel\u2013.<\/p>\n<p>En \u00c1frica del Sur durante el <em>apartheid<\/em>, coherente con la defensa de la supremac\u00eda blanca y en considerar a los negros una raza inferior, siempre hubo simpat\u00eda del nazismo por ese r\u00e9gimen. Su pol\u00edtica fue la de atacar cualquier intento de liberaci\u00f3n de los dem\u00e1s pa\u00edses africanos de las potencias imperialistas, como en Angola, Mozambique, Congo, etc., as\u00ed como de sostener la rep\u00fablica racista de Rhodesia contra la poblaci\u00f3n negra discriminada.<\/p>\n<p>Israel y \u00c1frica del Sur fueron aliados constantes; a final, ambos eran Estados coloniales y racistas, y puntos de apoyo del imperialismo contra la liberaci\u00f3n de los dem\u00e1s pueblos de la regi\u00f3n.<\/p>\n<p>Cuando se analizan el racismo y las violaciones a los derechos humanos, por lo tanto, no parece incoherente flirtear con el nazismo y ser socio del sionismo. Vale recordar que Bolsonaro se eligi\u00f3 con votos de la \u201cderecha\u201d sionista. En discurso de campa\u00f1a en el Club Hebraica de Rio de Janeiro, en abril de 2017, lleg\u00f3 a ser aplaudido y a arrancar risas de la platea formada por cerca de 300 personas por sus declaraciones racistas, como la de que hab\u00eda visitado un quilombo [refugio de esclavos libertos y sus descendientes] y que el \u201cafrodescendiente m\u00e1s leve all\u00e1 pesaba tres arrobas. No hacen nada. Yo creo que ni para procrear sirve m\u00e1s\u201d. Tambi\u00e9n expuso su xenofobia, al decir que el Brasil no pod\u00eda abrir las puertas a todos el mundo (refugiados). Muy semejante a los discursos y acciones racistas de sus aliados Trump, de Estados Unidos, que dice que los mexicanos y los latinos que intentan entrar \u201cson criminales\u201d; y Salvini, de Italia, que dice lo mismo contra los inmigrantes \u00e1rabes y africanos; y Netanyahu, sobre los palestinos.<\/p>\n<p>Es verdad que la llamada \u201cizquierda\u201d sionista siempre se presenta como oposici\u00f3n a Bolsonaro. Todav\u00eda, como demuestra la Red Internacional de Jud\u00edos Antisionistas en rese\u00f1a sobre la publicaci\u00f3n <em>Falsos profetas de la paz<\/em>, de Tikva Honig-Parnass, hist\u00f3ricamente esa \u201cizquierda\u201d estuvo tan alineada con el proyecto de colonizaci\u00f3n de Palestina como la derecha. \u201cComo ese libro muestra, desde antes de la fundaci\u00f3n del Estado de Israel, la izquierda sionista habl\u00f3 demasiadas veces la lengua del universalismo, mientras ayudaba a crear y mantener sistemas jur\u00eddicos, gobiernos, y el aparato militar que permitieron la colonizaci\u00f3n de tierras palestinas\u201d.<\/p>\n<p><strong>Nunca m\u00e1s para nadie<\/strong><\/p>\n<p>Pero el sionismo ya comienza a tener un cuestionamiento creciente no solo entre los pueblos \u00e1rabes y dem\u00e1s, sino entre los jud\u00edos \u2013como muestran movimientos de repudio al sionismo en todo el mundo, incluso en los Estados Unidos, como la red <em>Jewish Voice for Peace<\/em> (Voces Jud\u00edas por la Paz), que apoya el BDS contra la colonizaci\u00f3n y el <em>apartheid<\/em> sionistas. La posici\u00f3n coherente es repudiar vehementemente tanto la apolog\u00eda al nazismo como al sionismo \u2013lo que no tiene nada que ver con ser antisemita\u2013. Ese es un chantaje utilizado por Israel para silenciar a sus cr\u00edticos.<\/p>\n<p>En la tarde del 17 de enero, entre los asuntos m\u00e1s comentados de Twitter en el Brasil, aparec\u00eda la palabra Israel (114.000 twittes), al lado de cultura (298.000), Alvim (215.000) y nazismo (119.000). El comentarista deportivo Milton Neves es uno de los que expone este tipo de desinformaci\u00f3n y confusi\u00f3n entre antisionismo y antisemitismo: \u201cSecretario merecidamente despedido luego de referencia abominable y asquerosa al maldito nazismo. Es bueno ver que todos apoyan al pueblo jud\u00edo y nunca m\u00e1s van a decir la estupidez de que el Estado de Israel no merece existir ni a quemar banderas de Israel en los tales \u2018actos\u2019. Viva la comunidad judaica\u201d.<\/p>\n<p>Quien explica la esdr\u00fajula asociaci\u00f3n es el periodista franc\u00e9s Dennis Sieffert en art\u00edculo publicado en el libro <em>Antisemitismo, el intolerable chantaje<\/em>: \u201cPara convencer que la cr\u00edtica dirigida a Israel es un acto antisemita no es preciso solo identificar el juda\u00edsmo con Israel, es preciso tambi\u00e9n, hacer del Estado judaico la nueva representaci\u00f3n metaf\u00f3rica exclusiva del jud\u00edo\u201d.<\/p>\n<p>Es lo que hace Neves en su post, intentando asociar la justa protesta y acto simb\u00f3lico de quema de la bandera que representa la colonizaci\u00f3n sionista con un supuesto antisemitismo. Desconoce incluso que la defensa de una Palestina \u00fanica, laica, libre, democr\u00e1tica, no racista, con el retorno de los millones de refugiados a sus tierras y derechos iguales para todos los que quieran vivir en paz, es la \u00fanica soluci\u00f3n justa para la totalidad de la poblaci\u00f3n que sufre con el <em>apartheid<\/em> y la colonizaci\u00f3n. El fin del Estado racista de Israel no significa la mentira de arrojar jud\u00edos al mar, sino derrotar el proyecto sionista.<\/p>\n<p>Titulada \u201cNunca m\u00e1s para nadie\u201d, la carta firmada por m\u00e1s de 250 sobrevivientes jud\u00edos y descendientes de v\u00edctimas del genocidio nazi, en agosto de 2014, durante la masacre de Israel en Gaza, y publicada en el <em>New York Times<\/em> y difundida por la Red Internacional de Jud\u00edos Antisionistas, da la respuesta: \u201cNunca m\u00e1s para nadie desaf\u00eda el uso indebido del genocidio nazi de jud\u00edos (\u2018El Holocausto\u2019) para fines pol\u00edticos. A hacer excepci\u00f3n del genocidio nazi, los jud\u00edos europeos son separados de las v\u00edctimas y sobrevivientes de este y otros genocidios, en lugar de unirse a ellos. La explotaci\u00f3n sionista de ese genocidio para justificar la colonizaci\u00f3n, el desplazamiento y el <em>apartheid<\/em> en Palestina es una deshonra para los que sobrevivieron y para los que no sobrevivieron. El refr\u00e1n \u2018Nunca m\u00e1s\u2019 debe significar \u2018\u00a1Nunca m\u00e1s, para nadie!\u2019\u201d.<\/p>\n<p>[1] Los secretos de la colonia alemana que uni\u00f3 nazismo, abuso sexual de ni\u00f1os y tortura, en nombre de Pinochet. BBC News, 12\/9\/2016.<\/p>\n<p>[2] Al final, Inglaterra apoy\u00f3 a Cecil Rhodes en una empresa colonizadora en el \u00c1frica negra, poniendo a blancos para dominar e imponiendo a los negros de esa regi\u00f3n un r\u00e9gimen de <em>apartheid<\/em> y la p\u00e9rdida de cualquier derecho. Esos colonos fundaron m\u00e1s tarde Rhodesia (1964-1979), y solo despu\u00e9s de un duro combate fueron derrotados, lo que dio origen al actual Zimbabwe.<\/p>\n<p>Josef<em> Weil es de origen judaico. Parte de su familia despareci\u00f3 durante la ocupaci\u00f3n nazi de Europa oriental.<\/em><\/p>\n<p><em>Soraya Misleh es periodista palestina-brasile\u00f1a y una parte de su familia fue expulsada de sus tierras en la Nakba. A\u00fan hoy sufren la colonizaci\u00f3n y la ocupaci\u00f3n sionistas.<\/em><\/p>\n<p>Traducci\u00f3n: Natalia Estrada.<\/p>\n","protected":false},"excerpt":{"rendered":"<p>Este 27 de enero se cumplen 75 a\u00f1os de la liberaci\u00f3n del campo de concentraci\u00f3n nazista de Auschwitz en Polonia, en el que 1,3 millones de jud\u00edos fueron muertos, en una de las mayores atrocidades que la humanidad ya conoci\u00f3. En las v\u00edsperas, el abominable episodio que caus\u00f3 el despido de Roberto Alvim, entonces secretario [&hellip;]<\/p>\n","protected":false},"author":4,"featured_media":58367,"menu_order":0,"comment_status":"closed","ping_status":"closed","sticky":false,"template":"","format":"standard","meta":{"jetpack_post_was_ever_published":false,"_jetpack_newsletter_access":"","_jetpack_dont_email_post_to_subs":false,"_jetpack_newsletter_tier_id":0,"_jetpack_memberships_contains_paywalled_content":false,"litci_post_political_author":"","_jetpack_memberships_contains_paid_content":false,"footnotes":""},"categories":[2786,2696,2676,2783,9035,6482,12299,2710,2700,12298,2713,12849],"tags":[15005,13671,6285,3454,15006,3099,4071,3974,7070],"class_list":["post-58365","post","type-post","status-publish","format-standard","has-post-thumbnail","hentry","category-africa","category-alemania","category-brasil","category-europa","category-gaza","category-historia","category-inmigrantes","category-israel","category-italia","category-negros","category-palestina","category-polemica","tag-antisemitismo","tag-bolsonaro-sionismo","tag-estado-de-israel","tag-fascismo","tag-josef-weil","tag-palestina-2","tag-racismo","tag-sionismo","tag-soraya-misleh"],"jetpack_featured_media_url":"https:\/\/i0.wp.com\/litci.org\/es\/wp-content\/uploads\/2020\/01\/alvim-goebbels-1.jpg?fit=1021%2C580&ssl=1","fimg_url":"https:\/\/i0.wp.com\/litci.org\/es\/wp-content\/uploads\/2020\/01\/alvim-goebbels-1.jpg?fit=1021%2C580&ssl=1","categories_names":["\u00c1frica","Alemania","Brasil","Europa","Gaza","Historia","Inmigrantes","Israel","Italia","Negros","Palestina","Pol\u00e9mica"],"author_info":{"name":"Administraci\u00f3n Site","pic":"https:\/\/secure.gravatar.com\/avatar\/1fc4a65db396208ca881747f59a66a20c6b8670747457224753e1e98c43f719b?s=96&d=mm&r=g"},"political_author":null,"tagline":"","jetpack_sharing_enabled":true,"_links":{"self":[{"href":"https:\/\/litci.org\/es\/wp-json\/wp\/v2\/posts\/58365","targetHints":{"allow":["GET"]}}],"collection":[{"href":"https:\/\/litci.org\/es\/wp-json\/wp\/v2\/posts"}],"about":[{"href":"https:\/\/litci.org\/es\/wp-json\/wp\/v2\/types\/post"}],"author":[{"embeddable":true,"href":"https:\/\/litci.org\/es\/wp-json\/wp\/v2\/users\/4"}],"replies":[{"embeddable":true,"href":"https:\/\/litci.org\/es\/wp-json\/wp\/v2\/comments?post=58365"}],"version-history":[{"count":2,"href":"https:\/\/litci.org\/es\/wp-json\/wp\/v2\/posts\/58365\/revisions"}],"predecessor-version":[{"id":58368,"href":"https:\/\/litci.org\/es\/wp-json\/wp\/v2\/posts\/58365\/revisions\/58368"}],"wp:featuredmedia":[{"embeddable":true,"href":"https:\/\/litci.org\/es\/wp-json\/wp\/v2\/media\/58367"}],"wp:attachment":[{"href":"https:\/\/litci.org\/es\/wp-json\/wp\/v2\/media?parent=58365"}],"wp:term":[{"taxonomy":"category","embeddable":true,"href":"https:\/\/litci.org\/es\/wp-json\/wp\/v2\/categories?post=58365"},{"taxonomy":"post_tag","embeddable":true,"href":"https:\/\/litci.org\/es\/wp-json\/wp\/v2\/tags?post=58365"}],"curies":[{"name":"wp","href":"https:\/\/api.w.org\/{rel}","templated":true}]}}