{"id":58198,"date":"2020-01-14T10:28:48","date_gmt":"2020-01-14T13:28:48","guid":{"rendered":"https:\/\/litci.org\/es\/?p=58198"},"modified":"2024-11-03T13:31:25","modified_gmt":"2024-11-03T13:31:25","slug":"manifestantes-suben-el-tono-contra-los-ayatolas-en-iran","status":"publish","type":"post","link":"https:\/\/litci.org\/es\/manifestantes-suben-el-tono-contra-los-ayatolas-en-iran\/","title":{"rendered":"Manifestantes suben el tono contra los ayatol\u00e1s en Ir\u00e1n"},"content":{"rendered":"<p><em>Por tercer d\u00eda consecutivo, los manifestantes salieron a las calles de Ir\u00e1n contra las autoridades del pa\u00eds. Las protestas comenzaron el s\u00e1bado despu\u00e9s de que el ministro de Relaciones Exteriores, Javad Zarif, reconociera p\u00fablicamente que el accidente del avi\u00f3n ucraniano fue causado por un error humano.<\/em><!--more--><\/p>\n<p>Por Jorge Mendoza<\/p>\n<p>Al principio, las autoridades iran\u00edes omitieron e incluso declararon que no entregar\u00edan la caja negra del avi\u00f3n para que se realice una investigaci\u00f3n. Despu\u00e9s de negar cualquier responsabilidad durante tres d\u00edas, el s\u00e1bado (11) se hizo p\u00fablico que el avi\u00f3n fue derribado por error en medio de un aumento de la tensi\u00f3n con los Estados Unidos tras la muerte del general iran\u00ed Qasam Suleimani.<\/p>\n<p>Los 176 civiles en el avi\u00f3n murieron. Aparentemente, dado que existen serias restricciones a la prensa no oficial en el pa\u00eds, la polic\u00eda iran\u00ed est\u00e1 reprimiendo las protestas. Los videos que circulan en las redes sociales y publicados por la prensa internacional muestran a los manifestantes siendo dispersados \u200b\u200bcon bombas de gas lacrim\u00f3geno. En otros, hay informes de uso de munici\u00f3n letal y de manifestantes heridos. Las protestas tienen lugar en la capital, Teher\u00e1n, y ya se est\u00e1n extendiendo a otras ciudades del pa\u00eds, como Amal y Semnan.<\/p>\n<p><strong>Ayatol\u00e1s en la mira<\/strong><\/p>\n<p>El accidente del avi\u00f3n ucraniano, sin embargo, es solo una chispa m\u00e1s para las protestas. La crisis econ\u00f3mica en el pa\u00eds, las sanciones impuestas por el imperialismo, el desgaste de los ayatol\u00e1s y la incapacidad del r\u00e9gimen para responder a estas cuestiones incitan la insatisfacci\u00f3n popular. El desempleo en el pa\u00eds ronda el 12% y alrededor de 20 millones de personas viven por debajo del umbral de pobreza.<\/p>\n<p><a href=\"https:\/\/i0.wp.com\/litci.org\/es\/wp-content\/uploads\/2020\/01\/PORTADA.jpg?ssl=1\"><img data-recalc-dims=\"1\" loading=\"lazy\" decoding=\"async\" class=\"size-full wp-image-58200 aligncenter\" src=\"https:\/\/i0.wp.com\/litci.org\/es\/wp-content\/uploads\/2020\/01\/PORTADA.jpg?resize=1200%2C700&#038;ssl=1\" alt=\"\" width=\"1200\" height=\"700\" srcset=\"https:\/\/i0.wp.com\/litci.org\/es\/wp-content\/uploads\/2020\/01\/PORTADA.jpg?w=1200&amp;ssl=1 1200w, https:\/\/i0.wp.com\/litci.org\/es\/wp-content\/uploads\/2020\/01\/PORTADA.jpg?resize=300%2C175&amp;ssl=1 300w, https:\/\/i0.wp.com\/litci.org\/es\/wp-content\/uploads\/2020\/01\/PORTADA.jpg?resize=1024%2C597&amp;ssl=1 1024w, https:\/\/i0.wp.com\/litci.org\/es\/wp-content\/uploads\/2020\/01\/PORTADA.jpg?resize=768%2C448&amp;ssl=1 768w, https:\/\/i0.wp.com\/litci.org\/es\/wp-content\/uploads\/2020\/01\/PORTADA.jpg?resize=720%2C420&amp;ssl=1 720w, https:\/\/i0.wp.com\/litci.org\/es\/wp-content\/uploads\/2020\/01\/PORTADA.jpg?resize=640%2C373&amp;ssl=1 640w, https:\/\/i0.wp.com\/litci.org\/es\/wp-content\/uploads\/2020\/01\/PORTADA.jpg?resize=681%2C397&amp;ssl=1 681w\" sizes=\"auto, (max-width: 1000px) 100vw, 1000px\" \/><\/a><\/p>\n<p>Ni siquiera el reciente asesinato de Qasam Suleimani, uno de los hombres fuertes del r\u00e9gimen, pudo unificar al pueblo iran\u00ed bajo la bandera de la defensa nacional. Los videos que circulan en las redes sociales muestran a los manifestantes rompiendo carteles en honor al general. Los lemas cantados en las calles iran\u00edes incluyen \u00ab\u00a1Muerte a los mentirosos\u00bb y \u00ab!Fuera cl\u00e9rigos!\u00bb Las protestas tambi\u00e9n tuvieron lugar en Irak y L\u00edbano. Hubo confrontaci\u00f3n con bandas armadas de grupos pol\u00edticos apoyados por Teher\u00e1n.<\/p>\n<p><strong>La crisis continua<\/strong><\/p>\n<p>En noviembre del a\u00f1o pasado, Ir\u00e1n ya hab\u00eda enfrentado una ola de protestas cuando el gobierno decidi\u00f3 aumentar los precios del combustible en un 200%. El pa\u00eds hirvi\u00f3: se registraron protestas en m\u00e1s de 100 ciudades y la poblaci\u00f3n grit\u00f3 \u00abMuerte al dictador\u00bb.La reacci\u00f3n del r\u00e9gimen fue cortar la se\u00f1al de internet del pa\u00eds y usar a la Guardia Revolucionaria para reprimir a su propia poblaci\u00f3n.Los manifestantes respondieron incendiando edificios p\u00fablicos y bancos. Se estima que 450 personas murieron en la peor represi\u00f3n desde la Revoluci\u00f3n de 1979. Incluso algunos sectores del clero defendieron p\u00fablicamente el castigo de los manifestantes con la pena de muerte.<\/p>\n<p>&nbsp;<\/p>\n","protected":false},"excerpt":{"rendered":"<p>Por tercer d\u00eda consecutivo, los manifestantes salieron a las calles de Ir\u00e1n contra las autoridades del pa\u00eds. Las protestas comenzaron el s\u00e1bado despu\u00e9s de que el ministro de Relaciones Exteriores, Javad Zarif, reconociera p\u00fablicamente que el accidente del avi\u00f3n ucraniano fue causado por un error humano.<\/p>\n","protected":false},"author":5,"featured_media":58199,"menu_order":0,"comment_status":"closed","ping_status":"closed","sticky":false,"template":"","format":"standard","meta":{"jetpack_post_was_ever_published":false,"_jetpack_newsletter_access":"","_jetpack_dont_email_post_to_subs":false,"_jetpack_newsletter_tier_id":0,"_jetpack_memberships_contains_paywalled_content":false,"litci_post_political_author":"","_jetpack_memberships_contains_paid_content":false,"footnotes":""},"categories":[2708],"tags":[11879,2856,2910,2882],"class_list":["post-58198","post","type-post","status-publish","format-standard","has-post-thumbnail","hentry","category-iran","tag-ayatolas","tag-irak-2","tag-iran-2","tag-pstu-2"],"jetpack_featured_media_url":"https:\/\/i0.wp.com\/litci.org\/es\/wp-content\/uploads\/2020\/01\/Protesto_Ira%CC%83_2020.jpg?fit=696%2C392&ssl=1","fimg_url":"https:\/\/i0.wp.com\/litci.org\/es\/wp-content\/uploads\/2020\/01\/Protesto_Ira%CC%83_2020.jpg?fit=696%2C392&ssl=1","categories_names":["Ir\u00e1n"],"author_info":{"name":"Kely","pic":"https:\/\/secure.gravatar.com\/avatar\/19003bf6219614b90207b39bd4a2733ce9cf96693efdfd639b15a829beed53d1?s=96&d=mm&r=g"},"political_author":null,"tagline":"","jetpack_sharing_enabled":true,"_links":{"self":[{"href":"https:\/\/litci.org\/es\/wp-json\/wp\/v2\/posts\/58198","targetHints":{"allow":["GET"]}}],"collection":[{"href":"https:\/\/litci.org\/es\/wp-json\/wp\/v2\/posts"}],"about":[{"href":"https:\/\/litci.org\/es\/wp-json\/wp\/v2\/types\/post"}],"author":[{"embeddable":true,"href":"https:\/\/litci.org\/es\/wp-json\/wp\/v2\/users\/5"}],"replies":[{"embeddable":true,"href":"https:\/\/litci.org\/es\/wp-json\/wp\/v2\/comments?post=58198"}],"version-history":[{"count":1,"href":"https:\/\/litci.org\/es\/wp-json\/wp\/v2\/posts\/58198\/revisions"}],"predecessor-version":[{"id":58201,"href":"https:\/\/litci.org\/es\/wp-json\/wp\/v2\/posts\/58198\/revisions\/58201"}],"wp:featuredmedia":[{"embeddable":true,"href":"https:\/\/litci.org\/es\/wp-json\/wp\/v2\/media\/58199"}],"wp:attachment":[{"href":"https:\/\/litci.org\/es\/wp-json\/wp\/v2\/media?parent=58198"}],"wp:term":[{"taxonomy":"category","embeddable":true,"href":"https:\/\/litci.org\/es\/wp-json\/wp\/v2\/categories?post=58198"},{"taxonomy":"post_tag","embeddable":true,"href":"https:\/\/litci.org\/es\/wp-json\/wp\/v2\/tags?post=58198"}],"curies":[{"name":"wp","href":"https:\/\/api.w.org\/{rel}","templated":true}]}}