{"id":58195,"date":"2020-01-14T09:23:53","date_gmt":"2020-01-14T12:23:53","guid":{"rendered":"https:\/\/litci.org\/es\/?p=58195"},"modified":"2024-11-03T13:31:25","modified_gmt":"2024-11-03T13:31:25","slug":"reiteradas-amenazas-de-muerte-a-maria-rivera-toda-nuestra-solidaridad-con-la-companera","status":"publish","type":"post","link":"https:\/\/litci.org\/es\/reiteradas-amenazas-de-muerte-a-maria-rivera-toda-nuestra-solidaridad-con-la-companera\/","title":{"rendered":"Reiteradas amenazas de muerte a Mar\u00eda Rivera, !toda nuestra solidaridad con la compa\u00f1era!"},"content":{"rendered":"<p><em>El gobierno de Sebasti\u00e1n Pi\u00f1era tiene una brutal criminalizaci\u00f3n y represi\u00f3n contra las y los luchadores, \u00e9sto se profundiz\u00f3 claramente tras el estallido social.<\/em><!--more--><\/p>\n<p>Por MIT-Chile<\/p>\n<p>En ese marco de polarizaci\u00f3n aparecen grupos de ultraderecha o conservadores que amedrentan directamente a quienes luchan. Los blancos de estos amedrentamientos son quienes est\u00e1n directamente enfrentando la represi\u00f3n de las FFEE, son dirigentes sindicales, sociales, y tambi\u00e9n las y los defensores jur\u00eddicos de las y los que luchan, sabemos que si se es mujer, las amenazas y riesgos son peores.<\/p>\n<p>Es el caso de Mar\u00eda Rivera, quien hoy est\u00e1 amenazada de muerte en reiteradas ocasiones, ya que como defensora de los derechos humanos se ha dedicado a defender activistas en las distintas luchas sociales que ha habido en Chile en las dos \u00faltimas d\u00e9cadas, tales como: la Revoluci\u00f3n Ping\u00fcina del 2006, la lucha estudiantil del a\u00f1o 2011, la defensa del movimiento Ocupa, defensa de deudores habitacionales, huelguistas del movimiento obrero y sindical. Adem\u00e1s, ha sido querellante contra la policial civil y fuerzas especiales que han aplicado tortura. En el actual estallido social defiende a varios presos acusados por participar en la primera l\u00ednea, j\u00f3venes acusados de diversos cr\u00edmenes, pero que en realidad est\u00e1n encarcelados por luchar por una sociedad m\u00e1s justa e igualitaria. Mar\u00eda es adem\u00e1s querellante contra el presidente Sebasti\u00e1n Pi\u00f1era, por cr\u00edmenes de Lesa Humanidad.<\/p>\n<div class=\"fb-post\" data-href=\"https:\/\/www.facebook.com\/281306975376194\/posts\/1355275817979299\/\" data-width=\"552\" style=\"background-color: #fff; display: inline-block;\"><\/div>\n<p>Producto de toda esta trayectoria y sus posiciones pol\u00edticas en defensa de la revoluci\u00f3n chilena, por exigir la salida de Pi\u00f1era del poder y defender una Revoluci\u00f3n Socialista para Chile ha sido amenazada de muerte en varias ocasiones por grupos fascistas a trav\u00e9s de llamadas de tel\u00e9fono. Otras amenazas v\u00eda mensaje incluyen expresiones como: \u201c<em>que anday defendiendo delincuentes ZURDA RE CULIA \/ Se te vienen los militares \/ Sin llorar Hoy \/ Saludos maricones de la patria \/ Saldr\u00e9 hacerlos mierda a todos\u201d.<\/em><\/p>\n<p>Tales amenazas fueran reconocidas por la Amnist\u00eda Internacional y por el Tribunal de Garant\u00edas de Santiago de Chile que las encamino para providencias para que la Fiscal\u00eda Especial se encargara de Medidas de Seguridad especiales.<\/p>\n<p>No queremos m\u00e1s compa\u00f1eras\/os amenazadas\/os ni perseguidas\/os, hoy somos cientos de miles quienes estamos en las calles dibujando el camino de esta revoluci\u00f3n, y no queremos volver a ver casos como los de Macarena Vald\u00e9s, Berta C\u00e1ceres y tantas otras luchadoras que han sido asesinadas por solo querer una sociedad m\u00e1s justa. Es por eso que solidarizamos totalmente con Mar\u00eda Rivera y les advertimos a los de arriba y a los grupos neofacistas que sus amenazas no detendr\u00e1n la lucha de las mujeres ni este estallido social.<\/p>\n<p>Llamamos a expresar una amplia solidaridad con Mar\u00eda, \u00a1no permitiremos ninguna amenaza m\u00e1s! \u00a1Arriba las que luchan!<\/p>\n","protected":false},"excerpt":{"rendered":"<p>El gobierno de Sebasti\u00e1n Pi\u00f1era tiene una brutal criminalizaci\u00f3n y represi\u00f3n contra las y los luchadores, \u00e9sto se profundiz\u00f3 claramente tras el estallido social.<\/p>\n","protected":false},"author":5,"featured_media":58196,"menu_order":0,"comment_status":"closed","ping_status":"closed","sticky":false,"template":"","format":"standard","meta":{"jetpack_post_was_ever_published":false,"_jetpack_newsletter_access":"","_jetpack_dont_email_post_to_subs":false,"_jetpack_newsletter_tier_id":0,"_jetpack_memberships_contains_paywalled_content":false,"litci_post_political_author":"","_jetpack_memberships_contains_paid_content":false,"footnotes":""},"categories":[2677,15347,14843],"tags":[2904,14973,14882,10896],"class_list":["post-58195","post","type-post","status-publish","format-standard","has-post-thumbnail","hentry","category-chile","category-presos-politicos","category-rebelion-en-chile","tag-chile-2","tag-ddhh","tag-maria-rivera","tag-mit"],"jetpack_featured_media_url":"https:\/\/i0.wp.com\/litci.org\/es\/wp-content\/uploads\/2020\/01\/Captura-2.jpg?fit=696%2C390&ssl=1","fimg_url":"https:\/\/i0.wp.com\/litci.org\/es\/wp-content\/uploads\/2020\/01\/Captura-2.jpg?fit=696%2C390&ssl=1","categories_names":["Chile","Presos pol\u00edticos en Chile","Revoluci\u00f3n en Chile"],"author_info":{"name":"Kely","pic":"https:\/\/secure.gravatar.com\/avatar\/19003bf6219614b90207b39bd4a2733ce9cf96693efdfd639b15a829beed53d1?s=96&d=mm&r=g"},"political_author":null,"tagline":"","jetpack_sharing_enabled":true,"_links":{"self":[{"href":"https:\/\/litci.org\/es\/wp-json\/wp\/v2\/posts\/58195","targetHints":{"allow":["GET"]}}],"collection":[{"href":"https:\/\/litci.org\/es\/wp-json\/wp\/v2\/posts"}],"about":[{"href":"https:\/\/litci.org\/es\/wp-json\/wp\/v2\/types\/post"}],"author":[{"embeddable":true,"href":"https:\/\/litci.org\/es\/wp-json\/wp\/v2\/users\/5"}],"replies":[{"embeddable":true,"href":"https:\/\/litci.org\/es\/wp-json\/wp\/v2\/comments?post=58195"}],"version-history":[{"count":2,"href":"https:\/\/litci.org\/es\/wp-json\/wp\/v2\/posts\/58195\/revisions"}],"predecessor-version":[{"id":58219,"href":"https:\/\/litci.org\/es\/wp-json\/wp\/v2\/posts\/58195\/revisions\/58219"}],"wp:featuredmedia":[{"embeddable":true,"href":"https:\/\/litci.org\/es\/wp-json\/wp\/v2\/media\/58196"}],"wp:attachment":[{"href":"https:\/\/litci.org\/es\/wp-json\/wp\/v2\/media?parent=58195"}],"wp:term":[{"taxonomy":"category","embeddable":true,"href":"https:\/\/litci.org\/es\/wp-json\/wp\/v2\/categories?post=58195"},{"taxonomy":"post_tag","embeddable":true,"href":"https:\/\/litci.org\/es\/wp-json\/wp\/v2\/tags?post=58195"}],"curies":[{"name":"wp","href":"https:\/\/api.w.org\/{rel}","templated":true}]}}