{"id":57719,"date":"2019-11-18T22:46:11","date_gmt":"2019-11-19T01:46:11","guid":{"rendered":"https:\/\/litci.org\/es\/?p=57719"},"modified":"2024-11-03T13:31:35","modified_gmt":"2024-11-03T13:31:35","slug":"25n-contra-la-violencia-machista-salimos-a-las-calles-junto-a-los-pueblos-en-lucha","status":"publish","type":"post","link":"https:\/\/litci.org\/es\/25n-contra-la-violencia-machista-salimos-a-las-calles-junto-a-los-pueblos-en-lucha\/","title":{"rendered":"25N: \u00a1Contra la violencia machista, salimos a las calles junto a los pueblos en lucha!"},"content":{"rendered":"<p><em>Hace ya casi 60 a\u00f1os, un 25 de noviembre, las hermanas Mirabal eran asesinadas por enfrentar la dictadura de Trujillo en Rep\u00fablica Dominicana. Para los registros formales, la ONU decret\u00f3 esta fecha como D\u00eda Internacional para la eliminaci\u00f3n de la violencia contra la mujer, pero nosotras lo tomamos como un d\u00eda de lucha, un d\u00eda para denunciar la violencia que ejercen sobre nosotras toda la vida y que asesina a decenas de miles al a\u00f1o.<\/em><\/p>\n<p>Por LIT-CI<\/p>\n<p>Hoy millones de mujeres en el mundo est\u00e1n peleando contra dictaduras y gobiernos \u201cdemocr\u00e1ticos\u201d, diciendo que hay que cambiarlo todo porque as\u00ed no se puede seguir. La mejor forma de luchar contra la violencia machista es que nosotras sigamos al frente de esas peleas en las calles del mundo entero.<\/p>\n<p><strong>La situaci\u00f3n en el mundo<\/strong><\/p>\n<p>Los organismos internacionales quieren presentar programas y discusiones en los cuales mostrar que nosotras estamos mejor, pero hasta sus propias estad\u00edsticas indican lo contrario. Seg\u00fan la ONU y la OMS, 120 millones de mujeres fueron v\u00edctimas de abuso sexual en alg\u00fan momento de sus vidas,\u00a0 60 mil\u00a0 mueren por a\u00f1o en manos de feminicidas, donde casi la mitad son su pareja o alg\u00fan miembro var\u00f3n de la familia.<\/p>\n<p>Estremece saber que 1 de cada 3 mujeres en el mundo han sufrido violencia f\u00edsica y\/o sexual, y que estas estad\u00edsticas se contabilizan tanto en pa\u00edses pobres como en los ricos. Estad\u00edsticas incompletas al no tener registrados los transfemicidios, y sabiendo que muchos casos no se denuncian en su mayor\u00eda por ser perpetrados intrafamiliarmente.<\/p>\n<p>En todo el mundo se realizan 22 millones de abortos inseguros al a\u00f1o, la mayor\u00eda en pa\u00edses pobres y que llevan a muchas mujeres a la muerte o mutilaci\u00f3n. Ni hablar la violencia institucional que se sufre en los pa\u00edses que est\u00e1 prohibido completamente, como por ejemplo El Salvador que tiene el extremo de encarcelar mujeres que tuvieron abortos espont\u00e1neos.<\/p>\n<p>Am\u00e9rica Latina es una de las zonas m\u00e1s violentas sobre las mujeres, alberga a 14 de los 25 pa\u00edses con m\u00e1s altas tasas de feminicidio en el mundo, seg\u00fan la ONU en esta regi\u00f3n incluyendo al Caribe, 12 mujeres y ni\u00f1as son asesinadas por d\u00eda. En la Uni\u00f3n Europea, el 50% de las mujeres desde los 15 a\u00f1os han sufrido alg\u00fan tipo de acoso sexual; 1 de cada 3 europeos, justifican el abuso sexual en algunos casos. En \u00c1frica central y meridional el 40% de las j\u00f3venes se casan antes de los 18 a\u00f1os y el 14% son obligadas a hacerlo antes de los 15.<\/p>\n<p>Aunque haya mujeres en cargos p\u00fablicos, o discursos que nos \u201cincluyan\u201d, la violencia machista sigue siendo una epidemia mundial que hay que combatir.<\/p>\n<p><strong>Nosotras tambi\u00e9n decimos \u00a1Basta!<\/strong><\/p>\n<p>La violencia que sufrimos es parte de la violencia general que este sistema capitalista ejerce sobre los pobres, trabajadores y oprimidos. La crisis econ\u00f3mica, el hambre y la desigualdad golpean con mucha fuerza sobre las mujeres.<\/p>\n<p>Nos violentan con salarios de hambre, con recortes en la salud y la educaci\u00f3n nuestra y de nuestros hijos, ni siquiera nos dejan jubilarnos dignamente. Nosotras somos discriminadas al migrar de nuestra tierra en busca de un poco de pan, somos objeto sexual de las grandes corporaciones para vender sus productos y luego condenadas cuando decidimos libremente sobre nuestra sexualidad.<\/p>\n<p>Las j\u00f3venes sufrimos la falta de trabajo, as\u00ed como la precarizaci\u00f3n brutal, que muchas veces va acompa\u00f1ada de acoso sexual en el trabajo. Junto a las ni\u00f1as somos v\u00edctimas permanentes de redes de trata y caminamos con miedo por las calles.<\/p>\n<p>Pero la discriminaci\u00f3n laboral y la violencia aumenta sobre las que somos negras, ind\u00edgenas o migrantes, nuestras muertes pasan sin conmoci\u00f3n alguna en los medios de comunicaci\u00f3n y forman parte de una estad\u00edstica vac\u00eda.<\/p>\n<p>Las travestis y trans dif\u00edcilmente tenemos acceso al trabajo, nos arrojan al flagelo de la prostituci\u00f3n donde la polic\u00eda nos persigue, golpea y viola sin posibilidad alguna de defensa. Ni hablar del derecho a la identidad de g\u00e9nero u orientaci\u00f3n sexual que en la mayor\u00eda de los pa\u00edses no es aceptado.<\/p>\n<p>Pero el pueblo dice basta y nosotras tambi\u00e9n. Las masas en Ecuador, Hait\u00ed, Hong Kong, Irak, Chile o Bolivia han salido a las calles. All\u00ed vemos a las mujeres al frente de la lucha, derribando todos los prejuicios y peleando contra sus gobiernos por una vida m\u00e1s digna. Las mujeres bolivianas, con sus hijos a cuestas, enfrentan el golpe racista de derecha en su pa\u00eds y muestran que ellas son parte de la lucha. Las j\u00f3venes chilenas fueron el puntapi\u00e9 inicial de una revoluci\u00f3n en curso, al evadir el metro, movilizarse en las calles, enfrentar la represi\u00f3n de Pi\u00f1era y organizarse en asambleas populares, derrumbando el mito de que nuestro lugar est\u00e1 en la casa. Las jubiladas caminan por sus derechos en el Estado Espa\u00f1ol y las j\u00f3venes catalanas se ponen al frente de la lucha por la independencia.<\/p>\n<p><strong>Violencia machista como represi\u00f3n<\/strong><\/p>\n<p>En Chile las fuerzas militares y policiales est\u00e1n respondiendo con una brutal represi\u00f3n al pueblo movilizado, ya se suman 22 muertos, m\u00e1s de 2000 heridos, entre los cuales se cuentan 200 que han perdido un ojo y miles de detenidos y detenidas.<\/p>\n<p>Los gobiernos tiemblan cuando el pueblo sale a la calle, pero si las mujeres pierden el miedo y se unen, ah\u00ed se aterrorizan. Por eso en el pa\u00eds cordillerano utilizan un m\u00e9todo de represi\u00f3n m\u00e1s brutal sobre ellas: la agresi\u00f3n machista. Se tienen contabilizadas al menos 50 querellas por abuso sexual a mujeres y j\u00f3venes LGBTI y desnudamientos y asesinatos de mujeres en las manifestaciones. Este modus operandi no refleja s\u00f3lo el machismo recalcitrante de los militares, sino que es un m\u00e9todo de amedrentamiento sobre el resto de las mujeres.<\/p>\n<p>El pueblo chileno y la clase obrera mundial deben repudiar con \u00e9nfasis esta situaci\u00f3n, denunciarla y llamar a las mujeres a que se unan con m\u00e1s fuerza a la lucha, organizando con ellas la autodefensa para derrotar la represi\u00f3n. No se trata de una expresi\u00f3n represiva m\u00e1s, es una violencia espec\u00edfica sobre la mitad de la poblaci\u00f3n que debe ser repudiada con destaque.<\/p>\n<p><strong>\u00a1Basta de violencia hacia las mujeres, basta de explotaci\u00f3n!<\/strong><\/p>\n<p>Nuestra pelea por el fin de la violencia machista es y debe ser parte de la lucha de la clase obrera y los pueblos. Nosotras estamos al frente de las barricadas para exigir nuestros derechos tambi\u00e9n.<\/p>\n<p>La opresi\u00f3n que sufrimos es un instrumento para explotarnos m\u00e1s, para sacar beneficios de nuestro sufrimiento en pos de los grandes capitalistas. Los derechos de igualdad de g\u00e9nero deben ser parte de los reclamos de todos y no s\u00f3lo de nosotras. No hay posibilidad de conseguir cambiar las cosas en Chile, si no se lucha tambi\u00e9n por las mujeres. Derrotar el golpe en Bolivia implica luchar tambi\u00e9n por las mujeres, las ind\u00edgenas, pobres y trabajadoras.<\/p>\n<p>La desigualdad es fundamental para el sistema capitalista y el machismo es una forma de control sobre nosotras. Para darnos los peores empleos, que el cuidado de la familia sea nuestra tarea sin ninguna remuneraci\u00f3n, para que la clase obrera se divida y no luche por intereses comunes.<\/p>\n<p>Terminar con la violencia machista implica terminar con este sistema que perpet\u00faa nuestra opresi\u00f3n para el beneficio de los capitalistas. No decimos que la revoluci\u00f3n resolver\u00e1 de inmediato todos nuestros problemas, pero estamos convencidas de que sin ella no habr\u00e1 salida.<\/p>\n<p>Para nosotras cambiar esta sociedad es de vida o muerte, desde la LIT-CI seguiremos en las calles con las mujeres que luchan junto al pueblo y saldremos este 25 de noviembre a gritar bien fuerte:<\/p>\n<ul>\n<li>\u00a1Basta de violencia machista!<\/li>\n<li>\u00a1Basta de opresi\u00f3n y explotaci\u00f3n!<\/li>\n<li>\u00a1viva la lucha del pueblo en las calles!<\/li>\n<li>\u00a1Abajo los gobiernos hambreadores y represivos!<\/li>\n<\/ul>\n<p>&nbsp;<\/p>\n<p>&nbsp;<\/p>\n<p>&nbsp;<\/p>\n","protected":false},"excerpt":{"rendered":"<p>Hace ya casi 60 a\u00f1os, un 25 de noviembre, las hermanas Mirabal eran asesinadas por enfrentar la dictadura de Trujillo en Rep\u00fablica Dominicana. Para los registros formales, la ONU decret\u00f3 esta fecha como D\u00eda Internacional para la eliminaci\u00f3n de la violencia contra la mujer, pero nosotras lo tomamos como un d\u00eda de lucha, un d\u00eda [&hellip;]<\/p>\n","protected":false},"author":5,"featured_media":57720,"menu_order":0,"comment_status":"closed","ping_status":"closed","sticky":false,"template":"","format":"standard","meta":{"jetpack_post_was_ever_published":false,"_jetpack_newsletter_access":"","_jetpack_dont_email_post_to_subs":false,"_jetpack_newsletter_tier_id":0,"_jetpack_memberships_contains_paywalled_content":false,"litci_post_political_author":"","_jetpack_memberships_contains_paid_content":false,"footnotes":""},"categories":[2764,2738],"tags":[9311,3105,2828,6331],"class_list":["post-57719","post","type-post","status-publish","format-standard","has-post-thumbnail","hentry","category-declaraciones","category-mujeres","tag-25n","tag-lit-ci","tag-mujeres-2","tag-violencia-machista"],"jetpack_featured_media_url":"https:\/\/i0.wp.com\/litci.org\/es\/wp-content\/uploads\/2019\/11\/19out2016-mulheres-participam-de-protesto-contra-estupro-e-morte-de-jovem-em-buenos-aires-na-argentina-1476917995826_615x300.jpg?fit=615%2C300&ssl=1","fimg_url":"https:\/\/i0.wp.com\/litci.org\/es\/wp-content\/uploads\/2019\/11\/19out2016-mulheres-participam-de-protesto-contra-estupro-e-morte-de-jovem-em-buenos-aires-na-argentina-1476917995826_615x300.jpg?fit=615%2C300&ssl=1","categories_names":["Declaraciones","Mujeres"],"author_info":{"name":"Kely","pic":"https:\/\/secure.gravatar.com\/avatar\/19003bf6219614b90207b39bd4a2733ce9cf96693efdfd639b15a829beed53d1?s=96&d=mm&r=g"},"political_author":null,"tagline":"","jetpack_sharing_enabled":true,"_links":{"self":[{"href":"https:\/\/litci.org\/es\/wp-json\/wp\/v2\/posts\/57719","targetHints":{"allow":["GET"]}}],"collection":[{"href":"https:\/\/litci.org\/es\/wp-json\/wp\/v2\/posts"}],"about":[{"href":"https:\/\/litci.org\/es\/wp-json\/wp\/v2\/types\/post"}],"author":[{"embeddable":true,"href":"https:\/\/litci.org\/es\/wp-json\/wp\/v2\/users\/5"}],"replies":[{"embeddable":true,"href":"https:\/\/litci.org\/es\/wp-json\/wp\/v2\/comments?post=57719"}],"version-history":[{"count":2,"href":"https:\/\/litci.org\/es\/wp-json\/wp\/v2\/posts\/57719\/revisions"}],"predecessor-version":[{"id":57757,"href":"https:\/\/litci.org\/es\/wp-json\/wp\/v2\/posts\/57719\/revisions\/57757"}],"wp:featuredmedia":[{"embeddable":true,"href":"https:\/\/litci.org\/es\/wp-json\/wp\/v2\/media\/57720"}],"wp:attachment":[{"href":"https:\/\/litci.org\/es\/wp-json\/wp\/v2\/media?parent=57719"}],"wp:term":[{"taxonomy":"category","embeddable":true,"href":"https:\/\/litci.org\/es\/wp-json\/wp\/v2\/categories?post=57719"},{"taxonomy":"post_tag","embeddable":true,"href":"https:\/\/litci.org\/es\/wp-json\/wp\/v2\/tags?post=57719"}],"curies":[{"name":"wp","href":"https:\/\/api.w.org\/{rel}","templated":true}]}}