{"id":57516,"date":"2019-11-04T11:01:46","date_gmt":"2019-11-04T14:01:46","guid":{"rendered":"https:\/\/litci.org\/es\/?p=57516"},"modified":"2024-11-03T13:30:37","modified_gmt":"2024-11-03T13:30:37","slug":"las-mujeres-en-la-linea-de-frente-de-la-lucha-en-ecuador","status":"publish","type":"post","link":"https:\/\/litci.org\/es\/las-mujeres-en-la-linea-de-frente-de-la-lucha-en-ecuador\/","title":{"rendered":"Las mujeres en la l\u00ednea de frente de la lucha en Ecuador\u00a0"},"content":{"rendered":"<p class=\"Standard\" style=\"text-align: justify\"><em><span lang=\"ES-EC\" style=\"font-family: 'Times New Roman',serif\">Tal como hemos visto en varios pa\u00edses del mundo, las mujeres estuvieron en las calles, bloqueos, tomas, grupos de solidaridad y en todos los frentes de lucha en el levantamiento ind\u00edgena y popular que se llev\u00f3 a cabo en Ecuador por la derrota del decreto 883.<\/span><span lang=\"ES-EC\" style=\"font-family: 'Times New Roman',serif\">\u00a0<\/span><\/em><!--more--><\/p>\n<p class=\"Standard\" style=\"text-align: justify\"><span lang=\"ES-EC\" style=\"font-family: 'Times New Roman',serif\">Por: Vero Chulde<\/span><span lang=\"ES-EC\" style=\"font-family: 'Times New Roman',serif\">\u00a0<\/span><\/p>\n<p class=\"Standard\" style=\"text-align: justify\"><span lang=\"ES-EC\" style=\"font-family: 'Times New Roman',serif\">Las mujeres ind\u00edgenas, trabajadoras, estudiantes, campesinas, j\u00f3venes, madres, ancianas de Ecuador y todas aquellas que sufren la explotaci\u00f3n y la presi\u00f3n en la sociedad capitalista, una vez m\u00e1s enfrentan la violenta represi\u00f3n de la polic\u00eda y el ej\u00e9rcito ecuatoriano al mando del Gobierno de Lenin Moreno y de los grandes capitalistas nacionales e internacionales que al que \u00e9l sirve.<\/span><span lang=\"ES-EC\" style=\"font-family: 'Times New Roman',serif\">\u00a0<\/span><\/p>\n<p class=\"Standard\" style=\"text-align: justify\"><span lang=\"ES-EC\" style=\"font-family: 'Times New Roman',serif\">Para salvar a los ricos y a fin de recaudar el dinero para cumplir los requerimientos del Fondo Monetario Internacional, el gobiernos de Lenin Moreno, saca el decreto 883 que pone fin al subsidio de la gasolina y el di\u00e9sel, duplicando as\u00ed el precio de los combustibles, lo que significa el alza de los pasajes, la subida de precios de los alimentos y dem\u00e1s productos de primera necesidad, golpeando a\u00fan m\u00e1s el nivel de vida del pueblo pobre de Ecuador que ya de por s\u00ed es insostenible. Estas medidas econ\u00f3micas han hecho que la lucha aflore en el pa\u00eds y que las mujeres de la clase trabajadora, las ind\u00edgenas, las campesinas y las j\u00f3venes no hayan tenido duda y se manifiesten con todas sus fuerzas.<\/span><span lang=\"ES-EC\" style=\"font-family: 'Times New Roman',serif\">\u00a0<\/span><\/p>\n<div id=\"attachment_57517\" style=\"width: 986px\" class=\"wp-caption aligncenter\"><a href=\"https:\/\/i0.wp.com\/litci.org\/es\/wp-content\/uploads\/2019\/11\/109223340_foto_mujer.jpg?ssl=1\"><img data-recalc-dims=\"1\" loading=\"lazy\" decoding=\"async\" aria-describedby=\"caption-attachment-57517\" class=\"size-full wp-image-57517\" src=\"https:\/\/i0.wp.com\/litci.org\/es\/wp-content\/uploads\/2019\/11\/109223340_foto_mujer.jpg?resize=976%2C549&#038;ssl=1\" alt=\"\" width=\"976\" height=\"549\" srcset=\"https:\/\/i0.wp.com\/litci.org\/es\/wp-content\/uploads\/2019\/11\/109223340_foto_mujer.jpg?w=976&amp;ssl=1 976w, https:\/\/i0.wp.com\/litci.org\/es\/wp-content\/uploads\/2019\/11\/109223340_foto_mujer.jpg?resize=300%2C169&amp;ssl=1 300w, https:\/\/i0.wp.com\/litci.org\/es\/wp-content\/uploads\/2019\/11\/109223340_foto_mujer.jpg?resize=768%2C432&amp;ssl=1 768w, https:\/\/i0.wp.com\/litci.org\/es\/wp-content\/uploads\/2019\/11\/109223340_foto_mujer.jpg?resize=747%2C420&amp;ssl=1 747w, https:\/\/i0.wp.com\/litci.org\/es\/wp-content\/uploads\/2019\/11\/109223340_foto_mujer.jpg?resize=640%2C360&amp;ssl=1 640w, https:\/\/i0.wp.com\/litci.org\/es\/wp-content\/uploads\/2019\/11\/109223340_foto_mujer.jpg?resize=681%2C383&amp;ssl=1 681w\" sizes=\"auto, (max-width: 976px) 100vw, 976px\" \/><\/a><p id=\"caption-attachment-57517\" class=\"wp-caption-text\">David D\u00edaz Arcos<\/p><\/div>\n<p class=\"Standard\" style=\"text-align: justify\"><span lang=\"ES-EC\" style=\"font-family: 'Times New Roman',serif\">El ejemplo valeroso de resistencia de las mujeres en el frente de lucha cal\u00f3 profundo en el esp\u00edritu solidario del pueblo pobre en general y de las mujeres que, en sus barrios, desde sus casas, desde sus trabajos, desde sus centros de estudio, desde sus organizaciones sociales se sumaron de diferente forma a participar en unidad y solidaridad con la lucha. La presencia de las mujeres es innegable en la participaci\u00f3n de los centros de ayuda humanitaria, en las brigadas de voluntarios de diferente \u00edndole como aquellos creados para atender a los heridos o para ayudar en las tareas de alimentaci\u00f3n y hasta de cuidado de los ni\u00f1os; en los centros de acopio de donaciones convocados desde diferentes sectores, en los comedores que se institu\u00edan en las diferentes Universidades que abrieron sus puertas y por supuesto en el acompa\u00f1amiento de la lucha desde los barrios con marchas, concentraciones y cacerolazos.<\/span><span style=\"font-family: 'Times New Roman', serif\">\u00a0<\/span><\/p>\n<p class=\"Standard\" style=\"text-align: justify\"><span lang=\"ES-EC\" style=\"font-family: 'Times New Roman',serif\">Ni que decir de aquellas mujeres que se sumaron en las calles a enfrentar la feroz represi\u00f3n, muchas con sus hijos en brazos, fue muy importante a la hora de llamar a las fuerzas armadas y policiales a que abandonen el gobierno, dejen de reprimir y vengan para el lado de la lucha. As\u00ed se evidenci\u00f3 en Cotopaxi, Chimborazo, Ca\u00f1ar, Bol\u00edvar y dem\u00e1s provincias donde las fuerzas de la represi\u00f3n tuvieron que replegarse. En todas las provincias la mujer humilde del pueblo particip\u00f3 altivamente de los cortes de v\u00eda, de las concentraciones, marchas, en las tomas de las Gobernaciones y otras instancias, hasta de las tomas de los bloques petroleros en la Amazon\u00eda. Estas acciones fueron fundamentales para el sostenimiento de las movilizaciones y la huelga Nacional. Durante 11 d\u00edas luchamos juntos con los trabajadores del campo y la ciudad, con la juventud.<\/span><span lang=\"ES-EC\" style=\"font-family: 'Times New Roman',serif\">\u00a0<\/span><\/p>\n<p class=\"Standard\" style=\"text-align: justify\"><span lang=\"ES-EC\" style=\"font-family: 'Times New Roman',serif\">Las luchas en Ecuador nos ense\u00f1an en la pr\u00e1ctica que nosotras, las mujeres humildes del pueblo pobre, debemos en primer lugar ubicarnos a partir de nuestra condici\u00f3n de clase obrera, las y los trabajadores, las y los campesinos y el pueblo pobre. Pues la ministra del Gobierno de Lenin, Mar\u00eda Paula Romo, que se presenta como feminista es una de las principales responsables por defender las propuestas del gobierno de sumir a nuestra clase a\u00fan m\u00e1s en la miseria. Adem\u00e1s de eso, es tambi\u00e9n la principal responsable por represi\u00f3n brutal a que los y las luchadoras est\u00e1n enfrentando. Aunque vino con el falso pedido de disculpas por las bombas lacrim\u00f3genas lanzadas en las Universidades Cat\u00f3lica y Salesiana, todos sabemos que ella est\u00e1 junto con los responsables por las \u00f3rdenes de reprimir el movimiento.<\/span><span lang=\"ES-EC\" style=\"font-family: 'Times New Roman',serif\">\u00a0<\/span><\/p>\n<p class=\"Standard\" style=\"text-align: justify\"><span lang=\"ES-EC\" style=\"font-family: 'Times New Roman',serif\">S\u00f3lo con la organizaci\u00f3n y la unidad de hombres y mujeres trabajadoras\/es y la juventud, s\u00f3lo con la lucha fue posible derrotar el paquetazo y s\u00f3lo unidos en las calles tirar abajo este gobierno, echar por tierra las pol\u00edticas de hambre del FMI y de una vez por todas avanzar en un programa que libere a la clase trabajadora y junto con ello permita concretar medidas que puedan liberar a las mujeres j\u00f3venes, campesinas y trabajadoras de la opresi\u00f3n machista que aqueja con m\u00e1s violencia a las mujeres trabajadoras del pueblo. La Unidad de los \/las trabajadoras es el \u00fanico camino posible para alcanzar una nueva sociedad justa, equitativa, solidaria\u00b4, realmente democr\u00e1tica y sin opresi\u00f3n para nosotras, para nosotros y para nuestras y nuestros hijos.<\/span><\/p>\n<p class=\"Standard\" style=\"text-align: justify\"><span lang=\"ES-EC\" style=\"font-family: 'Times New Roman',serif\">\u00a0<\/span><\/p>\n","protected":false},"excerpt":{"rendered":"<p>Tal como hemos visto en varios pa\u00edses del mundo, las mujeres estuvieron en las calles, bloqueos, tomas, grupos de solidaridad y en todos los frentes de lucha en el levantamiento ind\u00edgena y popular que se llev\u00f3 a cabo en Ecuador por la derrota del decreto 883.\u00a0<\/p>\n","protected":false},"author":5,"featured_media":57518,"menu_order":0,"comment_status":"closed","ping_status":"closed","sticky":false,"template":"","format":"standard","meta":{"jetpack_post_was_ever_published":false,"_jetpack_newsletter_access":"","_jetpack_dont_email_post_to_subs":false,"_jetpack_newsletter_tier_id":0,"_jetpack_memberships_contains_paywalled_content":false,"litci_post_political_author":"","_jetpack_memberships_contains_paid_content":false,"footnotes":""},"categories":[2682,2738],"tags":[2865,2886,2828],"class_list":["post-57516","post","type-post","status-publish","format-standard","has-post-thumbnail","hentry","category-ecuador","category-mujeres","tag-ecuador-2","tag-mas","tag-mujeres-2"],"jetpack_featured_media_url":"https:\/\/i0.wp.com\/litci.org\/es\/wp-content\/uploads\/2019\/11\/icc81nd6ice.jpg?fit=1200%2C800&ssl=1","fimg_url":"https:\/\/i0.wp.com\/litci.org\/es\/wp-content\/uploads\/2019\/11\/icc81nd6ice.jpg?fit=1200%2C800&ssl=1","categories_names":["Ecuador","Mujeres"],"author_info":{"name":"Kely","pic":"https:\/\/secure.gravatar.com\/avatar\/19003bf6219614b90207b39bd4a2733ce9cf96693efdfd639b15a829beed53d1?s=96&d=mm&r=g"},"political_author":null,"tagline":"","jetpack_sharing_enabled":true,"_links":{"self":[{"href":"https:\/\/litci.org\/es\/wp-json\/wp\/v2\/posts\/57516","targetHints":{"allow":["GET"]}}],"collection":[{"href":"https:\/\/litci.org\/es\/wp-json\/wp\/v2\/posts"}],"about":[{"href":"https:\/\/litci.org\/es\/wp-json\/wp\/v2\/types\/post"}],"author":[{"embeddable":true,"href":"https:\/\/litci.org\/es\/wp-json\/wp\/v2\/users\/5"}],"replies":[{"embeddable":true,"href":"https:\/\/litci.org\/es\/wp-json\/wp\/v2\/comments?post=57516"}],"version-history":[{"count":2,"href":"https:\/\/litci.org\/es\/wp-json\/wp\/v2\/posts\/57516\/revisions"}],"predecessor-version":[{"id":78654,"href":"https:\/\/litci.org\/es\/wp-json\/wp\/v2\/posts\/57516\/revisions\/78654"}],"wp:featuredmedia":[{"embeddable":true,"href":"https:\/\/litci.org\/es\/wp-json\/wp\/v2\/media\/57518"}],"wp:attachment":[{"href":"https:\/\/litci.org\/es\/wp-json\/wp\/v2\/media?parent=57516"}],"wp:term":[{"taxonomy":"category","embeddable":true,"href":"https:\/\/litci.org\/es\/wp-json\/wp\/v2\/categories?post=57516"},{"taxonomy":"post_tag","embeddable":true,"href":"https:\/\/litci.org\/es\/wp-json\/wp\/v2\/tags?post=57516"}],"curies":[{"name":"wp","href":"https:\/\/api.w.org\/{rel}","templated":true}]}}