{"id":56622,"date":"2019-09-12T14:27:11","date_gmt":"2019-09-12T17:27:11","guid":{"rendered":"https:\/\/litci.org\/es\/?p=56622"},"modified":"2019-09-12T14:29:30","modified_gmt":"2019-09-12T17:29:30","slug":"portugal-12s-libertad-inmediata-a-daniel-ruiz","status":"publish","type":"post","link":"https:\/\/litci.org\/es\/portugal-12s-libertad-inmediata-a-daniel-ruiz\/","title":{"rendered":"Portugal | #12S Libertad inmediata a Daniel Ruiz"},"content":{"rendered":"<p><em>A un a\u00f1o del encarcelamiento de nuestro compa\u00f1ero Daniel Ruiz, preso pol\u00edtico del gobierno de Macri, acompa\u00f1e los actos de protesta que exigen su libertad en Portugal.<\/em><br \/>\n<span id=\"more-56571\"><\/span><span id=\"more-56578\"><\/span><!--more--><\/p>\n<div class=\"fb-video\" data-allowfullscreen=\"true\" data-href=\"https:\/\/www.facebook.com\/jornalemluta\/videos\/1639701356165179\/?__xts__%5B0%5D=68.ARArzJLgSQcpscCGPBMLlsxNH6fFRPRbOiSqMJAs-QlAQIOyrZ9IdIukiefGFHGWJvvHPt_RDdoXWOl3HsjJsZmkYch_kYFfljBYgt9uTkby2znS--JV3zLe8qBcFfDCfGBH8KE9L7safxcKABoJo0A3NxqIbKtVAsFKI1h3YOO9ZKWwGZiX-_P0AZhQwrCItT6kIAXNHX6VHLMxxak1mymjgVNnsi_8sZ0CP0XEynOFKx6yRuUF_4zDg_bniwWt7tJ2VQj1NokPUCbxx7IOdSJjOdK1on3ViiHKeDyKoEgW0X5ZJIqMBSjZcyfuUkUZffGo2VNo1TfAMtXzwyi1oM0ayr5EErm9KYYN0MHu&#038;__tn__=-R\" style=\"background-color: #fff; display: inline-block;\"><\/div>\n<p><a href=\"https:\/\/i0.wp.com\/litci.org\/es\/wp-content\/uploads\/2019\/09\/WhatsApp-Image-2019-09-12-at-14.18.55.jpeg?ssl=1\"><img data-recalc-dims=\"1\" loading=\"lazy\" decoding=\"async\" class=\"size-full wp-image-56623 aligncenter\" src=\"https:\/\/i0.wp.com\/litci.org\/es\/wp-content\/uploads\/2019\/09\/WhatsApp-Image-2019-09-12-at-14.18.55.jpeg?resize=1920%2C1440&#038;ssl=1\" alt=\"\" width=\"1920\" height=\"1440\" srcset=\"https:\/\/i0.wp.com\/litci.org\/es\/wp-content\/uploads\/2019\/09\/WhatsApp-Image-2019-09-12-at-14.18.55.jpeg?w=1920&amp;ssl=1 1920w, https:\/\/i0.wp.com\/litci.org\/es\/wp-content\/uploads\/2019\/09\/WhatsApp-Image-2019-09-12-at-14.18.55.jpeg?resize=300%2C225&amp;ssl=1 300w, https:\/\/i0.wp.com\/litci.org\/es\/wp-content\/uploads\/2019\/09\/WhatsApp-Image-2019-09-12-at-14.18.55.jpeg?resize=768%2C576&amp;ssl=1 768w, https:\/\/i0.wp.com\/litci.org\/es\/wp-content\/uploads\/2019\/09\/WhatsApp-Image-2019-09-12-at-14.18.55.jpeg?resize=1024%2C768&amp;ssl=1 1024w, https:\/\/i0.wp.com\/litci.org\/es\/wp-content\/uploads\/2019\/09\/WhatsApp-Image-2019-09-12-at-14.18.55.jpeg?resize=560%2C420&amp;ssl=1 560w, https:\/\/i0.wp.com\/litci.org\/es\/wp-content\/uploads\/2019\/09\/WhatsApp-Image-2019-09-12-at-14.18.55.jpeg?resize=80%2C60&amp;ssl=1 80w, https:\/\/i0.wp.com\/litci.org\/es\/wp-content\/uploads\/2019\/09\/WhatsApp-Image-2019-09-12-at-14.18.55.jpeg?resize=100%2C75&amp;ssl=1 100w, https:\/\/i0.wp.com\/litci.org\/es\/wp-content\/uploads\/2019\/09\/WhatsApp-Image-2019-09-12-at-14.18.55.jpeg?resize=180%2C135&amp;ssl=1 180w, https:\/\/i0.wp.com\/litci.org\/es\/wp-content\/uploads\/2019\/09\/WhatsApp-Image-2019-09-12-at-14.18.55.jpeg?resize=238%2C178&amp;ssl=1 238w, https:\/\/i0.wp.com\/litci.org\/es\/wp-content\/uploads\/2019\/09\/WhatsApp-Image-2019-09-12-at-14.18.55.jpeg?resize=640%2C480&amp;ssl=1 640w, https:\/\/i0.wp.com\/litci.org\/es\/wp-content\/uploads\/2019\/09\/WhatsApp-Image-2019-09-12-at-14.18.55.jpeg?resize=681%2C511&amp;ssl=1 681w\" sizes=\"auto, (max-width: 1000px) 100vw, 1000px\" \/><\/a><\/p>\n","protected":false},"excerpt":{"rendered":"<p>A un a\u00f1o del encarcelamiento de nuestro compa\u00f1ero Daniel Ruiz, preso pol\u00edtico del gobierno de Macri, acompa\u00f1e los actos de protesta que exigen su libertad en Portugal.<\/p>\n","protected":false},"author":5,"featured_media":56623,"menu_order":0,"comment_status":"closed","ping_status":"closed","sticky":false,"template":"","format":"standard","meta":{"jetpack_post_was_ever_published":false,"_jetpack_newsletter_access":"","_jetpack_dont_email_post_to_subs":false,"_jetpack_newsletter_tier_id":0,"_jetpack_memberships_contains_paywalled_content":false,"litci_post_political_author":"","_jetpack_memberships_contains_paid_content":false,"footnotes":""},"categories":[13396,2702],"tags":[6845,9488,2883],"class_list":["post-56622","post","type-post","status-publish","format-standard","has-post-thumbnail","hentry","category-daniel-ruiz","category-portugal","tag-daniel-ruiz","tag-em-luta","tag-portugal-2"],"jetpack_featured_media_url":"https:\/\/i0.wp.com\/litci.org\/es\/wp-content\/uploads\/2019\/09\/WhatsApp-Image-2019-09-12-at-14.18.55.jpeg?fit=1920%2C1440&ssl=1","fimg_url":"https:\/\/i0.wp.com\/litci.org\/es\/wp-content\/uploads\/2019\/09\/WhatsApp-Image-2019-09-12-at-14.18.55.jpeg?fit=1920%2C1440&ssl=1","categories_names":["Daniel Ruiz","Portugal"],"author_info":{"name":"Kely","pic":"https:\/\/secure.gravatar.com\/avatar\/19003bf6219614b90207b39bd4a2733ce9cf96693efdfd639b15a829beed53d1?s=96&d=mm&r=g"},"political_author":null,"tagline":"","jetpack_sharing_enabled":true,"_links":{"self":[{"href":"https:\/\/litci.org\/es\/wp-json\/wp\/v2\/posts\/56622","targetHints":{"allow":["GET"]}}],"collection":[{"href":"https:\/\/litci.org\/es\/wp-json\/wp\/v2\/posts"}],"about":[{"href":"https:\/\/litci.org\/es\/wp-json\/wp\/v2\/types\/post"}],"author":[{"embeddable":true,"href":"https:\/\/litci.org\/es\/wp-json\/wp\/v2\/users\/5"}],"replies":[{"embeddable":true,"href":"https:\/\/litci.org\/es\/wp-json\/wp\/v2\/comments?post=56622"}],"version-history":[{"count":1,"href":"https:\/\/litci.org\/es\/wp-json\/wp\/v2\/posts\/56622\/revisions"}],"predecessor-version":[{"id":56624,"href":"https:\/\/litci.org\/es\/wp-json\/wp\/v2\/posts\/56622\/revisions\/56624"}],"wp:featuredmedia":[{"embeddable":true,"href":"https:\/\/litci.org\/es\/wp-json\/wp\/v2\/media\/56623"}],"wp:attachment":[{"href":"https:\/\/litci.org\/es\/wp-json\/wp\/v2\/media?parent=56622"}],"wp:term":[{"taxonomy":"category","embeddable":true,"href":"https:\/\/litci.org\/es\/wp-json\/wp\/v2\/categories?post=56622"},{"taxonomy":"post_tag","embeddable":true,"href":"https:\/\/litci.org\/es\/wp-json\/wp\/v2\/tags?post=56622"}],"curies":[{"name":"wp","href":"https:\/\/api.w.org\/{rel}","templated":true}]}}