{"id":56401,"date":"2019-09-05T11:53:52","date_gmt":"2019-09-05T14:53:52","guid":{"rendered":"https:\/\/litci.org\/es\/?p=56401"},"modified":"2019-09-05T11:53:52","modified_gmt":"2019-09-05T14:53:52","slug":"costa-rica-defendamos-derecho-huelga-no-pongan-una-mordaza-los-trabajadores","status":"publish","type":"post","link":"https:\/\/litci.org\/es\/costa-rica-defendamos-derecho-huelga-no-pongan-una-mordaza-los-trabajadores\/","title":{"rendered":"Costa Rica | \u00a1Defendamos el derecho de huelga para que no pongan una mordaza a los trabajadores!"},"content":{"rendered":"<p><em>El gobierno y los empresarios preparan nuevos ataques contra la clase trabajadora frente a la profundizaci\u00f3n de la crisis econ\u00f3mica y la creciente deuda que consume la mayor parte del presupuesto nacional. El Plan Fiscal, con IVA incluido, no les bast\u00f3 y es seguro que vienen por m\u00e1s: nuevos impuestos, m\u00e1s recortes al presupuesto p\u00fablico, reducci\u00f3n de salarios m\u00ednimos, modificaci\u00f3n de la jornada de 8 horas bajo la llamada flexibilizaci\u00f3n laboral (12 horas, 4 d\u00edas a la semana), Educaci\u00f3n Dual para contratar sin paga mano de obra joven, privatizaci\u00f3n y cierre de instituciones p\u00fablicas para entregar esos negocios a empresas privadas \u2013como est\u00e1 sucediendo con los puertos de Lim\u00f3n y el cierre de JAPDEVA con cientos de despidos-, entre muchas otras medidas.<\/em><!--more--><\/p>\n<p>Por Jhon Vega<\/p>\n<p>Los m\u00e1s optimistas dicen que la econom\u00eda crecer\u00e1 apenas un 2%, pero en los sectores m\u00e1s importantes para el empleo nacional como la construcci\u00f3n o la industria manufacturera fuera de las Zonas Francas m\u00e1s bien decrecer\u00e1. Esto en pocas palabras significa que seguir\u00e1 aumentando la cifra de desempleados que ha crecido hasta un 11,9%, lo que equivale a casi 300 mil personas que buscaron un empleo y no lo encontraron.\u00a0 Junto a los desempleados casi un mill\u00f3n de personas est\u00e1n sumidas en la precariedad laboral, es decir, trabajan sin un empleo formal ni garant\u00edas laborales.<\/p>\n<p>Mientras tanto la vida est\u00e1 cada vez m\u00e1s cara, en un a\u00f1o el 60% de productos de la canasta b\u00e1sica aument\u00f3 de precio lo que se reflej\u00f3 en un crecimiento anual del 2,89% en los precios al consumidor.<\/p>\n<p>La combinaci\u00f3n de crisis fiscal, recortes al presupuesto p\u00fablico para pagar la deuda, desempleo y costo de vida al alza hacen que el gobierno acumule gran descontento popular. Solo en la primera semana del mes de setiembre miles de trabajadores salen a protestar junto a sectores como taxistas y pescadores; por eso al gobierno y los diputados les urge poner un tapa bocas a la clase trabajadora para lograr que sus planes avancen en este mar de penurias al que someten a los trabajadores para salvar a los grandes ricos del pa\u00eds.<\/p>\n<h4><strong>Una ley mordaza para todos los trabajadores p\u00fablicos y privados<\/strong><\/h4>\n<p>El proyecto 21.049 conocido como Ley Antihuelgas lo que busca es atar de pies y manos a toda la clase trabajadora del pa\u00eds frente a todos los abusos que seguir\u00e1n aplicando. Este proyecto es uno de los m\u00e1s grandes atentados a las libertades democr\u00e1ticas, el cual amenaza las posibilidades de expresi\u00f3n y organizaci\u00f3n de toda la clase trabajadora del pa\u00eds.<\/p>\n<p>Los proyectos que han implementado en los \u00faltimos a\u00f1os han enfrentado el rechazo de los trabajadores organizados en sindicatos del sector p\u00fablico, desde el combo del ICE (2000) hasta el plan fiscal (2018), pasando por el TLC con Estados Unidos (2007). El gobierno sin ning\u00fan reparo ha dicho que para lograr lo que quieren necesitan acabar de una vez por todas con las pocas posibilidades de que haya huelgas.<\/p>\n<p>Aunque en la empresa privada hoy los empresarios aplican una dictadura que impide a los trabajadores organizar sindicatos, m\u00e1s tarde que temprano los trabajadores tendr\u00e1n que hacerle frente para organizar la resistencia por sus salarios y condiciones de vida. Es para ese momento de resistencia que los empresarios aplauden esta ley antihuelgas para despedazar en cuesti\u00f3n de d\u00edas cualquier intento de los trabajadores privados de paralizar la producci\u00f3n y exigir sus derechos.<\/p>\n<p>Aunque hoy nos parezca extra\u00f1a y muy lejana la posibilidad de huelgas en el sector privado, en el pasado el pa\u00eds ha experimentado importantes luchas de obreros de la empresa\u00a0 privada como la gran huelga bananera de 1934 o las llamadas huelgas para\u00a0 conquistar el aguinaldo en los a\u00f1os 50\u2019s. La aprobaci\u00f3n de esa ley busca que no se repitan esas experiencias y que se profundice la dictadura antisindical que ya existe en la empresa privada.<\/p>\n<h4><strong>Lo que dice la Ley Antihuelgas<\/strong>\u00a0*<\/h4>\n<ul>\n<li>La prohibici\u00f3n de las huelgas pol\u00edticas o contra las pol\u00edticas p\u00fablicas, es decir contra las acciones que emprenda el gobierno aunque afecten a los trabajadores. Este tipo de huelgas son indispensables para enfrentar las medidas autoritarias y anti obreras de los gobiernos.<\/li>\n<\/ul>\n<ul>\n<li>Rebajar salarios desde el primer d\u00eda que inicia la huelga en el caso de declararse ilegal, algunos incluso quieren dejar de pagar salarios desde el primer d\u00eda de huelga aunque no haya declaratoria de un juzgado. Amenazar a los trabajadores con la rebaja de salarios es una clara intimidaci\u00f3n para que no recurran a ese mecanismo legal y leg\u00edtimo que es la huelga.<\/li>\n<\/ul>\n<ul>\n<li>Disolver sindicatos y declarar ilegal la huelga si hay bloqueos por considerarlos actos violentos. \u00a0Paralizar calles o salidas de empresas son medidas a las que recurren los trabajadores para presionar al gobierno y los empresarios por una soluci\u00f3n o para hacer frente a la violencia que ejerce el mismo Estado con la polic\u00eda y otros medios.<\/li>\n<\/ul>\n<ul>\n<li>Poner requisitos que obligan a resolver las huelgas en juzgados o en un arbitraje en el Misterio de Trabajo, ya sea porque est\u00e1n prohibidas del todo seg\u00fan el sector o porque obliga a presentarse ante un arbitraje. Se deja nuestros destinos en manos de los jueces o del Ministerio, que siempre quedan del lado de los ricos y poderosos.<\/li>\n<\/ul>\n<ul>\n<li>Fijar plazos y requisitos legales que son imposibles de cumplir para un grupo de trabajadores en huelga que no cuentan con recursos para contratar un abogado para su defensa o para responder en plazos cortos de apenas unas cuantas horas.<\/li>\n<\/ul>\n<ul>\n<li>Prohibir la huelga a sectores como los choferes de transporte p\u00fablico, que son de los grupos de trabajadores a los que m\u00e1s se les violentan los derechos laborales.<\/li>\n<\/ul>\n<h4><strong>Rechacemos juntos una ley antidemocr\u00e1tica contra el derecho de huelga<\/strong><\/h4>\n<p>Esta ley pretende impedir las huelgas tanto en el sector p\u00fablico como el sector privado. Surge como una reacci\u00f3n a la gran oposici\u00f3n que hubo el a\u00f1o pasado a la Reforma Fiscal y como medida preventiva ante las protestas populares que sin duda seguir\u00e1n creciendo.<\/p>\n<p>Esto no es una lucha contra \u201cabusos de los sindicatos del sector p\u00fablico\u201d como dicen el Gobierno y los diputados. Es una clara ofensiva antisindical para que no podamos defendernos de los ricos y empresarios que son los que todos los d\u00edas abusan de nuestros derechos y se roban el presupuesto p\u00fablico.<\/p>\n<p>Nosotros nos oponemos a esta ley, creemos que toda la clase trabajadora en su conjunto debe oponerse a esas medidas autoritarias. Los sindicatos del sector p\u00fablico deber\u00edan ser los m\u00e1s interesados en sumar el apoyo de los trabajadores privados sin los cuales es muy dif\u00edcil evitar la aprobaci\u00f3n de estas y otras medidas contra los trabajadores.<\/p>\n<p>Lamentablemente muchos de los sindicatos del sector p\u00fablico son dirigidos por un pu\u00f1o de bur\u00f3cratas que viven del sindicalismo y traicionan las luchas de los trabajadores. Uno de los que m\u00e1s aparece en la tele es Albino Vargas de la ANEP; nosotros como partido nos hemos opuesto y nos seguiremos oponiendo a dirigentes como estos que le hacen un gran da\u00f1o a lucha de los trabajadores. Pero no podemos pretender \u201ctirar el traste con el agua sucia\u201d, es decir, acabar con las huelgas porque repudiamos a dirigentes como Vargas. La huelga y la posibilidad de constituir sindicatos son los dos derechos m\u00e1s importantes para cualquier trabajador p\u00fablico o privado. Defender este derecho a como d\u00e9 lugar es una tarea de todos. Si se lograra aprobar esta ley sin duda nos enfrentaremos a un Estado m\u00e1s represivo, autoritario y antidemocr\u00e1tico que solo busca aplastar la voz de los trabajadores.<\/p>\n<hr class=\"wp-block-separator\" \/>\n<p><em>Nota del editor: Este art\u00edculo fue redactado y publicado d\u00edas antes de la sesi\u00f3n del plenario legislativo en el cual fue cambiado y aprobado este proyecto de ley (3 de setiembre de 2019), por lo que algunos cambios de \u00faltimo momento en el texto podr\u00edan no verse reflejados.<\/em><\/p>\n","protected":false},"excerpt":{"rendered":"<p>El gobierno y los empresarios preparan nuevos ataques contra la clase trabajadora frente a la profundizaci\u00f3n de la crisis econ\u00f3mica y la creciente deuda que consume la mayor parte del presupuesto nacional. El Plan Fiscal, con IVA incluido, no les bast\u00f3 y es seguro que vienen por m\u00e1s: nuevos impuestos, m\u00e1s recortes al presupuesto p\u00fablico, [&hellip;]<\/p>\n","protected":false},"author":5,"featured_media":56402,"menu_order":0,"comment_status":"closed","ping_status":"open","sticky":false,"template":"","format":"standard","meta":{"jetpack_post_was_ever_published":false,"_jetpack_newsletter_access":"","_jetpack_dont_email_post_to_subs":false,"_jetpack_newsletter_tier_id":0,"_jetpack_memberships_contains_paywalled_content":false,"litci_post_political_author":"","_jetpack_memberships_contains_paid_content":false,"footnotes":""},"categories":[10806,2679],"tags":[6066,11822,3504],"class_list":["post-56401","post","type-post","status-publish","format-standard","has-post-thumbnail","hentry","category-sindical","category-costa-rica","tag-derecho-de-huelga","tag-jhon-vega","tag-pt"],"jetpack_featured_media_url":"https:\/\/i0.wp.com\/litci.org\/es\/wp-content\/uploads\/2019\/09\/Huelga-Combo-Fiscal-AFP-Ezequiel-Becerra-810x525.jpg?fit=810%2C525&ssl=1","fimg_url":"https:\/\/i0.wp.com\/litci.org\/es\/wp-content\/uploads\/2019\/09\/Huelga-Combo-Fiscal-AFP-Ezequiel-Becerra-810x525.jpg?fit=810%2C525&ssl=1","categories_names":["Costa Rica","Sindical"],"author_info":{"name":"Kely","pic":"https:\/\/secure.gravatar.com\/avatar\/19003bf6219614b90207b39bd4a2733ce9cf96693efdfd639b15a829beed53d1?s=96&d=mm&r=g"},"political_author":null,"tagline":"","jetpack_sharing_enabled":true,"_links":{"self":[{"href":"https:\/\/litci.org\/es\/wp-json\/wp\/v2\/posts\/56401","targetHints":{"allow":["GET"]}}],"collection":[{"href":"https:\/\/litci.org\/es\/wp-json\/wp\/v2\/posts"}],"about":[{"href":"https:\/\/litci.org\/es\/wp-json\/wp\/v2\/types\/post"}],"author":[{"embeddable":true,"href":"https:\/\/litci.org\/es\/wp-json\/wp\/v2\/users\/5"}],"replies":[{"embeddable":true,"href":"https:\/\/litci.org\/es\/wp-json\/wp\/v2\/comments?post=56401"}],"version-history":[{"count":1,"href":"https:\/\/litci.org\/es\/wp-json\/wp\/v2\/posts\/56401\/revisions"}],"predecessor-version":[{"id":56403,"href":"https:\/\/litci.org\/es\/wp-json\/wp\/v2\/posts\/56401\/revisions\/56403"}],"wp:featuredmedia":[{"embeddable":true,"href":"https:\/\/litci.org\/es\/wp-json\/wp\/v2\/media\/56402"}],"wp:attachment":[{"href":"https:\/\/litci.org\/es\/wp-json\/wp\/v2\/media?parent=56401"}],"wp:term":[{"taxonomy":"category","embeddable":true,"href":"https:\/\/litci.org\/es\/wp-json\/wp\/v2\/categories?post=56401"},{"taxonomy":"post_tag","embeddable":true,"href":"https:\/\/litci.org\/es\/wp-json\/wp\/v2\/tags?post=56401"}],"curies":[{"name":"wp","href":"https:\/\/api.w.org\/{rel}","templated":true}]}}