{"id":56114,"date":"2019-08-21T18:07:48","date_gmt":"2019-08-21T21:07:48","guid":{"rendered":"https:\/\/litci.org\/es\/?p=56114"},"modified":"2019-08-21T18:07:48","modified_gmt":"2019-08-21T21:07:48","slug":"manifestantes-vuelven-las-calles-hong-kong-11-acto-democracia-gobierno","status":"publish","type":"post","link":"https:\/\/litci.org\/es\/manifestantes-vuelven-las-calles-hong-kong-11-acto-democracia-gobierno\/","title":{"rendered":"Manifestantes vuelven a las calles de Hong Kong en 11\u00b0 acto por democracia y contra el gobierno"},"content":{"rendered":"<p><em>Este domingo 18 de agosto, las calles de Hong Kong fueron nuevamente tomadas por un mar de manifestantes en el 11\u00b0 acto contra el gobierno, incluso bajo fuerte amenaza de intervenci\u00f3n de Beijing.<\/em><!--more--><\/p>\n<p>Por: CSP-Conlutas<\/p>\n<p>Seg\u00fan estimaciones de las organizaciones involucradas en el acto, 1,7 millones de manifestantes participaron de la protesta.<\/p>\n<p>La movilizaci\u00f3n en el pa\u00eds, que en principio se dio contra un proyecto de ley de extradici\u00f3n que permitir\u00eda que personas fuesen enviadas a la China continental para ser juzgadas, pas\u00f3 a ganar m\u00e1s amplitud en la lista de reivindicaciones, y el pueblo ahora exige m\u00e1s derechos democr\u00e1ticos y la ca\u00edda de la dictadura china que sigue quitando conquistas hist\u00f3ricas de la clase trabajadora.<\/p>\n<p>A inicios de este mes (5\/8), los trabajadores de Hong Kong realizaron una fuerte huelga general, la primera en 93 a\u00f1os. El d\u00eda de lucha llev\u00f3 a cerca de 200.000 personas a s diversas manifestaciones en las calles. La polic\u00eda, como habitualmente, actu\u00f3 con truculencia, y al menos 82 personas fueron presas.<\/p>\n<div id=\"attachment_56115\" style=\"width: 1034px\" class=\"wp-caption alignnone\"><a href=\"https:\/\/i0.wp.com\/litci.org\/es\/wp-content\/uploads\/2019\/08\/18hongkong.jpg?ssl=1\"><img data-recalc-dims=\"1\" loading=\"lazy\" decoding=\"async\" aria-describedby=\"caption-attachment-56115\" class=\"size-full wp-image-56115\" src=\"https:\/\/i0.wp.com\/litci.org\/es\/wp-content\/uploads\/2019\/08\/18hongkong.jpg?resize=1024%2C576&#038;ssl=1\" alt=\"\" width=\"1024\" height=\"576\" srcset=\"https:\/\/i0.wp.com\/litci.org\/es\/wp-content\/uploads\/2019\/08\/18hongkong.jpg?w=1024&amp;ssl=1 1024w, https:\/\/i0.wp.com\/litci.org\/es\/wp-content\/uploads\/2019\/08\/18hongkong.jpg?resize=300%2C169&amp;ssl=1 300w, https:\/\/i0.wp.com\/litci.org\/es\/wp-content\/uploads\/2019\/08\/18hongkong.jpg?resize=768%2C432&amp;ssl=1 768w, https:\/\/i0.wp.com\/litci.org\/es\/wp-content\/uploads\/2019\/08\/18hongkong.jpg?resize=747%2C420&amp;ssl=1 747w, https:\/\/i0.wp.com\/litci.org\/es\/wp-content\/uploads\/2019\/08\/18hongkong.jpg?resize=640%2C360&amp;ssl=1 640w, https:\/\/i0.wp.com\/litci.org\/es\/wp-content\/uploads\/2019\/08\/18hongkong.jpg?resize=681%2C383&amp;ssl=1 681w\" sizes=\"auto, (max-width: 1000px) 100vw, 1000px\" \/><\/a><p id=\"caption-attachment-56115\" class=\"wp-caption-text\">Multitudinaria manifestaci\u00f3n en Hong Kong. Foto: New York Times.<\/p><\/div>\n<p>El movimiento, que permanece con creciente adhesi\u00f3n popular, pide la renuncia de la jefe del gobierno de Hong Kong, Carrie Lam, figura conocidamente sumisa a los intereses de Beijing.<\/p>\n<p>En la \u00faltima Coordinaci\u00f3n Nacional de la CSP-Conlutas, realizada los d\u00edas 5, 6 y 7 de julio, la Central expres\u00f3 <a href=\"http:\/\/cspconlutas.org.br\/2019\/07\/csp-conlutas-aprova-apoio-aos-trabalhadores-e-jovens-de-hong-kong-em-luta-por-democracia\/\" target=\"_blank\" rel=\"noopener\">apoyo a la lucha del pueblo de Hong Kong<\/a> por derechos y democracia. La Red Sindical Internacional de Solidaridad y Luchas (RSISL) tambi\u00e9n divulg\u00f3 una moci\u00f3n [Conf\u00e9d\u00e9ration des syndicats de Hong Kong (HKCTU)\u00a0: appel \u00e0 la gr\u00e8ve pour le 5 ao\u00fbt &#8211;\u00a0www.laboursolidarity.org], elaborada por la central francesa Solidaires, en apoyo a la lucha de los estudiantes y trabajadores de Hong Kong.<\/p>\n<p>\u00a1Total apoyo a los manifestantes en lucha en Hong Kong!<\/p>\n<p>Traducci\u00f3n: Natalia Estrada.<\/p>\n","protected":false},"excerpt":{"rendered":"<p>Este domingo 18 de agosto, las calles de Hong Kong fueron nuevamente tomadas por un mar de manifestantes en el 11\u00b0 acto contra el gobierno, incluso bajo fuerte amenaza de intervenci\u00f3n de Beijing.<\/p>\n","protected":false},"author":4,"featured_media":56116,"menu_order":0,"comment_status":"closed","ping_status":"open","sticky":false,"template":"","format":"standard","meta":{"jetpack_post_was_ever_published":false,"_jetpack_newsletter_access":"","_jetpack_dont_email_post_to_subs":false,"_jetpack_newsletter_tier_id":0,"_jetpack_memberships_contains_paywalled_content":false,"litci_post_political_author":"","_jetpack_memberships_contains_paid_content":false,"footnotes":""},"categories":[14387,2718,2739],"tags":[14585,3465,14584,5107,14586,14583,5325],"class_list":["post-56114","post","type-post","status-publish","format-standard","has-post-thumbnail","hentry","category-hong-kong","category-china","category-juventud","tag-carrie-lam","tag-csp-conlutas","tag-gobierno-chino","tag-hong-kong","tag-huelga-general-hong-kong","tag-jovenes-en-hong-kong","tag-libertades-democraticas"],"jetpack_featured_media_url":"https:\/\/i0.wp.com\/litci.org\/es\/wp-content\/uploads\/2019\/08\/hong-kong.jpg?fit=768%2C461&ssl=1","fimg_url":"https:\/\/i0.wp.com\/litci.org\/es\/wp-content\/uploads\/2019\/08\/hong-kong.jpg?fit=768%2C461&ssl=1","categories_names":["China","Hong Kong","Juventud"],"author_info":{"name":"Administraci\u00f3n Site","pic":"https:\/\/secure.gravatar.com\/avatar\/1fc4a65db396208ca881747f59a66a20c6b8670747457224753e1e98c43f719b?s=96&d=mm&r=g"},"political_author":null,"tagline":"","jetpack_sharing_enabled":true,"_links":{"self":[{"href":"https:\/\/litci.org\/es\/wp-json\/wp\/v2\/posts\/56114","targetHints":{"allow":["GET"]}}],"collection":[{"href":"https:\/\/litci.org\/es\/wp-json\/wp\/v2\/posts"}],"about":[{"href":"https:\/\/litci.org\/es\/wp-json\/wp\/v2\/types\/post"}],"author":[{"embeddable":true,"href":"https:\/\/litci.org\/es\/wp-json\/wp\/v2\/users\/4"}],"replies":[{"embeddable":true,"href":"https:\/\/litci.org\/es\/wp-json\/wp\/v2\/comments?post=56114"}],"version-history":[{"count":1,"href":"https:\/\/litci.org\/es\/wp-json\/wp\/v2\/posts\/56114\/revisions"}],"predecessor-version":[{"id":56117,"href":"https:\/\/litci.org\/es\/wp-json\/wp\/v2\/posts\/56114\/revisions\/56117"}],"wp:featuredmedia":[{"embeddable":true,"href":"https:\/\/litci.org\/es\/wp-json\/wp\/v2\/media\/56116"}],"wp:attachment":[{"href":"https:\/\/litci.org\/es\/wp-json\/wp\/v2\/media?parent=56114"}],"wp:term":[{"taxonomy":"category","embeddable":true,"href":"https:\/\/litci.org\/es\/wp-json\/wp\/v2\/categories?post=56114"},{"taxonomy":"post_tag","embeddable":true,"href":"https:\/\/litci.org\/es\/wp-json\/wp\/v2\/tags?post=56114"}],"curies":[{"name":"wp","href":"https:\/\/api.w.org\/{rel}","templated":true}]}}