{"id":55793,"date":"2019-07-24T10:52:59","date_gmt":"2019-07-24T13:52:59","guid":{"rendered":"https:\/\/litci.org\/es\/?p=55793"},"modified":"2019-07-24T10:52:59","modified_gmt":"2019-07-24T13:52:59","slug":"colombia-los-luchadores-sociales-los-defendemos-luchando","status":"publish","type":"post","link":"https:\/\/litci.org\/es\/colombia-los-luchadores-sociales-los-defendemos-luchando\/","title":{"rendered":"Colombia | A los luchadores sociales los defendemos luchando"},"content":{"rendered":"<p><em>El asesinato sistem\u00e1tico de dirigentes y luchadores populares es la expresi\u00f3n m\u00e1s visible que adopta la lucha de clases en el pa\u00eds. Cada dos d\u00edas, en promedio, un dirigente barrial, de recuperaci\u00f3n de tierras, ind\u00edgena o campesino es v\u00edctima de los m\u00e9todos de guerra civil con que sectores de la burgues\u00eda, terratenientes y narcotraficantes imponen sus planes de sobreexplotaci\u00f3n y despojo. Al tiempo, decenas de ex combatientes de la guerrilla son abatidos por bandas paramilitares a las que ninguna instituci\u00f3n estatal les pone freno, pues se ha ido configurando un panorama similar al que vivimos desde mediados de los 80 con el genocidio a la Uni\u00f3n Patri\u00f3tica, A Luchar y al movimiento obrero y sindical.<\/em><!--more--><\/p>\n<p>El pasado 20 de julio, mientras Duque daba su discurso ante el Congreso de la Rep\u00fablica, eran asesinada la abogada Yamile Guerra, defensora del agua en el P\u00e1ramo de Santurb\u00e1n, y los dirigentes comunales Arbey Ram\u00f3n (Monta\u00f1ita, Caquet\u00e1) y Humberto D\u00edas (Gigante, Huila). Mientras el uribismo anuncia una cifra de disminuci\u00f3n de los asesinatos, la masacre a quienes luchan contin\u00faa, con la deslegitimaci\u00f3n de sus luchas por parte del gobierno.<\/p>\n<p>Todos los gobiernos anteriores cohonestaron con las bandas de asesinos. Desde los que se presentaban como democr\u00e1ticos y conciliadores, como los de Belisario y Samper, hasta los abiertamente represivos y reaccionarios, como los de Turbay y Uribe. Las bandas paramilitares florecieron por igual bajo el gobierno de Gaviria que bajo el de Pastrana.<\/p>\n<p>Los m\u00e9todos de guerra civil para enfrentar la lucha de los trabajadores y los pobres han sido, y siguen siendo, una caracter\u00edstica del r\u00e9gimen pol\u00edtico de la burgues\u00eda colombiana. Lo que se est\u00e1 dando ahora es la nueva expresi\u00f3n de ese m\u00e9todo reaccionario, con el tel\u00f3n de fondo de los acuerdos de paz. La justificaci\u00f3n social de la existencia de la guerrilla, con la que legitimaron la masacre anterior, ha sido sustituida por la justificaci\u00f3n explicada por la existencia de una supuesta lucha entre facciones que se disputan los negocios del narcotr\u00e1fico y la miner\u00eda clandestina y por la descohesi\u00f3n social que da origen a todo tipo de enfrentamientos personales y pasionales.<\/p>\n<p>Los asesinatos de los dirigentes comunales que organizan la lucha por el suelo urbano \u2013 como el de Mar\u00eda del Pilar Hurtado \u2013 y de los dirigentes ind\u00edgenas y campesinos que se colocan al frente de los procesos de restituci\u00f3n de las tierras de las que fueron despojados en el per\u00edodo anterior son encubiertos con las m\u00e1s inveros\u00edmiles historias de colaboraci\u00f3n con los c\u00e1rteles de la droga, de microtr\u00e1fico, de eventualidad por el accionar de la delincuencia com\u00fan o, simplemente, por enfrentamientos personales.<\/p>\n<p>Pero detr\u00e1s de todo, lo que sigue actuando como el motor de la violencia contra la poblaci\u00f3n pobre, y en especial contra sus l\u00edderes, es la realidad de una batalla por la tierra que no se ha resuelto en ochenta a\u00f1os de lucha y de una situaci\u00f3n de pobreza y desigualdad que configuran una caldera social que no encuentra un desfogue hacia adelante por el papel entreguista y traidor del conjunto de las direcciones mayoritarias de la izquierda, los trabajadores y las organizaciones sociales.<\/p>\n<p>La incapacidad \u2013 en gran medida consciente \u2013 de la dirigencia de las organizaciones de los trabajadores y del movimiento social, para organizar y unificar las luchas pol\u00edticas, sociales y econ\u00f3micas de la clase trabajadora y los pobres, deja a los luchadores a merced de las bandas militares y paramilitares que act\u00faan regionalmente al amparo de los gobiernos y los gamonales locales.<\/p>\n<p>Ning\u00fan sector pol\u00edtico burgu\u00e9s, ninguna iglesia, ning\u00fan gremio econ\u00f3mico est\u00e1 realmente en contra de los asesinatos. El gobierno de Duque demag\u00f3gicamente dice combatir a las bandas de asesinos al servicio de los terratenientes y de la burgues\u00eda, cuando todos sabemos que a nivel nacional esas organizaciones act\u00faan con el benepl\u00e1cito de la fuerza p\u00fablica y los gobernantes. Y las direcciones de las organizaciones reformistas, incluyendo la direcci\u00f3n del nuevo partido de la Farc, se limitan a hacer llamados al gobierno a que proteja a los dirigentes y los desmovilizados, y a que garantice el respeto a los \u201cderechos humanos\u201d. Conf\u00edan en el r\u00e9gimen y en el Estado burgu\u00e9s y llaman a sus bases a confiar en ellos, como si la vida se protegiera con poemas o flores o llamados a la reconciliaci\u00f3n. De hecho, est\u00e1n repitiendo la experiencia vivida por la Uni\u00f3n Patri\u00f3tica y el resultado ser\u00e1 similar si no hay respuesta de la clase trabajadora y los sectores sociales y pol\u00edticos involucrados.<\/p>\n<p>La orientaci\u00f3n para poner freno a los asesinatos y las amenazas no va a venir de los sectores de la burgues\u00eda que de palabra defienden los acuerdos de paz, ni de los partidos reformistas. La respuesta solo puede venir de las organizaciones sociales y de los propios amenazados. La respuesta debe ser la movilizaci\u00f3n de las organizaciones sociales para frenar esta masacre, que por cada asesinato de un luchador social se haga de inmediato un paro nacional.<\/p>\n<p>\u00a1\u00a1\u00a1 Ante cada asesinato, Paro Nacional Inmediato !!!<br \/>\n\u00a1\u00a1\u00a1 No m\u00e1s luchadoras y luchadores sociales asesinados !!!<br \/>\n\u00a1\u00a1\u00a1 El Gobierno de Duque es responsable de los cr\u00edmenes de los luchadores sociales !!!<\/p>\n","protected":false},"excerpt":{"rendered":"<p>El asesinato sistem\u00e1tico de dirigentes y luchadores populares es la expresi\u00f3n m\u00e1s visible que adopta la lucha de clases en el pa\u00eds. Cada dos d\u00edas, en promedio, un dirigente barrial, de recuperaci\u00f3n de tierras, ind\u00edgena o campesino es v\u00edctima de los m\u00e9todos de guerra civil con que sectores de la burgues\u00eda, terratenientes y narcotraficantes imponen [&hellip;]<\/p>\n","protected":false},"author":5,"featured_media":55794,"menu_order":0,"comment_status":"closed","ping_status":"open","sticky":false,"template":"","format":"standard","meta":{"jetpack_post_was_ever_published":false,"_jetpack_newsletter_access":"","_jetpack_dont_email_post_to_subs":false,"_jetpack_newsletter_tier_id":0,"_jetpack_memberships_contains_paywalled_content":false,"litci_post_political_author":"","_jetpack_memberships_contains_paid_content":false,"footnotes":""},"categories":[2678],"tags":[3379,2949,3473],"class_list":["post-55793","post","type-post","status-publish","format-standard","has-post-thumbnail","hentry","category-colombia","tag-asesinatos","tag-colombia-2","tag-pst"],"jetpack_featured_media_url":"https:\/\/i0.wp.com\/litci.org\/es\/wp-content\/uploads\/2019\/07\/67363882_1931952740238100_5943680923106017280_n.jpg?fit=960%2C960&ssl=1","fimg_url":"https:\/\/i0.wp.com\/litci.org\/es\/wp-content\/uploads\/2019\/07\/67363882_1931952740238100_5943680923106017280_n.jpg?fit=960%2C960&ssl=1","categories_names":["Colombia"],"author_info":{"name":"Kely","pic":"https:\/\/secure.gravatar.com\/avatar\/19003bf6219614b90207b39bd4a2733ce9cf96693efdfd639b15a829beed53d1?s=96&d=mm&r=g"},"political_author":null,"tagline":"","jetpack_sharing_enabled":true,"_links":{"self":[{"href":"https:\/\/litci.org\/es\/wp-json\/wp\/v2\/posts\/55793","targetHints":{"allow":["GET"]}}],"collection":[{"href":"https:\/\/litci.org\/es\/wp-json\/wp\/v2\/posts"}],"about":[{"href":"https:\/\/litci.org\/es\/wp-json\/wp\/v2\/types\/post"}],"author":[{"embeddable":true,"href":"https:\/\/litci.org\/es\/wp-json\/wp\/v2\/users\/5"}],"replies":[{"embeddable":true,"href":"https:\/\/litci.org\/es\/wp-json\/wp\/v2\/comments?post=55793"}],"version-history":[{"count":1,"href":"https:\/\/litci.org\/es\/wp-json\/wp\/v2\/posts\/55793\/revisions"}],"predecessor-version":[{"id":55795,"href":"https:\/\/litci.org\/es\/wp-json\/wp\/v2\/posts\/55793\/revisions\/55795"}],"wp:featuredmedia":[{"embeddable":true,"href":"https:\/\/litci.org\/es\/wp-json\/wp\/v2\/media\/55794"}],"wp:attachment":[{"href":"https:\/\/litci.org\/es\/wp-json\/wp\/v2\/media?parent=55793"}],"wp:term":[{"taxonomy":"category","embeddable":true,"href":"https:\/\/litci.org\/es\/wp-json\/wp\/v2\/categories?post=55793"},{"taxonomy":"post_tag","embeddable":true,"href":"https:\/\/litci.org\/es\/wp-json\/wp\/v2\/tags?post=55793"}],"curies":[{"name":"wp","href":"https:\/\/api.w.org\/{rel}","templated":true}]}}