{"id":54765,"date":"2019-05-13T10:28:29","date_gmt":"2019-05-13T13:28:29","guid":{"rendered":"https:\/\/litci.org\/es\/?p=54765"},"modified":"2019-05-13T10:28:29","modified_gmt":"2019-05-13T13:28:29","slug":"los-refugiados-nicaraguenses-costa-rica-la-xenofobia-la-miseria","status":"publish","type":"post","link":"https:\/\/litci.org\/es\/los-refugiados-nicaraguenses-costa-rica-la-xenofobia-la-miseria\/","title":{"rendered":"Los refugiados nicarag\u00fcenses en Costa Rica: entre la xenofobia y la miseria"},"content":{"rendered":"<p><em>Se cumpli\u00f3 un a\u00f1o del levantamiento popular contra la dictadura Orteguista y las causas del conflicto siguen sin resolverse: las condiciones de vida se deterioran m\u00e1s, al igual que la represi\u00f3n, asesinatos y desaparecidos. Otro indicador de que la situaci\u00f3n pol\u00edtica en Nicaragua sigue siendo ca\u00f3tica es el incremento de los refugiados.<\/em><!--more--><\/p>\n<p>Por PT-Costa Rica<\/p>\n<p>Seg\u00fan la CIDH, m\u00e1s de 50.000 nicarag\u00fcenses han ingresado a Costa Rica, entre estudiantes, funcionarios p\u00fablicos, obreros y campesinos, adem\u00e1s de dirigentes del movimiento popular y sindical. Del total de estos nicarag\u00fcenses, unos 40.386 solicitaron al gobierno la necesidad de protecci\u00f3n. Este a\u00f1o, Costa Rica recibi\u00f3 m\u00e1s de 20.000 solicitudes de refugio por parte de nicarag\u00fcenses<a href=\"http:\/\/socialismohoy.com\/los-refugiados-nicaraguenses-en-costa-rica-entre-la-xenofobia-y-la-miseria\/#_ftn1\" name=\"_ftnref1\" target=\"_blank\" rel=\"noopener\">[1]<\/a>.<\/p>\n<p>Ellos huyen de la situaci\u00f3n econ\u00f3mica de un r\u00e9gimen abiertamente capitalista que no para de atacar los bolsillos de la clase trabajadora, y tambi\u00e9n por la cruda represi\u00f3n. A inicios de a\u00f1o se reportaron 561 asesinados, 1300 desaparecidos y 400 heridos por las acciones de grupos paramilitares y las fuerzas represivas de la dictadura orteguista, cifra que sin duda aumenta cada d\u00eda.<a href=\"http:\/\/socialismohoy.com\/los-refugiados-nicaraguenses-en-costa-rica-entre-la-xenofobia-y-la-miseria\/#_ftn2\" name=\"_ftnref2\" target=\"_blank\" rel=\"noopener\">[2]<\/a><\/p>\n<p><strong>Condiciones de los refugiados en Costa Rica<\/strong><\/p>\n<p>Cuando llegan a Costa Rica su situaci\u00f3n no presenta grandes mejor\u00edas. Son v\u00edctima de la xenofobia impulsada por los medios de comunicaci\u00f3n y los ricos que buscan dividir a la clase trabajadora para \u201cecharle la culpa a los nicas\u201d de la delincuencia, la pobreza y el desempleo que vive el pa\u00eds. Producto de esta ola de odio nacionalista, se organiz\u00f3 un movimiento xen\u00f3fobo que lleg\u00f3 a sumar a 400 personas para atacar migrantes en el parque La Merced.<\/p>\n<p>La misma situaci\u00f3n de pobreza que enfrentaron en Nicaragua la viven o m\u00e1s bien se recrudece en suelo costarricense. Muchos dependen de las ayudas sociales; quienes consiguen empleo sufren condiciones de superexplotaci\u00f3n, sin seguridad social ni salario m\u00ednimo en sectores como la construcci\u00f3n, las plantaciones agr\u00edcolas o cafetaleras y servicio dom\u00e9stico.<\/p>\n<p>Las mujeres enfrentan con mayor dificultad la opresi\u00f3n y la explotaci\u00f3n. Desde su viaje enfrentan situaciones de trata y coyotaje; ya en suelo costarricense su salario es m\u00e1s bajo que el de los hombres que ya de por s\u00ed es bastante miserable. Esto se suma al acoso laboral y sexual a que son sometidas en los centros de trabajo.<\/p>\n<p>En este drama que representa el aumento de refugiados, el gobierno Carlos Alvarado se coloc\u00f3 del lado de los patronos que solo valoran a los migrantes como mano de obra barata. Esto lo decimos porque no garantiza la legalizaci\u00f3n de su situaci\u00f3n migratoria, ni tampoco el Ministerio de Trabajo ejerce efectivos controles para garantizar el cumplimiento de la legislaci\u00f3n laboral. M\u00e1s all\u00e1 de la ret\u00f3rica contra Ortega, en los hechos su pol\u00edtica neoliberal es igual a la del dictador: descargar sobre la clase trabajadora los costos de la crisis.<\/p>\n<p><strong>La crisis de los refugiados es la crisis del capitalismo<\/strong><\/p>\n<p>Tal y como sucede en Siria, Venezuela o los pa\u00edses africanos, el aumento de la inmigraci\u00f3n y los refugiados es un reflejo de la crisis del sistema capitalista en todo el mundo, el cual no asegura las necesidades b\u00e1sicas ni las libertades democr\u00e1ticas para la clase trabajadora.<\/p>\n<p>Por eso, exigimos al gobierno de Alvarado que tramite la legalizaci\u00f3n de la situaci\u00f3n migratoria de los refugiados y garantice las condiciones de trabajo, salud y vivienda para todos los refugiados que huyen de la crisis.<\/p>\n<p>Hoy m\u00e1s que nunca levantamos la consiga \u201cnacional o extranjera, la misma clase obrera\u201d tanto como elemento fundamental de solidaridad con los refugiados sino para organizar las luchas a nivel regional contra las pol\u00edticas neoliberales, por el Fuera Ortega y la liberaci\u00f3n de los presos pol\u00edticos.<\/p>\n<p>Notas:<\/p>\n<p><a href=\"http:\/\/socialismohoy.com\/los-refugiados-nicaraguenses-en-costa-rica-entre-la-xenofobia-y-la-miseria\/#_ftnref1\" name=\"_ftn1\" target=\"_blank\" rel=\"noopener\">[1]<\/a>\u00a0<a href=\"https:\/\/www.france24.com\/es\/20181116-refugiados-nicaraguenses-costa-rica\" target=\"_blank\" rel=\"noopener\">https:\/\/www.france24.com\/es\/20181116-refugiados-nicaraguenses-costa-rica<\/a><\/p>\n<p><a href=\"http:\/\/socialismohoy.com\/los-refugiados-nicaraguenses-en-costa-rica-entre-la-xenofobia-y-la-miseria\/#_ftnref2\" name=\"_ftn2\" target=\"_blank\" rel=\"noopener\">[2]<\/a>\u00a0https:\/\/www.infobae.com\/america\/america-latina\/2019\/01\/09\/la-represion-del-regimen-de-daniel-ortega-en-nicaragua-acumula-561-muertos-y-4-578-heridos-desde-el-18-de-abril\/<\/p>\n","protected":false},"excerpt":{"rendered":"<p>Se cumpli\u00f3 un a\u00f1o del levantamiento popular contra la dictadura Orteguista y las causas del conflicto siguen sin resolverse: las condiciones de vida se deterioran m\u00e1s, al igual que la represi\u00f3n, asesinatos y desaparecidos. Otro indicador de que la situaci\u00f3n pol\u00edtica en Nicaragua sigue siendo ca\u00f3tica es el incremento de los refugiados.<\/p>\n","protected":false},"author":5,"featured_media":51814,"menu_order":0,"comment_status":"closed","ping_status":"open","sticky":false,"template":"","format":"standard","meta":{"jetpack_post_was_ever_published":false,"_jetpack_newsletter_access":"","_jetpack_dont_email_post_to_subs":false,"_jetpack_newsletter_tier_id":0,"_jetpack_memberships_contains_paywalled_content":false,"litci_post_political_author":"","_jetpack_memberships_contains_paid_content":false,"footnotes":""},"categories":[12299,2679,2686],"tags":[2875,12632,12467,3504,5375],"class_list":["post-54765","post","type-post","status-publish","format-standard","has-post-thumbnail","hentry","category-inmigrantes","category-costa-rica","category-nicaragua","tag-costa-rica-2","tag-fuera-ortega","tag-nicaragua","tag-pt","tag-xenofobia"],"jetpack_featured_media_url":"https:\/\/i0.wp.com\/litci.org\/es\/wp-content\/uploads\/2018\/11\/2018-04-24T024447Z_338489585_RC176A412D90_RTRMADP_3_NICARAGUA-PROTEST.jpg?fit=3500%2C2334&ssl=1","fimg_url":"https:\/\/i0.wp.com\/litci.org\/es\/wp-content\/uploads\/2018\/11\/2018-04-24T024447Z_338489585_RC176A412D90_RTRMADP_3_NICARAGUA-PROTEST.jpg?fit=3500%2C2334&ssl=1","categories_names":["Costa Rica","Inmigrantes","Nicaragua"],"author_info":{"name":"Kely","pic":"https:\/\/secure.gravatar.com\/avatar\/19003bf6219614b90207b39bd4a2733ce9cf96693efdfd639b15a829beed53d1?s=96&d=mm&r=g"},"political_author":null,"tagline":"","jetpack_sharing_enabled":true,"_links":{"self":[{"href":"https:\/\/litci.org\/es\/wp-json\/wp\/v2\/posts\/54765","targetHints":{"allow":["GET"]}}],"collection":[{"href":"https:\/\/litci.org\/es\/wp-json\/wp\/v2\/posts"}],"about":[{"href":"https:\/\/litci.org\/es\/wp-json\/wp\/v2\/types\/post"}],"author":[{"embeddable":true,"href":"https:\/\/litci.org\/es\/wp-json\/wp\/v2\/users\/5"}],"replies":[{"embeddable":true,"href":"https:\/\/litci.org\/es\/wp-json\/wp\/v2\/comments?post=54765"}],"version-history":[{"count":1,"href":"https:\/\/litci.org\/es\/wp-json\/wp\/v2\/posts\/54765\/revisions"}],"predecessor-version":[{"id":54767,"href":"https:\/\/litci.org\/es\/wp-json\/wp\/v2\/posts\/54765\/revisions\/54767"}],"wp:featuredmedia":[{"embeddable":true,"href":"https:\/\/litci.org\/es\/wp-json\/wp\/v2\/media\/51814"}],"wp:attachment":[{"href":"https:\/\/litci.org\/es\/wp-json\/wp\/v2\/media?parent=54765"}],"wp:term":[{"taxonomy":"category","embeddable":true,"href":"https:\/\/litci.org\/es\/wp-json\/wp\/v2\/categories?post=54765"},{"taxonomy":"post_tag","embeddable":true,"href":"https:\/\/litci.org\/es\/wp-json\/wp\/v2\/tags?post=54765"}],"curies":[{"name":"wp","href":"https:\/\/api.w.org\/{rel}","templated":true}]}}