{"id":53847,"date":"2019-04-09T10:08:14","date_gmt":"2019-04-09T12:08:14","guid":{"rendered":"https:\/\/litci.org\/es\/?p=53847"},"modified":"2019-04-09T10:08:14","modified_gmt":"2019-04-09T12:08:14","slug":"8-marzo-una-gran-jornada-lucha","status":"publish","type":"post","link":"https:\/\/litci.org\/es\/8-marzo-una-gran-jornada-lucha\/","title":{"rendered":"8 de marzo, una gran jornada de lucha"},"content":{"rendered":"<p align=\"JUSTIFY\"><em>El 8M volvi\u00f3 a ser una grand\u00edsima jornada de lucha con huelga, paros y movilizaciones por todo el territorio estatal, incluso donde nunca se hab\u00edan dado. Un 8 de Marzo masivo, que volvi\u00f3 a ser referencia mundial. Y aunque la participaci\u00f3n era muy heterog\u00e9nea, las y los estudiantes, en especial de secundaria, volvieron a llenar las calles, destacando tambi\u00e9n la presencia de trabajadoras j\u00f3venes de los sectores m\u00e1s precarizados.<\/em><!--more--><\/p>\n<p align=\"JUSTIFY\">Por Laura R.<\/p>\n<p align=\"JUSTIFY\">Pero para que esta gran jornada de lucha no acabe convirti\u00e9ndose \u00fanicamente en un d\u00eda festivo y de desahogo social, estamos obligadas a abrir un debate que nos permita se\u00f1alar sus l\u00edmites y peligros y c\u00f3mo superarlos.<\/p>\n<p align=\"JUSTIFY\"><b>\u00bfHacia d\u00f3nde camina la \u201cHuelga feminista\u201d?<\/b><\/p>\n<p lang=\"es-ES\" align=\"JUSTIFY\">Es cierto que los paros tuvieron amplio seguimiento en algunos sectores laborales y una minor\u00eda secund\u00f3 la huelga de 24 horas.Pero salvo en estudiantes, no podemos afirmar que hubo Huelga General y se paraliz\u00f3 la producci\u00f3n, que es lo que las mujeres hubi\u00e9ramos necesitado.<\/p>\n<p lang=\"zxx\" align=\"JUSTIFY\">Tampoco hubo Huelga feminista. Muchas mujeres no se sintieron interpeladas a parar, ya que pese a la convocatoria y cobertura legal existente, no se las llam\u00f3 a asambleas en sus lugares de trabajo donde debatir la huelga, ni se prepararon en serio los piquetes que caracterizan toda huelga general.<\/p>\n<p align=\"JUSTIFY\">Esta Jornada de lucha no puede ser un d\u00eda donde a las acciones de protesta se sumen miembros del gobierno y representantes de instituciones, o que incluso las acaben encabezando. Tampoco servir para que empresarios y empresarias, c\u00f3mplices de nuestra explotaci\u00f3n, aprovechen el d\u00eda para hacer caja. Por eso no es exagerado decir que si se contin\u00faa por este camino, hay un riesgo real de que el 8M se acabe convirtiendo en otro 28J, D\u00eda del Orgullo Gay, en el que gobiernos e instituciones aparecen como gobiernos democr\u00e1ticos y tolerantes con la diversidad sexual ese d\u00eda, mientras las empresas aprovechan para obtener ping\u00fces beneficios econ\u00f3micos.<\/p>\n<p align=\"JUSTIFY\">En cuanto a la Huelga de cuidados, que era otro de los ejes, tiene sentido y es correcto llamar a los hombres a organizarse y encargarse de los cuidados y las tareas dom\u00e9sticas ese d\u00eda, para facilitar el paro femenino y que las mujeres estuvi\u00e9semos a la cabeza de la jornada. Pero creemos que realidad, en cada lucha habr\u00eda que reorganizar esas tareas para lograr una participaci\u00f3n e implicaci\u00f3n igual de hombres y mujeres. Desde CR peleamos para que las organizaciones pol\u00edticas, sindicales o estudiantiles de clase, se doten de mecanismos permanentes para asegurarlo.<\/p>\n<p align=\"JUSTIFY\"><span lang=\"zxx\">Llamar a las mujeres a parar los cuidados para pedir una mayor \u201cdistribuci\u00f3n y responsabilidad social del mismo\u201d nos parece insufi<\/span>ciente porque no va a la ra\u00edz del problema.Necesitamos levantar reivindicaciones pol\u00edticas y econ\u00f3micas concretas, que atenten contra las estructuras del poder pol\u00edtico y el sistema econ\u00f3mico que vivimos, que legitiman esta divisi\u00f3n social injusta del trabajo.La huelga, que supone un gran esfuerzo para quienes la llevan a cabo, es una herramienta de la clase trabajadora, en este caso con las mujeres a la cabeza, para exigir a gobiernos e instituciones y a la patronal, medidas sociales y laborales<b>\u00a0<\/b>concretas y necesarias.<\/p>\n<p align=\"JUSTIFY\">Por todo ello, pensamos que es necesario dar continuidad a un debate que est\u00e1 instalado en el movimiento feminista:<b>\u00a0existe un amplio acuerdo sobre la necesidad y legitimidad de esta huelga. Pero no lo hay sobre qui\u00e9n, c\u00f3mo y por qu\u00e9 tiene que salir a la huelga el 8 de Marzo.<\/b>\u00a0Consideramos equivocado creer que si SOLO las mujeres paramos, se para el mundo.Porque entonces ni los gobiernos se sienten interpelados, ni la patronal siente el golpe, ya que a ellos s\u00f3lo les duele su bolsillo y no la vida de las mujeres<\/p>\n<p align=\"JUSTIFY\"><b>\u00bfY ahora, c\u00f3mo continuar la lucha?<\/b><\/p>\n<p align=\"JUSTIFY\">El 8M,que es expresi\u00f3n de la lucha de clases actual, ha logrado unificar la lucha entre distintos sectores y poner encima de la mesa tareas clave y reivindicaciones, que son DEL CONJUNTO de la clase trabajadora.<\/p>\n<p align=\"JUSTIFY\"><b>No hay salida a la violencia machista y a la desigualdad, sin lucha obrera y sin cambiar las reglas del juego que nos impone este sistema capitalista y este r\u00e9gimen antidemocr\u00e1tico.<\/b><\/p>\n<p align=\"JUSTIFY\">Acabar con la brecha salarial y en pensiones, con nuestra mayor tasa de paro, precariedad y pobreza, con el aumento de la violencia machista y la impunidad frente a ella o poner en marcha Servicios p\u00fablicos y Pol\u00edticas de igualdad exige:<\/p>\n<p align=\"JUSTIFY\">-Derogar las reformas laborales y en pensiones del PPSOE<\/p>\n<p align=\"JUSTIFY\">\u2013 Depurar este sistema judicial lleno de jueces y juezas machistas y no s\u00f3lo cambiar las leyes<\/p>\n<p align=\"JUSTIFY\">\u2013 Ruptura del Concordato para una verdadera separaci\u00f3n Estado-Iglesia y el f\u00edn de los privilegios de esta instituci\u00f3n que justifica y legitima nuestra opresi\u00f3n.<\/p>\n<p align=\"JUSTIFY\">\u2013 Derogar el art 135, suspender el pago de la Deuda p\u00fablica hasta garantizar las necesidades sociales y enfrentar el ajuste al d\u00e9ficit que nos impone la UE.<\/p>\n","protected":false},"excerpt":{"rendered":"<p>El 8M volvi\u00f3 a ser una grand\u00edsima jornada de lucha con huelga, paros y movilizaciones por todo el territorio estatal, incluso donde nunca se hab\u00edan dado. Un 8 de Marzo masivo, que volvi\u00f3 a ser referencia mundial. Y aunque la participaci\u00f3n era muy heterog\u00e9nea, las y los estudiantes, en especial de secundaria, volvieron a llenar [&hellip;]<\/p>\n","protected":false},"author":5,"featured_media":53848,"menu_order":0,"comment_status":"closed","ping_status":"open","sticky":false,"template":"","format":"standard","meta":{"jetpack_post_was_ever_published":false,"_jetpack_newsletter_access":"","_jetpack_dont_email_post_to_subs":false,"_jetpack_newsletter_tier_id":0,"_jetpack_memberships_contains_paywalled_content":false,"litci_post_political_author":"","_jetpack_memberships_contains_paid_content":false,"footnotes":""},"categories":[13906,2697,2738],"tags":[13907,12269,13704],"class_list":["post-53847","post","type-post","status-publish","format-standard","has-post-thumbnail","hentry","category-8m-2019","category-estado-espanol","category-mujeres","tag-8menelmundo","tag-huelga-feminista","tag-laura-r"],"jetpack_featured_media_url":"https:\/\/i0.wp.com\/litci.org\/es\/wp-content\/uploads\/2019\/04\/D1OMRmKXQAIpw1Z-750x350.jpg?fit=750%2C350&ssl=1","fimg_url":"https:\/\/i0.wp.com\/litci.org\/es\/wp-content\/uploads\/2019\/04\/D1OMRmKXQAIpw1Z-750x350.jpg?fit=750%2C350&ssl=1","categories_names":["8M 2019","Estado Espa\u00f1ol","Mujeres"],"author_info":{"name":"Kely","pic":"https:\/\/secure.gravatar.com\/avatar\/19003bf6219614b90207b39bd4a2733ce9cf96693efdfd639b15a829beed53d1?s=96&d=mm&r=g"},"political_author":null,"tagline":"","jetpack_sharing_enabled":true,"_links":{"self":[{"href":"https:\/\/litci.org\/es\/wp-json\/wp\/v2\/posts\/53847","targetHints":{"allow":["GET"]}}],"collection":[{"href":"https:\/\/litci.org\/es\/wp-json\/wp\/v2\/posts"}],"about":[{"href":"https:\/\/litci.org\/es\/wp-json\/wp\/v2\/types\/post"}],"author":[{"embeddable":true,"href":"https:\/\/litci.org\/es\/wp-json\/wp\/v2\/users\/5"}],"replies":[{"embeddable":true,"href":"https:\/\/litci.org\/es\/wp-json\/wp\/v2\/comments?post=53847"}],"version-history":[{"count":1,"href":"https:\/\/litci.org\/es\/wp-json\/wp\/v2\/posts\/53847\/revisions"}],"predecessor-version":[{"id":53849,"href":"https:\/\/litci.org\/es\/wp-json\/wp\/v2\/posts\/53847\/revisions\/53849"}],"wp:featuredmedia":[{"embeddable":true,"href":"https:\/\/litci.org\/es\/wp-json\/wp\/v2\/media\/53848"}],"wp:attachment":[{"href":"https:\/\/litci.org\/es\/wp-json\/wp\/v2\/media?parent=53847"}],"wp:term":[{"taxonomy":"category","embeddable":true,"href":"https:\/\/litci.org\/es\/wp-json\/wp\/v2\/categories?post=53847"},{"taxonomy":"post_tag","embeddable":true,"href":"https:\/\/litci.org\/es\/wp-json\/wp\/v2\/tags?post=53847"}],"curies":[{"name":"wp","href":"https:\/\/api.w.org\/{rel}","templated":true}]}}