{"id":53832,"date":"2019-04-08T09:56:36","date_gmt":"2019-04-08T11:56:36","guid":{"rendered":"https:\/\/litci.org\/es\/?p=53832"},"modified":"2019-04-08T09:56:36","modified_gmt":"2019-04-08T11:56:36","slug":"itaipu-2023-grandes-desafios-la-clase-trabajadora","status":"publish","type":"post","link":"https:\/\/litci.org\/es\/itaipu-2023-grandes-desafios-la-clase-trabajadora\/","title":{"rendered":"\u00a0Itaip\u00fa 2023: grandes desaf\u00edos para la clase trabajadora\u00a0"},"content":{"rendered":"<p><strong>Parte I<\/strong><\/p>\n<p><em>El Tratado de Itaip\u00fa en su Anexo C establece el 2023 como \u00fanica fecha obligatoria para la revisi\u00f3n del mismo Anexo que establece las condiciones del abastecimiento el\u00e9ctrico, del costo del servicio de electricidad, de los ingresos. <\/em><\/p>\n<p>Por PT-Paraguay<\/p>\n<p>Este art\u00edculo es el primero de una serie donde intentaremos esbozar las implicancias para Paraguay del Tratado de Itaip\u00fa, hacer un recuento de la historia del movimiento social por hacer efectiva la soberan\u00eda hidroel\u00e9ctrica y, finalmente, lo que se juega en el 2023, los desaf\u00edos que tenemos la clase trabajadora paraguaya y la brasile\u00f1a en torno a las negociaciones de ambos gobiernos.<\/p>\n<p><strong>ANTECEDENTES <\/strong><\/p>\n<p>El Brasil proyect\u00f3, ya desde la d\u00e9cada de 1950, la posibilidad de aprovechar el potencial hidroel\u00e9ctrico del r\u00edo Paran\u00e1.<\/p>\n<p>Fue el Ing. Ot\u00e1vio Marcondes Ferr\u00e1s el primero que plante\u00f3 aprovechar el potencial hidroel\u00e9ctrico del r\u00edo Paran\u00e1. Cabe destacar que su propuesta era ningunear al Paraguay, desviando el Paran\u00e1 de su curso aguas arriba del Salto del Guair\u00e1 por territorio brasile\u00f1o, proponiendo poner la casa de m\u00e1quinas en territorio brasile\u00f1o y verter las aguas ya turbinadas al r\u00edo lim\u00edtrofe.<\/p>\n<p>La zona estaba en negociaci\u00f3n de l\u00edmites desde 1872, luego de la Guerra de la Triple Alianza. En la d\u00e9cada de 1960, los trabajos de demarcaci\u00f3n de l\u00edmites se paralizaron, las FFAA brasile\u00f1as ocuparon terreno reclamado por el Paraguay como soberano, en la zona denominada de Puerto Renato. En respuesta a ese atropello se realizaron movilizaciones estudiantiles en Paraguay a pesar de la f\u00e9rrea dictadura stronista de la \u00e9poca.<\/p>\n<p>Bajo la presi\u00f3n de las movilizaciones, el 22 de junio de 1966 se firm\u00f3 el Acta de Foz de Yguaz\u00fa, en la cual se establece que la energ\u00eda comprendida entre la desembocadura del r\u00edo Yguaz\u00fa y el Salto del Guair\u00e1, inclusive, le pertenece al Paraguay y al Brasil en condominio, y \u201cser\u00e1 dividida en partes iguales entre los dos pa\u00edses, siendo reconocido a cada uno de ellos el derecho de preferencia para la adquisici\u00f3n de esta misma energ\u00eda a justo precio\u201d<\/p>\n<p><strong>EL TRATADO Y LOS INTERESES DEL PARAGUAY<\/strong><\/p>\n<p>\u201cEl derecho de adquisici\u00f3n\u201d, establecido en el art\u00edculo XIII del Tratado de Itaip\u00fa habla simplemente del derecho del Brasil de adquirir la energ\u00eda que el Paraguay no consuma (se quit\u00f3 la palabra preferencia) ello le dio pie al Brasil a interpretar que se trataba de un derecho absoluto y que el Paraguay perd\u00eda su soberan\u00eda hidroel\u00e9ctrica, lo que no est\u00e1 escrito de ninguna manera. Sin embargo as\u00ed se ha operado.<\/p>\n<div id=\"attachment_53833\" style=\"width: 2374px\" class=\"wp-caption aligncenter\"><a href=\"https:\/\/i0.wp.com\/litci.org\/es\/wp-content\/uploads\/2019\/04\/firma-de-tratado-40-ac3b1os-1.jpg?ssl=1\"><img data-recalc-dims=\"1\" loading=\"lazy\" decoding=\"async\" aria-describedby=\"caption-attachment-53833\" class=\"size-full wp-image-53833\" src=\"https:\/\/i0.wp.com\/litci.org\/es\/wp-content\/uploads\/2019\/04\/firma-de-tratado-40-ac3b1os-1.jpg?resize=2364%2C924&#038;ssl=1\" alt=\"\" width=\"2364\" height=\"924\" srcset=\"https:\/\/i0.wp.com\/litci.org\/es\/wp-content\/uploads\/2019\/04\/firma-de-tratado-40-ac3b1os-1.jpg?w=2364&amp;ssl=1 2364w, https:\/\/i0.wp.com\/litci.org\/es\/wp-content\/uploads\/2019\/04\/firma-de-tratado-40-ac3b1os-1.jpg?resize=300%2C117&amp;ssl=1 300w, https:\/\/i0.wp.com\/litci.org\/es\/wp-content\/uploads\/2019\/04\/firma-de-tratado-40-ac3b1os-1.jpg?resize=768%2C300&amp;ssl=1 768w, https:\/\/i0.wp.com\/litci.org\/es\/wp-content\/uploads\/2019\/04\/firma-de-tratado-40-ac3b1os-1.jpg?resize=1024%2C400&amp;ssl=1 1024w, https:\/\/i0.wp.com\/litci.org\/es\/wp-content\/uploads\/2019\/04\/firma-de-tratado-40-ac3b1os-1.jpg?resize=1075%2C420&amp;ssl=1 1075w, https:\/\/i0.wp.com\/litci.org\/es\/wp-content\/uploads\/2019\/04\/firma-de-tratado-40-ac3b1os-1.jpg?resize=640%2C250&amp;ssl=1 640w, https:\/\/i0.wp.com\/litci.org\/es\/wp-content\/uploads\/2019\/04\/firma-de-tratado-40-ac3b1os-1.jpg?resize=681%2C266&amp;ssl=1 681w, https:\/\/i0.wp.com\/litci.org\/es\/wp-content\/uploads\/2019\/04\/firma-de-tratado-40-ac3b1os-1.jpg?w=2000 2000w\" sizes=\"auto, (max-width: 1000px) 100vw, 1000px\" \/><\/a><p id=\"caption-attachment-53833\" class=\"wp-caption-text\">Firma del Tratado de Itaip\u00fa<\/p><\/div>\n<p>\u201cCompensaci\u00f3n por la cesi\u00f3n de energ\u00eda\u201d, ni precio justo, ni precio de mercado, sino compensaci\u00f3n de la energ\u00eda cedida, 0,3 US$\/MWh, en la \u00e9poca, muy por debajo de los beneficios que podr\u00eda obtenerse de una central hidroel\u00e9ctrica.<\/p>\n<p><strong>El Anexo A, <\/strong>establece la forma de administrar Itaip\u00fa. Fijaba su capital integrado en 100 millones US$. A trav\u00e9s de las notas reversales firmadas al mismo momento, el Brasil se reservaba la titularidad de las tres principales puestos: la conducci\u00f3n general de Itaip\u00fa Binacional (Direcci\u00f3n General), la conducci\u00f3n de las obras y luego la generaci\u00f3n (Direcci\u00f3n T\u00e9cnica) y la conducci\u00f3n de las finanzas (Direcci\u00f3n Financiera). Al Paraguay le correspond\u00eda la titularidad de tres direcciones claramente secundarias: de Coordinaci\u00f3n, Jur\u00eddica y Administrativa, que adem\u00e1s eran (son) en esencia binacionales.<\/p>\n<p><strong>El Anexo B<\/strong>, establece en qu\u00e9 consiste el aprovechamiento hidroel\u00e9ctrico y cu\u00e1les son sus caracter\u00edsticas t\u00e9cnicas. Turbinas en funcionamiento (actualmente 20 unidades generadoras de 700 MW. Establece tambi\u00e9n que habr\u00e1 dos subestaciones seccionadoras, una en cada margen (el lado paraguayo fue habilitado en el 2009). El tercer aspecto son las obras para la navegaci\u00f3n, que qued\u00f3 en estudios de factibilidad.<\/p>\n<p><strong>El Anexo C<\/strong> establece las condiciones del abastecimiento el\u00e9ctrico, del costo del servicio de electricidad, de los ingresos.\u00a0 \u00danica fecha obligatoria para la revisi\u00f3n del mismo Anexo llegar\u00e1 en el 2023 y es una ocasi\u00f3n hist\u00f3rica para mejorar estos cruciales temas energ\u00e9ticos, econ\u00f3micos y financieros de Itaip\u00fa.<\/p>\n<p>Con este breve recuento del proceso que concluye con la firma del Tratado \u2013 cabe resaltar que la negociaci\u00f3n fue secreta-, podemos notar la entrega total y absoluta, por parte de la dictadura stronista, de los intereses del Paraguay.<\/p>\n<p>En la segunda entrega haremos un recuento de la construcci\u00f3n de la obra, la deuda espuria y la lucha del movimiento social para la recuperaci\u00f3n efectiva de la Soberan\u00eda Hidroel\u00e9ctrica.<\/p>\n","protected":false},"excerpt":{"rendered":"<p>Parte I El Tratado de Itaip\u00fa en su Anexo C establece el 2023 como \u00fanica fecha obligatoria para la revisi\u00f3n del mismo Anexo que establece las condiciones del abastecimiento el\u00e9ctrico, del costo del servicio de electricidad, de los ingresos. Por PT-Paraguay Este art\u00edculo es el primero de una serie donde intentaremos esbozar las implicancias para [&hellip;]<\/p>\n","protected":false},"author":5,"featured_media":53834,"menu_order":0,"comment_status":"closed","ping_status":"open","sticky":false,"template":"","format":"standard","meta":{"jetpack_post_was_ever_published":false,"_jetpack_newsletter_access":"","_jetpack_dont_email_post_to_subs":false,"_jetpack_newsletter_tier_id":0,"_jetpack_memberships_contains_paywalled_content":false,"litci_post_political_author":"","_jetpack_memberships_contains_paid_content":false,"footnotes":""},"categories":[2687,2676],"tags":[2836,3120,13979,2849,3504,13829],"class_list":["post-53832","post","type-post","status-publish","format-standard","has-post-thumbnail","hentry","category-paraguay","category-brasil","tag-brasil-2","tag-dictadura","tag-itaipu","tag-paraguay-2","tag-pt","tag-stroessner"],"jetpack_featured_media_url":"https:\/\/i0.wp.com\/litci.org\/es\/wp-content\/uploads\/2019\/04\/Itaipu-05.jpg?fit=1280%2C811&ssl=1","fimg_url":"https:\/\/i0.wp.com\/litci.org\/es\/wp-content\/uploads\/2019\/04\/Itaipu-05.jpg?fit=1280%2C811&ssl=1","categories_names":["Brasil","Paraguay"],"author_info":{"name":"Kely","pic":"https:\/\/secure.gravatar.com\/avatar\/19003bf6219614b90207b39bd4a2733ce9cf96693efdfd639b15a829beed53d1?s=96&d=mm&r=g"},"political_author":null,"tagline":"","jetpack_sharing_enabled":true,"_links":{"self":[{"href":"https:\/\/litci.org\/es\/wp-json\/wp\/v2\/posts\/53832","targetHints":{"allow":["GET"]}}],"collection":[{"href":"https:\/\/litci.org\/es\/wp-json\/wp\/v2\/posts"}],"about":[{"href":"https:\/\/litci.org\/es\/wp-json\/wp\/v2\/types\/post"}],"author":[{"embeddable":true,"href":"https:\/\/litci.org\/es\/wp-json\/wp\/v2\/users\/5"}],"replies":[{"embeddable":true,"href":"https:\/\/litci.org\/es\/wp-json\/wp\/v2\/comments?post=53832"}],"version-history":[{"count":1,"href":"https:\/\/litci.org\/es\/wp-json\/wp\/v2\/posts\/53832\/revisions"}],"predecessor-version":[{"id":53835,"href":"https:\/\/litci.org\/es\/wp-json\/wp\/v2\/posts\/53832\/revisions\/53835"}],"wp:featuredmedia":[{"embeddable":true,"href":"https:\/\/litci.org\/es\/wp-json\/wp\/v2\/media\/53834"}],"wp:attachment":[{"href":"https:\/\/litci.org\/es\/wp-json\/wp\/v2\/media?parent=53832"}],"wp:term":[{"taxonomy":"category","embeddable":true,"href":"https:\/\/litci.org\/es\/wp-json\/wp\/v2\/categories?post=53832"},{"taxonomy":"post_tag","embeddable":true,"href":"https:\/\/litci.org\/es\/wp-json\/wp\/v2\/tags?post=53832"}],"curies":[{"name":"wp","href":"https:\/\/api.w.org\/{rel}","templated":true}]}}