{"id":53215,"date":"2019-03-03T10:40:13","date_gmt":"2019-03-03T12:40:13","guid":{"rendered":"https:\/\/litci.org\/es\/?p=53215"},"modified":"2019-03-03T10:40:13","modified_gmt":"2019-03-03T12:40:13","slug":"declaracion-la-lit-ci-cachemira","status":"publish","type":"post","link":"https:\/\/litci.org\/es\/declaracion-la-lit-ci-cachemira\/","title":{"rendered":"Declaraci\u00f3n de la LIT-CI &#8211; Cachemira"},"content":{"rendered":"<p><em>La regi\u00f3n del Himalaya, en el sur de Asia, se volvi\u00f3 un campo de batalla para la guerra anunciada entre la India y Pakist\u00e1n.<\/em><!--more--><\/p>\n<p>Hay un clima de tensi\u00f3n desde el 14 de febrero de 2019, debido a un atentado suicida en Pulwama, en la Cachemira ocupada por la India, en el cual murieron por los menos cuarenta paramilitares.<\/p>\n<p>Luego, el 26 de febrero, la India atac\u00f3 Balakot, en Pakist\u00e1n, alegando tener un gran n\u00famero de militantes muertos [se denomina \u201cmilitantes\u201d a aquellos que combaten por la autodeterminaci\u00f3n de Cachemira, <em>ndt.<\/em>].<\/p>\n<p>El 27 de febrero, ambos dispararon e hicieron bombardeos en el territorio disputado de Cachemira. Tres o cuatro aviones cayeron, y un piloto fue detenido en Pakist\u00e1n despu\u00e9s de que su avi\u00f3n MIG-21 fue abatido el mi\u00e9rcoles durante los combates entre aviones de guerra pakistan\u00edes e indianos, en la l\u00ednea de cese el fuego [frontera de hecho entre la India y Pakist\u00e1n en Cachemira, <em>ndt.<\/em>]. Pakist\u00e1n entrega al piloto de regreso a la India el 1 de marzo de 2019, en nombre de la paz.<\/p>\n<p><strong>Cachemira bajo doble ocupaci\u00f3n<\/strong><\/p>\n<p>Desde la divisi\u00f3n del subcontinente en 1947, por el imperialismo brit\u00e1nico, Pakist\u00e1n y la India se tornaron archirrivales.<\/p>\n<p>La frontera m\u00e1s disputada entre los dos pa\u00edses atraviesa el territorio de Cachemira, donde ambos pa\u00edses oprimen a las masas cachemiras y reivindican todo el territorio para s\u00ed mismos.<\/p>\n<div id=\"attachment_53217\" style=\"width: 310px\" class=\"wp-caption alignright\"><a href=\"https:\/\/i0.wp.com\/litci.org\/es\/wp-content\/uploads\/2019\/03\/cachemira.gif?ssl=1\"><img data-recalc-dims=\"1\" loading=\"lazy\" decoding=\"async\" aria-describedby=\"caption-attachment-53217\" class=\"size-full wp-image-53217\" src=\"https:\/\/i0.wp.com\/litci.org\/es\/wp-content\/uploads\/2019\/03\/cachemira.gif?resize=300%2C200&#038;ssl=1\" alt=\"\" width=\"300\" height=\"200\" \/><\/a><p id=\"caption-attachment-53217\" class=\"wp-caption-text\">Esquema tomado del blog de Emma Rodr\u00edguez \/over-blog.<\/p><\/div>\n<p>India y Pakist\u00e1n ya disputaron tres guerras y una est\u00e1 en curso, a pesar de las resoluciones tomadas por la ONU, una cueva de bandidos que usa el nombre de naciones unidas para controlar a los trabajadores en todo el mundo. La guerra en Cachemira es parte de este proyecto.<\/p>\n<p>Eso significa que el imperialismo tiene bajo su influencia a gran parte del Asia meridional. Ora, los revolucionarios luchan contra el saqueo imperialista, la confusi\u00f3n, la divisi\u00f3n, y el orden impuestos en toda la regi\u00f3n.<\/p>\n<p>Las masas, sin duda, est\u00e1n luchando contra el desempleo, la pobreza, la inflaci\u00f3n, el rapto, el asesinato judicial, la prisi\u00f3n, la educaci\u00f3n precaria, la falta de salud, el terrorismo, el atraso, la falta de libertad de expresi\u00f3n, el desperdicio, el favoritismo, la privatizaci\u00f3n, el redimensionamiento, y la corrupci\u00f3n.<\/p>\n<p>Lamentablemente, ellas son d\u00e9biles, desorganizadas, polarizadas entre diferentes slogans debido al programa confuso y a las pr\u00e1cticas que la izquierda les ense\u00f1\u00f3 en la regi\u00f3n.<\/p>\n<p>En la India, hace dos a\u00f1os que las masas enfrentan el gobierno del Partido BJP (Bharatiya Janata Party) apoyado por una organizaci\u00f3n religiosa Rashtriya Swayamseagvak Sangh (RSS), ambos de orientaci\u00f3n nacionalista hind\u00fa [defienden la supremac\u00eda de la religi\u00f3n hind\u00fa sobre las dem\u00e1s, y son particularmente islamof\u00f3bicos, <em>ndt.<\/em>], que engendraron un realineamiento pol\u00edtico a la derecha, clamando por una educaci\u00f3n sofisticada con impacto en la sociolog\u00eda, la pol\u00edtica y la econom\u00eda.<\/p>\n<p>Estas organizaciones promueven ataques contra activistas pol\u00edticos y sociales, y hoy la sociedad indiana est\u00e1 en transformaci\u00f3n de una situaci\u00f3n no revolucionaria a revolucionaria.<\/p>\n<p>El BJP y la RSS est\u00e1n en el gobierno nacional pero no en el gobierno de la Cachemira ocupada. Por eso, quieren destituir el gobierno estadual y gobernar directamente a partir de la Uni\u00f3n (gobierno nacional).<\/p>\n<p>Es importante recordar que el movimiento de masas en Cachemira tiene gran potencial, particularmente la juventud, que lucha contra la ocupaci\u00f3n indiana en cada ciudad, plaza, escuela, facultad y universidad en los \u00faltimos diez a\u00f1os. Este movimiento se torn\u00f3 un s\u00edmbolo de coraje, animando toda la regi\u00f3n.<\/p>\n<p>El movimiento de Cachemira ahora est\u00e1 apelando a la poblaci\u00f3n para oponerse a los presupuestos de defensa de ambos pa\u00edses, lo que se torn\u00f3 un slogan m\u00e1s peligroso porque afecta directamente los intereses de las elites capitalistas, militares, y especialmente del imperialismo, que les venden armas de destrucci\u00f3n en masa.<\/p>\n<p><strong>Pakist\u00e1n<\/strong><\/p>\n<p>El movimiento de masas estuvo deprimido en Pakist\u00e1n durante los \u00faltimos quince a\u00f1os debido a la \u201cguerra contra el terror\u201d, aunque hubiese algunas luchas obreras importantes: la lucha contra la privatizaci\u00f3n de las telecomunicaciones y el movimiento nacional en Baluchist\u00e1n.<\/p>\n<p>La direcci\u00f3n bonapartista del Pakist\u00e1n Tahreek Insaf (PTI \u2013 Movimiento Pakistan\u00ed por Justicia) ascendi\u00f3 al poder a trav\u00e9s de los militares y del discurso contra la corrupci\u00f3n del gobierno anterior de la Liga Musulmana (PMLN). Su l\u00edder, Imran Khan, fue electo en las elecciones generales de 2018 y se torn\u00f3 primer ministro de Pakist\u00e1n.<\/p>\n<p>Luego de seis meses y medio, ya enfrenta muchos problemas. Trabaja para hacer el juego del imperialismo. De un lado, el proyecto chino del Corredor Econ\u00f3mico China-Pakist\u00e1n (CPEC \u2013 China Pakistan Economic Corridor), donde todos los partidos burgueses quieren una tajada de la torta. Del otro, el FMI y el Banco Mundial quieren m\u00e1s cortes en los sectores sociales.<\/p>\n<p>Los j\u00f3venes quieren empleos. La poblaci\u00f3n de la Cachemira ocupada por Pakist\u00e1n (POK \u2013 Pakist\u00e1n Occupied Kashmir) quieren royalties y electricidad gratuita porque esta regi\u00f3n es la principal productora de energ\u00eda el\u00e9ctrica.<\/p>\n<p>Las masas de la provincia septentrional de Gilgit-Baltist\u00e1n quieren empleos y royalties del CPEC porque, adem\u00e1s de Cachemira, el CPEC se conecta a Pakist\u00e1n a trav\u00e9s de ella.<\/p>\n<p>Los trabajadores se posicionan contra la privatizaci\u00f3n preocupando tanto a militares, que tienen 18% de participaci\u00f3n en la econom\u00eda del Pakist\u00e1n, como al Poder Judicial, su eterno aliado.<\/p>\n<p>Los Pashtusns, el segundo mayor grupo \u00e9tnico de Pakist\u00e1n, estuvieron muy activos durante la guerra de Afganist\u00e1n y la guerra contra el terrorismo. Tratados como terroristas particularmente por los militares, discriminados en todo puesto de control, ellos se organizaron en el movimiento de protecci\u00f3n Pashtun (PTM \u2013 Pashtoon Tahaffuz Movement) y junto con sectores aliados entablaron una lucha general. Este movimiento popular (PTM) hizo crecer las cr\u00edticas contra el ej\u00e9rcito de Pakist\u00e1n.<\/p>\n<p>Hay una revuelta de masas en la Cachemira ocupada por Pakist\u00e1n (POK), expresada en el movimiento para salvar los r\u00edos Neelam y Jhelum, con reivindicaciones de defensa del medio ambiente, derechos sobre las fuentes de agua, electricidad gratuita, Fuera Pakist\u00e1n\/Cachemira libre. Este movimiento involucra principalmente a la juventud, que se organiza en grupos de propaganda para motivar a la sociedad a luchar por derechos, postura esta que aumenta d\u00eda a d\u00eda.<\/p>\n<p><strong>Cachemira est\u00e1 evolucionando de un per\u00edodo no revolucionario a revolucionario<\/strong><\/p>\n<p>Este movimiento de masas representa una gran amenaza, pero a\u00fan est\u00e1 desorganizado. Por eso, el imperialismo hace uso de la t\u00e1ctica de guerra en la cual se fortalecen tanto el gobierno indiano, que usa el nacionalismo hind\u00fa para vencer las elecciones, como la direcci\u00f3n militar de Pakist\u00e1n, para recuperar el apoyo perdido.<\/p>\n<p>El imperialismo patrocin\u00f3 esta guerra para crear miedo entre las masas, envolviendo respeto, religi\u00f3n y patriotismo.<\/p>\n<p>Mientras la India act\u00faa agresivamente, Pakist\u00e1n habla de paz. Nosotros rechazamos este drama de guerra y paz escenificado por los dos lados durante algunos d\u00edas, con la muerte de civiles de ambos lados de la Cachemira dividida por la l\u00ednea de cese el fuego, para que representantes imperialistas bajo las luminarias de los grandes medios burgueses pongan un fin a la disputa.<\/p>\n<p><strong>\u00bfPor qu\u00e9 la guerra?<\/strong><\/p>\n<p>Como vimos, en todas partes por los medios burgueses, algunos d\u00edas antes el pr\u00edncipe de Arabia Saudita, Mohammad bin Salman, s\u00fabdito del imperialismo, hizo un viaje al sur del Asia por negocios, invirtiendo U$S 50.000 millones en la India y U$S 20.000 millones en Pakist\u00e1n.<\/p>\n<p>Sabemos que las inversiones extranjeras anteriores trajeron muchos problemas para los dos pa\u00edses, que tuvieron que aplicar presupuestos con cortes en los derechos de la clase trabajadora, y de esta generaron inquietud entre las masas.<\/p>\n<p>Si esta guerra no hubiese ocurrido, ambos gobiernos enfrentar\u00edan la revuelta contar ellos como ocurri\u00f3 en Medio Oriente, y ahora en Am\u00e9rica Latina y en Europa.<\/p>\n<p>Por eso es que ellos tuvieron que ir a la guerra para imponer m\u00e1s sacrificios en ambos pa\u00edses en beneficio del imperialismo y de la elecci\u00f3n de Narendra Modi, ya que su gobierno y el r\u00e9gimen bonapartista pakistan\u00ed est\u00e1n mejor ubicados para usar las t\u00e1cticas del fundamentalismo hind\u00fa y del chovinismo musulm\u00e1n contra los movimientos de masa.<\/p>\n<p>\u00a1Nosotros debemos responder al imperialismo!<\/p>\n<p>Debemos desenmascararlo en todos los lugares con coraje, pues sabemos que fomentan la guerra dividiendo a la sociedad en nombre del racismo.<\/p>\n<p>Vamos a luchar para impedir este derramamiento de sangre en Cachemira.<\/p>\n<p>Debemos lanzar el movimiento Cachemira libre.<\/p>\n<p>Precisamos de la solidaridad nacional e internacional a Cachemira, bajo ataque de ambos lados de la l\u00ednea del cese el fuego.<\/p>\n<p>Queremos impedir una enorme migraci\u00f3n. Queremos mantener el movimiento por la autodeterminaci\u00f3n de Cachemira en un punto de inflamaci\u00f3n para desenmascarar al imperialismo junto a las masas del sur de Asia.<\/p>\n<p>Queremos que las luchas colectivas de autodeterminaci\u00f3n en Cachemira, Palestina, Kurdist\u00e1n y Catalu\u00f1a se unan en campa\u00f1as comunes.<\/p>\n<p>\u00a1Queremos construir el partido revolucionario internacional contra el imperialismo!<\/p>\n<p>\u00a1Viva la lucha de la clase trabajadora mundial!<\/p>\n<p>Traducci\u00f3n del portugu\u00e9s: Natalia Estrada.<\/p>\n","protected":false},"excerpt":{"rendered":"<p>La regi\u00f3n del Himalaya, en el sur de Asia, se volvi\u00f3 un campo de batalla para la guerra anunciada entre la India y Pakist\u00e1n.<\/p>\n","protected":false},"author":4,"featured_media":53216,"menu_order":0,"comment_status":"closed","ping_status":"open","sticky":false,"template":"","format":"standard","meta":{"jetpack_post_was_ever_published":false,"_jetpack_newsletter_access":"","_jetpack_dont_email_post_to_subs":false,"_jetpack_newsletter_tier_id":0,"_jetpack_memberships_contains_paywalled_content":false,"litci_post_political_author":"","_jetpack_memberships_contains_paid_content":false,"footnotes":""},"categories":[2764,2720,2737,6783],"tags":[14003,5343,14001,12329,6611,13999,3035,3010,14000,6784,14002],"class_list":["post-53215","post","type-post","status-publish","format-standard","has-post-thumbnail","hentry","category-declaraciones","category-india","category-movimiento-obrero","category-pakistan","tag-asia-meridional","tag-autodeterminacion-nacional","tag-bonapartismo","tag-cachemira","tag-declaracion-lit-ci","tag-guerra-en-cachemira","tag-imperialismo-2","tag-india-2","tag-organizacion-de-las-masas","tag-pakistan","tag-pashtun"],"jetpack_featured_media_url":"https:\/\/i0.wp.com\/litci.org\/es\/wp-content\/uploads\/2019\/03\/soldados-indianos-BBC.jpg?fit=660%2C371&ssl=1","fimg_url":"https:\/\/i0.wp.com\/litci.org\/es\/wp-content\/uploads\/2019\/03\/soldados-indianos-BBC.jpg?fit=660%2C371&ssl=1","categories_names":["Declaraciones","India","Movimiento Obrero","Pakist\u00e1n"],"author_info":{"name":"Administraci\u00f3n Site","pic":"https:\/\/secure.gravatar.com\/avatar\/1fc4a65db396208ca881747f59a66a20c6b8670747457224753e1e98c43f719b?s=96&d=mm&r=g"},"political_author":null,"tagline":"","jetpack_sharing_enabled":true,"_links":{"self":[{"href":"https:\/\/litci.org\/es\/wp-json\/wp\/v2\/posts\/53215","targetHints":{"allow":["GET"]}}],"collection":[{"href":"https:\/\/litci.org\/es\/wp-json\/wp\/v2\/posts"}],"about":[{"href":"https:\/\/litci.org\/es\/wp-json\/wp\/v2\/types\/post"}],"author":[{"embeddable":true,"href":"https:\/\/litci.org\/es\/wp-json\/wp\/v2\/users\/4"}],"replies":[{"embeddable":true,"href":"https:\/\/litci.org\/es\/wp-json\/wp\/v2\/comments?post=53215"}],"version-history":[{"count":1,"href":"https:\/\/litci.org\/es\/wp-json\/wp\/v2\/posts\/53215\/revisions"}],"predecessor-version":[{"id":53218,"href":"https:\/\/litci.org\/es\/wp-json\/wp\/v2\/posts\/53215\/revisions\/53218"}],"wp:featuredmedia":[{"embeddable":true,"href":"https:\/\/litci.org\/es\/wp-json\/wp\/v2\/media\/53216"}],"wp:attachment":[{"href":"https:\/\/litci.org\/es\/wp-json\/wp\/v2\/media?parent=53215"}],"wp:term":[{"taxonomy":"category","embeddable":true,"href":"https:\/\/litci.org\/es\/wp-json\/wp\/v2\/categories?post=53215"},{"taxonomy":"post_tag","embeddable":true,"href":"https:\/\/litci.org\/es\/wp-json\/wp\/v2\/tags?post=53215"}],"curies":[{"name":"wp","href":"https:\/\/api.w.org\/{rel}","templated":true}]}}