{"id":52806,"date":"2021-01-14T08:05:12","date_gmt":"2021-01-14T08:05:12","guid":{"rendered":"https:\/\/litci.org\/es\/?p=52806"},"modified":"2024-11-03T13:28:38","modified_gmt":"2024-11-03T13:28:38","slug":"rosa-luxemburgo-mundo-donde-seamos-socialmente-iguales-humanamente-diferentes-totalmente-libres","status":"publish","type":"post","link":"https:\/\/litci.org\/es\/rosa-luxemburgo-mundo-donde-seamos-socialmente-iguales-humanamente-diferentes-totalmente-libres\/","title":{"rendered":"Rosa Luxemburgo: \u201cpor un mundo donde seamos socialmente iguales, humanamente diferentes y totalmente libres\u201d"},"content":{"rendered":"<p align=\"JUSTIFY\"><em>Cuando\u00a0cientos de mujeres se organizan para convocar una Huelga General en el Estado Espa\u00f1ol el pr\u00f3ximo 8M y declaran que el feminismo por el que luchan es: \u201canticapitalista, antiracista y anticolonialista\u201d, queremos recordar la figura de esta gran revolucionaria polaca, en el centenario de su asesinato.<\/em><!--more--><\/p>\n<p align=\"JUSTIFY\">Por Laura R. (publicado en 2019).<\/p>\n<p align=\"JUSTIFY\">Cien a\u00f1os despu\u00e9s, su vida, su obra y su lucha siguen siendo una inspiraci\u00f3n para quienes no nos conformamos por mayores cotas de igualdad dentro de este sistema podrido, sino que aspiramos a un mundo nuevo en el que como ella dijo, todas seamos: \u201csocialmente iguales, humanamente diferentes y totalmente libres.\u201d<\/p>\n<p align=\"JUSTIFY\">Rosa Luxemburgo fue una figura inmensa que no se arredraba ante nada. Enfrent\u00f3 el revisionismo encarnado en la figura de Bernstein, dentro del Partido socialdem\u00f3crata alem\u00e1n en el que ella militaba desde su llegada de Polonia. Disput\u00f3 con Kautsky, la gran autoridad de la II\u00aa Internacional. Fue cofundadora de la Liga Espartaquista, posteriormente partido comunista alem\u00e1n. Cuando lo crey\u00f3 necesario polemiz\u00f3 con Lenin. Todo siempre desde una posici\u00f3n militante, revolucionaria, internacionalista, que finalmente le cost\u00f3 la vida, asesinada bajo la responsabilidad del gobierno socialdem\u00f3crata alem\u00e1n. Para Rosa Luxemburgo la revoluci\u00f3n socialista lo era todo y lo dem\u00e1s minucias.<\/p>\n<p><b>La lucha por la emancipaci\u00f3n de la mujer, como parte de la emancipaci\u00f3n de toda la clase trabajadora<\/b><\/p>\n<p align=\"JUSTIFY\">Dentro de su obra y su militancia, la causa de las mujeres trabajadoras tampoco le fue ni mucho menos indiferente. Dicen que si rechaz\u00f3 las repetidas solicitudes que le hicieron para jugar un papel m\u00e1s directo en la secci\u00f3n de las mujeres del partido, fue porque consideraba que quer\u00edan desviarle de su implicaci\u00f3n directa en los debates pol\u00edticos y te\u00f3ricos del socialismo alem\u00e1n.<\/p>\n<p align=\"JUSTIFY\">Pero Rosa Luxemburgo fue amiga y compa\u00f1era pol\u00edtica inseparable de Clara Zetkin, que dedic\u00f3 toda su vida a organizar a las mujeres trabajadoras y que es considerada como precursora del \u201cfeminismo socialista\u201d.<\/p>\n<p align=\"JUSTIFY\">Particip\u00f3 con ella dentro del movimiento socialista de mujeres, adem\u00e1s de colaborar con art\u00edculos, en el peri\u00f3dico orientado a las trabajadoras que Zetkin dirig\u00eda: \u201cLa igualdad\u201d. Le ayud\u00f3 a organizar\u00a0la Segunda Conferencia Internacional de Mujeres Socialistas que tuvo lugar en Copenhague en agosto de 1910. Una Conferencia en la que Zetkin propuso establecer un D\u00eda Internacional de las Mujeres Trabajadoras, lo que fue aprobado con entusiasmo por m\u00e1s de 100 delegadas de 17 pa\u00edses y que tras la revoluci\u00f3n rusa de 1917, qued\u00f3 instaurado definitivamente el 8 de Marzo.<\/p>\n<p align=\"JUSTIFY\">Tambi\u00e9n estuvieron juntas en la lucha por unificar a las mujeres socialistas contra la masacre imperialista, de la I\u00aa Guerra Mundial, que ambas repudiaron, combatiendo la entrega de la socialdemocracia a la cruzada patri\u00f3tica imperialista. Una traici\u00f3n al internacionalismo obrero que signific\u00f3 la bancarrota de la II Internacional. En marzo de 1915, Zetkin organiz\u00f3 una Conferencia Internacional de Mujeres contra la Guerra, que cont\u00f3 con 25 delegadas de los pa\u00edses beligerantes y en la que Rosa Luxemburgo iba a participar. Pero justamente por su defensa de los principios internacionalistas, fue acusada de \u201ctraici\u00f3n\u201d y encarcelada, lo que le impidi\u00f3 acudir a la misma.<\/p>\n<p align=\"JUSTIFY\">A decir verdad, ni Zetkin ni Rosa Luxemburgo se consideraban a s\u00ed mismas \u201cfeministas\u201d. Algunas fuentes se\u00f1alan que la famosa frase: \u201cQuien es socialista y no es feminista carece de amplitud, pero quien es feminista y no es socialista carece de estrategia\u201d, que err\u00f3neamente se le atribuye, no es de ella, sino de la artista y socialista norteamericana Louise Kneeland.<\/p>\n<p align=\"JUSTIFY\">Y es que en la \u00e9poca que ellas vivieron y lucharon, el feminismo se asociaba a la lucha sufragista por el derecho al voto, que ellas consideraban como \u201cfeminismo burgu\u00e9s\u201d. Un movimiento\u00a0desvinculado de la clase trabajadora\u00a0que buscaba mejorar la posici\u00f3n social de las mujeres, mediante la adquisici\u00f3n del derecho al voto, pero sin impugnar las reglas del juego de la sociedad capitalista.<\/p>\n<p align=\"JUSTIFY\">Pero ambas revolucionarias, no despreciaron en absoluto la\u00a0lucha por ese derecho democr\u00e1tico\u00a0porque\u00a0comprendieron la importancia de luchar por \u00e9l. Pero no lo hicieron llamando a las trabajadoras a sumarse sin m\u00e1s a las filas del movimiento sufragista, sino que luchando contra el sexismo en sus propias filas, dieron la batalla para que el movimiento socialista asumiera la defensa del mismo. De esta forma, la socialdemocracia alemana fue el primer partido pol\u00edtico europeo que incluy\u00f3 este derecho femenino en su programa.<\/p>\n<p align=\"JUSTIFY\">Rosa Luxemburgo llamaba a \u201cno subestimar la importancia de la lucha por el sufragio femenino, ya que el extraordinario despertar pol\u00edtico y sindical de las masas proletarias femeninas en los \u00faltimos quince a\u00f1os, ha sido posible s\u00f3lo gracias a que las mujeres trabajadoras, a pesar de estar privadas de sus derechos, se interesaron vivamente por las luchas pol\u00edticas y parlamentarias de su clase\u201d. (En \u201cEl voto femenino y la lucha de clases\u201d).<\/p>\n<p align=\"JUSTIFY\">Para Rosa Luxemburgo y Clara Zetkin, la lucha por el voto femenino era una tarea de toda la clase obrera, ligada a una lucha m\u00e1s general por la conquista de derechos democr\u00e1ticos, que en la Alemania mon\u00e1rquica era la proclamaci\u00f3n de la Rep\u00fablica.<\/p>\n<p align=\"JUSTIFY\">De la misma forma podemos decir hoy, que cada victoria que las mujeres logramos por peque\u00f1a que sea, es una victoria para el conjunto de la clase trabajadora. Y que todas nuestras demandas, como aumento del presupuesto para combatir la violencia machista o para acabar con la brecha salarial y en pensiones,\u00a0son parte de un plan de lucha m\u00e1s amplio, que exige enfrentar a este y todos los gobiernos que ponen\u00a0el \u201cajuste al d\u00e9ficit\u201d por encima de la vida de las mujeres, derogar\u00a0las\u00a0reformas\u00a0laborales y el Pacto de Toledo\u00a0y enfrentar al capitalismo.<\/p>\n<p align=\"JUSTIFY\">Es por eso que al igual que hizo Rosa Luxemburgo a su manera, combatimos el machismo en las organizaciones obreras, sindicales, estudiantiles y populares y damos la batalla para que el 8M vuelva a ser lo que fue en su origen: un d\u00eda de lucha de toda la clase trabajadora por los derechos de las mujeres, con\u00a0las trabajadoras\u00a0al frente.<\/p>\n","protected":false},"excerpt":{"rendered":"<p>Cuando\u00a0cientos de mujeres se organizan para convocar una Huelga General en el Estado Espa\u00f1ol el pr\u00f3ximo 8M y declaran que el feminismo por el que luchan es: \u201canticapitalista, antiracista y anticolonialista\u201d, queremos recordar la figura de esta gran revolucionaria polaca, en el centenario de su asesinato.<\/p>\n","protected":false},"author":5,"featured_media":52807,"menu_order":0,"comment_status":"closed","ping_status":"open","sticky":false,"template":"","format":"standard","meta":{"jetpack_post_was_ever_published":false,"_jetpack_newsletter_access":"","_jetpack_dont_email_post_to_subs":false,"_jetpack_newsletter_tier_id":0,"_jetpack_memberships_contains_paywalled_content":false,"litci_post_political_author":"","_jetpack_memberships_contains_paid_content":false,"footnotes":""},"categories":[2794,13906,2738],"tags":[2828,5403,13909],"class_list":["post-52806","post","type-post","status-publish","format-standard","has-post-thumbnail","hentry","category-teoria","category-8m-2019","category-mujeres","tag-mujeres-2","tag-rosa-luxemburgo","tag-teoria-8m"],"jetpack_featured_media_url":"https:\/\/i0.wp.com\/litci.org\/es\/wp-content\/uploads\/2019\/02\/d445b01ba03740c92cedaef09d42b01f_XL.jpg?fit=700%2C429&ssl=1","fimg_url":"https:\/\/i0.wp.com\/litci.org\/es\/wp-content\/uploads\/2019\/02\/d445b01ba03740c92cedaef09d42b01f_XL.jpg?fit=700%2C429&ssl=1","categories_names":["8M 2019","Mujeres","TEOR\u00cdA"],"author_info":{"name":"Kely","pic":"https:\/\/secure.gravatar.com\/avatar\/19003bf6219614b90207b39bd4a2733ce9cf96693efdfd639b15a829beed53d1?s=96&d=mm&r=g"},"political_author":null,"tagline":"","jetpack_sharing_enabled":true,"_links":{"self":[{"href":"https:\/\/litci.org\/es\/wp-json\/wp\/v2\/posts\/52806","targetHints":{"allow":["GET"]}}],"collection":[{"href":"https:\/\/litci.org\/es\/wp-json\/wp\/v2\/posts"}],"about":[{"href":"https:\/\/litci.org\/es\/wp-json\/wp\/v2\/types\/post"}],"author":[{"embeddable":true,"href":"https:\/\/litci.org\/es\/wp-json\/wp\/v2\/users\/5"}],"replies":[{"embeddable":true,"href":"https:\/\/litci.org\/es\/wp-json\/wp\/v2\/comments?post=52806"}],"version-history":[{"count":3,"href":"https:\/\/litci.org\/es\/wp-json\/wp\/v2\/posts\/52806\/revisions"}],"predecessor-version":[{"id":64413,"href":"https:\/\/litci.org\/es\/wp-json\/wp\/v2\/posts\/52806\/revisions\/64413"}],"wp:featuredmedia":[{"embeddable":true,"href":"https:\/\/litci.org\/es\/wp-json\/wp\/v2\/media\/52807"}],"wp:attachment":[{"href":"https:\/\/litci.org\/es\/wp-json\/wp\/v2\/media?parent=52806"}],"wp:term":[{"taxonomy":"category","embeddable":true,"href":"https:\/\/litci.org\/es\/wp-json\/wp\/v2\/categories?post=52806"},{"taxonomy":"post_tag","embeddable":true,"href":"https:\/\/litci.org\/es\/wp-json\/wp\/v2\/tags?post=52806"}],"curies":[{"name":"wp","href":"https:\/\/api.w.org\/{rel}","templated":true}]}}