{"id":52429,"date":"2019-01-05T09:53:28","date_gmt":"2019-01-05T11:53:28","guid":{"rendered":"https:\/\/litci.org\/es\/?p=52429"},"modified":"2019-01-05T09:53:28","modified_gmt":"2019-01-05T11:53:28","slug":"desmontando-los-mitos-la-inmigracion","status":"publish","type":"post","link":"https:\/\/litci.org\/es\/desmontando-los-mitos-la-inmigracion\/","title":{"rendered":"Desmontando los mitos sobre la inmigraci\u00f3n"},"content":{"rendered":"<p><b>La desinformaci\u00f3n existente acerca de las personas extranjeras.<\/b><\/p>\n<p>Si escribes \u201clos inmigrantes\u2026\u201d en google las primeras opciones de b\u00fasqueda que te salen, es decir, las m\u00e1s buscadas por los usuarios, son \u201c\u2026 nos quitan el trabajo\u201d, \u201c\u2026 nos quitan las ayudas\u201d y \u201c\u2026 colapsan la sanidad\u201d. Esto es solo un reflejo virtual del racismo que escuchamos d\u00eda a d\u00eda en conversaciones casa, el trabajo o en clase. Hemos querido escribir este art\u00edculo para demostrar que estos mitos son mentira y explicar su origen.<!--more--><\/p>\n<p>Por\u00a0DANIEL AUREL NEAMTU Y MAI MADHUN<\/p>\n<p><b>\u00bfHay una invasi\u00f3n migrante?<\/b><\/p>\n<p>Las encuestas muestran que la poblaci\u00f3n cifra la tasa de inmigraci\u00f3n alrededor del 21% del total de la demograf\u00eda espa\u00f1ola. No es de extra\u00f1ar cuando \u201cpol\u00edticos\u201d como Pablo Casado hacen constataciones categ\u00f3ricas como esta:<\/p>\n<p>\u201cNo es sostenible un Estado de bienestar que pueda absorber a los millones de africanos que quieren venir a Europa\u201d<\/p>\n<p>\u00bfMillones?<\/p>\n<p>Seg\u00fan\u00a0(..)\u00a0Europa Press han entrado en toda Europa unos 59.000 inmigrantes por su frontera sur, la mayor\u00eda huyendo de la guerra. Para la poblaci\u00f3n de la Uni\u00f3n Europea, todo un continente con 508 millones de personas, es una cifra rid\u00edcula: solo un inmigrante por cada 10.000 europeos.<\/p>\n<p>El n\u00famero de extranjeros en 2017 seg\u00fan el INE (Instituto Nacional de Estad\u00edstica) es de 4.464.997, lo que equivale al\u00a0<b>9,59% sobre la poblaci\u00f3n total<\/b>,\u00a0casi tres puntos menos que en 2011; y, obviamente, no se menciona que 4 de cada 10 inmigrantes pertenecen a la Uni\u00f3n Europea.<\/p>\n<p><b>\u00bfNos quitan el trabajo?<\/b><\/p>\n<p>Una encuesta realizada a m\u00e1s de 7000 entrevistados por la Oficina de\u00a0Empleo refleja que el 46,83% piensan que los extranjeros est\u00e1n \u201cquitando el trabajo\u00b4\u00b4 a los nativos, un 41,89% se mantiene neutra a esta creencia y solo el 11,28% de los encuestados ven positivo la inmigraci\u00f3n en el \u00e1mbito laboral.<\/p>\n<p>No es casualidad que el falso mito de que los migrantes nos quitan el trabajo aparezca cuando la clase trabajadora espa\u00f1ola y migrante es golpeada por los gobiernos PPSOE (con la colaboraci\u00f3n de CCOO y UGT) con dos reformas laborales que normalizaron el despido colectivo, la precariedad laboral y el elevad\u00edsimo paro para pagar la deuda de los banqueros y especuladores.\u00a0<b>Es decir, fue el Gobierno, las empresas y la burocracia sindical con su pol\u00edtica de \u201cfirmar todo\u201d quienes nos quitaron el trabajo.<\/b><\/p>\n<p>Prefieren que culpemos a nuestro compa\u00f1ero de trabajo migrante para as\u00ed evitar una respuesta de masas contra los recortes de derechos y la precariedad laboral.<\/p>\n<p>Porque en \u00e9pocas donde hac\u00eda falta trabajadores migrantes en el pa\u00eds para generar m\u00e1s riqueza y en general \u201chab\u00eda trabajo\u201d,\u00a0esa ret\u00f3rica no estaba tan difundida: seg\u00fan datos de la Oficina Econ\u00f3mica de Presidencia del Gobierno por un informe de La Caixa, el 30% del crecimiento del PIB entre mediados de los a\u00f1os noventa y la primera d\u00e9cada de este siglo fue consecuencia del asentamiento de inmigrantes. Un efecto positivo que se elev\u00f3\u00a0hasta el 50% en el per\u00edodo 2000-2005.<\/p>\n<p>Y las reformas laborales y recortes, combinado con el racismo que ejercen las empresas para ahorrar en costes, tambi\u00e9n les ha golpeado: los inmigrantes de media cobran un 35% menos que los trabajadores espa\u00f1oles, de los m\u00e1s de 18,5 millones personas activas en el pa\u00eds solo 1 de cada 10 es extranjera, a la mayor\u00eda no se les convalida los estudios superiores de sus pa\u00edses de procedencia por lo que tienen menos acceso a trabajos con mejores condiciones.<\/p>\n<p>Adem\u00e1s, en muchos casos reproducen la fuerza de trabajo o ejercen labores de cuidado para que otros puedan acudir a sus puestos, no cuentan con una red de apoyo y por \u00faltimo, sufren racismo por su aspecto o nombre en las entrevistas por lo que tienen menos posibilidades para acceder al mercado laboral.\u00a0<b>Los trabajadores migrantes no nos quitan el trabajo, son m\u00e1s explotados y precarizados.<\/b><\/p>\n<p>Adem\u00e1s, curiosamente a quien se achaca el desequilibrio del empleo es a las clases trabajadoras extranjeras, olvid\u00e1ndose de los empresarios y las multinacionales extranjeras que han llegado a Espa\u00f1a como Deutsche Bank, MC Donalds, Coca Cola, UPS, Barclays y que han sido c\u00f3mplices de los que realmente han creado los desequilibrios laborales y salariales; han limitado los derechos de los trabajadores; participado en la creaci\u00f3n de empleos precarios; corruptelas institucionales y un largo etc.<\/p>\n<p><b>\u00bfSe quedan con las ayudas sociales y abusan de la sanidad p\u00fablica?<\/b><\/p>\n<p><b><\/b>Con la llegada de extranjeros se piensa que por su condici\u00f3n de vulnerabilidad van a necesitar m\u00e1s ayudas o que como \u201cvienen de pa\u00edses menos desarrollados\u00b4\u00b4 van a necesitar m\u00e1s atenci\u00f3n m\u00e9dica.<\/p>\n<p>La crisis ha obligado a muchas personas a pedir las ayudas econ\u00f3micas que pueden ofrecer las comunidades aut\u00f3nomas, el estado u organismos privados como las ONG. Pero estas ayudas que son un derecho y no se rigen por la nacionalidad de los individuos,\u00a0<b>son ayudas econ\u00f3micas accesibles para cualquier persona que est\u00e9 en una situaci\u00f3n que las instituciones enmarquen dentro del umbral de pobreza establecido.<\/b><\/p>\n<p>Los datos que ofrece el Sistema Integrado de Usuarios de Servicios Sociales muestran que los extranjeros que piden esos servicios de ayudas econ\u00f3micas no pasan del 12,5% y los que reciben las pensiones laborales de la Seguridad Social no alcanzan si quiera el 1% por el simple hecho de que la mayor\u00eda de los extranjeros suelen ser j\u00f3venes y adultos en edad de trabajar.\u00a0<b>Por lo tanto el 87,5% de las ayudas econ\u00f3micas de emergencia social y el 99% de las pensiones las reciben la poblaci\u00f3n espa\u00f1ola.<\/b><\/p>\n<p>Lo mismo sucede en el \u00e1mbito de la sanidad, las Encuestas Nacionales de Salud confirman que las personas que acuden a los centros m\u00e9dicos en su mayor\u00eda suelen ser espa\u00f1oles ya que las personas procedentes de otros pa\u00edses que suelen migrar siendo j\u00f3venes con mejor estado de salud y con menos necesidad de atenci\u00f3n m\u00e9dica constante.<br \/>\nTambi\u00e9n hay que se\u00f1alar, que tanto las personas nativas como extranjeras tienen el mismo derecho a la sanidad, porque contribuyen por igual a la Hacienda y con ello se financian los servicios m\u00e9dicos.<\/p>\n<p><u><b>Combatir el racismo es defender nuestros derechos juntos.<\/b><\/u><\/p>\n<p>El racismo, como el machismo, la transfobia y la homofobia, que se impulsa es debido al inter\u00e9s de\u00a0<b>apartar las miradas de las pol\u00edticas de austeridad que se est\u00e1n aplicando por los gobiernos y as\u00ed tapar la brutal guerra contra el conjunto de los trabajadores en todo el mundo,<\/b>\u00a0culpabilizando a los m\u00e1s oprimidos.<\/p>\n<p>La respuesta a los ataques de los gobiernos que proponen los partidos socialdem\u00f3cratas que se suponen que deben representar \u201ca los de abajo \u201ccomo Podemos son electorales, de negociaci\u00f3n, pacto o subordinaci\u00f3n con los mismos gobiernos que nos explotan, oprimen y realizan devoluciones en caliente (como el PSOE) en vez de llamarnos a manifestarnos, organizarnos y luchar contra ellos.<\/p>\n<p><b>Esta ambig\u00fcedad electoralista es aprovechada por personajes como Trump o Bolsonaro para promover pol\u00edticas antimigrantes\u00a0<\/b>y as\u00ed contentar a las empresas que saben que con ellos en el gobierno, la violencia no ser\u00e1 ejercida a trav\u00e9s de huelgas sino agresiones racistas y as\u00ed poder seguir recortando y precarizando, y por otro, mantener a la clase obrera dividida en nativa o extranjera y as\u00ed imposibilitar una organizaci\u00f3n m\u00e1s fuerte y consciente.<\/p>\n<p><b>Por ello, hoy m\u00e1s que nunca llamamos a combatir el racismo no s\u00f3lo por principio sino por necesidad.<\/b>\u00a0Si luchamos juntos en los puestos de trabajo y en los institutos o universidades podremos mejorar las condiciones del conjunto de la plantilla y estudiantes con m\u00e1s fuerza y resistencia.<\/p>\n<p>Si salimos juntos y juntas a las calles ser\u00e1 m\u00e1s dif\u00edcil que puedan\u00a0<b>quitarnos nuestros derechos y oprimirnos m\u00e1s, si cabe.<\/b><\/p>\n<p>Si combatimos el racismo junto a nuestro compa\u00f1ero o compa\u00f1era racializada ya estamos construyendo un movimiento antirracista y de clase.<\/p>\n<p>Muchos ya somos activistas migrantes y estamos dispuestos a luchar contra el Gobierno de la explotaci\u00f3n y las fronteras.<\/p>\n","protected":false},"excerpt":{"rendered":"<p>La desinformaci\u00f3n existente acerca de las personas extranjeras. Si escribes \u201clos inmigrantes\u2026\u201d en google las primeras opciones de b\u00fasqueda que te salen, es decir, las m\u00e1s buscadas por los usuarios, son \u201c\u2026 nos quitan el trabajo\u201d, \u201c\u2026 nos quitan las ayudas\u201d y \u201c\u2026 colapsan la sanidad\u201d. Esto es solo un reflejo virtual del racismo que [&hellip;]<\/p>\n","protected":false},"author":5,"featured_media":52430,"menu_order":0,"comment_status":"closed","ping_status":"open","sticky":false,"template":"","format":"standard","meta":{"jetpack_post_was_ever_published":false,"_jetpack_newsletter_access":"","_jetpack_dont_email_post_to_subs":false,"_jetpack_newsletter_tier_id":0,"_jetpack_memberships_contains_paywalled_content":false,"litci_post_political_author":"","_jetpack_memberships_contains_paid_content":false,"footnotes":""},"categories":[12299,2697],"tags":[2929,2860],"class_list":["post-52429","post","type-post","status-publish","format-standard","has-post-thumbnail","hentry","category-inmigrantes","category-estado-espanol","tag-estado-espanol-2","tag-inmigrantes"],"jetpack_featured_media_url":"https:\/\/i0.wp.com\/litci.org\/es\/wp-content\/uploads\/2019\/01\/inmigracion.jpg?fit=1914%2C952&ssl=1","fimg_url":"https:\/\/i0.wp.com\/litci.org\/es\/wp-content\/uploads\/2019\/01\/inmigracion.jpg?fit=1914%2C952&ssl=1","categories_names":["Estado Espa\u00f1ol","Inmigrantes"],"author_info":{"name":"Kely","pic":"https:\/\/secure.gravatar.com\/avatar\/19003bf6219614b90207b39bd4a2733ce9cf96693efdfd639b15a829beed53d1?s=96&d=mm&r=g"},"political_author":null,"tagline":"","jetpack_sharing_enabled":true,"_links":{"self":[{"href":"https:\/\/litci.org\/es\/wp-json\/wp\/v2\/posts\/52429","targetHints":{"allow":["GET"]}}],"collection":[{"href":"https:\/\/litci.org\/es\/wp-json\/wp\/v2\/posts"}],"about":[{"href":"https:\/\/litci.org\/es\/wp-json\/wp\/v2\/types\/post"}],"author":[{"embeddable":true,"href":"https:\/\/litci.org\/es\/wp-json\/wp\/v2\/users\/5"}],"replies":[{"embeddable":true,"href":"https:\/\/litci.org\/es\/wp-json\/wp\/v2\/comments?post=52429"}],"version-history":[{"count":1,"href":"https:\/\/litci.org\/es\/wp-json\/wp\/v2\/posts\/52429\/revisions"}],"predecessor-version":[{"id":52431,"href":"https:\/\/litci.org\/es\/wp-json\/wp\/v2\/posts\/52429\/revisions\/52431"}],"wp:featuredmedia":[{"embeddable":true,"href":"https:\/\/litci.org\/es\/wp-json\/wp\/v2\/media\/52430"}],"wp:attachment":[{"href":"https:\/\/litci.org\/es\/wp-json\/wp\/v2\/media?parent=52429"}],"wp:term":[{"taxonomy":"category","embeddable":true,"href":"https:\/\/litci.org\/es\/wp-json\/wp\/v2\/categories?post=52429"},{"taxonomy":"post_tag","embeddable":true,"href":"https:\/\/litci.org\/es\/wp-json\/wp\/v2\/tags?post=52429"}],"curies":[{"name":"wp","href":"https:\/\/api.w.org\/{rel}","templated":true}]}}