{"id":52368,"date":"2018-12-27T09:47:05","date_gmt":"2018-12-27T11:47:05","guid":{"rendered":"https:\/\/litci.org\/es\/?p=52368"},"modified":"2018-12-27T09:47:05","modified_gmt":"2018-12-27T11:47:05","slug":"daniel-ruiz-preso-del-g20","status":"publish","type":"post","link":"https:\/\/litci.org\/es\/daniel-ruiz-preso-del-g20\/","title":{"rendered":"Daniel Ruiz, preso del G20"},"content":{"rendered":"<p><em>Daniel est\u00e1 preso por nuestra lucha el 18 de diciembre del 2017. Fue encarcelado dos d\u00edas despu\u00e9s de haber participado de una reuni\u00f3n con organizaciones internacionales que hicieron un Llamamiento para repudia al G.20 en nuestro pa\u00eds. Por eso, la Confluencia No al G.20 \u2013 No al FMI reconoci\u00f3 a Daniel como un preso del G.20.<\/em><!--more--><\/p>\n<p>Por PSTU-Argentina<\/p>\n<p>Se not\u00f3 con fuerza la campa\u00f1a por su libertad durante los dos d\u00edas de la Cumbre alternativa. El 28, en la Facultad de Sociales, el Encuentro Memoria, Verdad y Justicia organiz\u00f3 un taller por los Derechos Humanos. Del panel hicieron parte varias organizaciones, junto al abogado y la hermana de Daniel.El 29 en Congreso, hicimos un taller por la libertad de Daniel, y nos acompa\u00f1aron Correpi, Liberpueblo y la Liga Argentina por los Derechos del Hombre.<\/p>\n<p>Se ley\u00f3 una carta de Daniel en el panel final.Y un cartel pidiendo su libertad acompa\u00f1\u00f3 el palco en el acto de cierre.<\/p>\n<p>Durante la marcha, cientos de compa\u00f1eros marchamos con la pancarta pidiendo su libertad.<\/p>\n","protected":false},"excerpt":{"rendered":"<p>Daniel est\u00e1 preso por nuestra lucha el 18 de diciembre del 2017. Fue encarcelado dos d\u00edas despu\u00e9s de haber participado de una reuni\u00f3n con organizaciones internacionales que hicieron un Llamamiento para repudia al G.20 en nuestro pa\u00eds. Por eso, la Confluencia No al G.20 \u2013 No al FMI reconoci\u00f3 a Daniel como un preso del [&hellip;]<\/p>\n","protected":false},"author":5,"featured_media":52369,"menu_order":0,"comment_status":"closed","ping_status":"open","sticky":false,"template":"","format":"standard","meta":{"jetpack_post_was_ever_published":false,"_jetpack_newsletter_access":"","_jetpack_dont_email_post_to_subs":false,"_jetpack_newsletter_tier_id":0,"_jetpack_memberships_contains_paywalled_content":false,"litci_post_political_author":"","_jetpack_memberships_contains_paid_content":false,"footnotes":""},"categories":[13672,13396],"tags":[6845,13174],"class_list":["post-52368","post","type-post","status-publish","format-standard","has-post-thumbnail","hentry","category-cobertura-g20","category-daniel-ruiz","tag-daniel-ruiz","tag-g20"],"jetpack_featured_media_url":"https:\/\/i0.wp.com\/litci.org\/es\/wp-content\/uploads\/2018\/12\/5-2.jpg?fit=960%2C540&ssl=1","fimg_url":"https:\/\/i0.wp.com\/litci.org\/es\/wp-content\/uploads\/2018\/12\/5-2.jpg?fit=960%2C540&ssl=1","categories_names":["Cobertura G20","Daniel Ruiz"],"author_info":{"name":"Kely","pic":"https:\/\/secure.gravatar.com\/avatar\/19003bf6219614b90207b39bd4a2733ce9cf96693efdfd639b15a829beed53d1?s=96&d=mm&r=g"},"political_author":null,"tagline":"","jetpack_sharing_enabled":true,"_links":{"self":[{"href":"https:\/\/litci.org\/es\/wp-json\/wp\/v2\/posts\/52368","targetHints":{"allow":["GET"]}}],"collection":[{"href":"https:\/\/litci.org\/es\/wp-json\/wp\/v2\/posts"}],"about":[{"href":"https:\/\/litci.org\/es\/wp-json\/wp\/v2\/types\/post"}],"author":[{"embeddable":true,"href":"https:\/\/litci.org\/es\/wp-json\/wp\/v2\/users\/5"}],"replies":[{"embeddable":true,"href":"https:\/\/litci.org\/es\/wp-json\/wp\/v2\/comments?post=52368"}],"version-history":[{"count":1,"href":"https:\/\/litci.org\/es\/wp-json\/wp\/v2\/posts\/52368\/revisions"}],"predecessor-version":[{"id":52370,"href":"https:\/\/litci.org\/es\/wp-json\/wp\/v2\/posts\/52368\/revisions\/52370"}],"wp:featuredmedia":[{"embeddable":true,"href":"https:\/\/litci.org\/es\/wp-json\/wp\/v2\/media\/52369"}],"wp:attachment":[{"href":"https:\/\/litci.org\/es\/wp-json\/wp\/v2\/media?parent=52368"}],"wp:term":[{"taxonomy":"category","embeddable":true,"href":"https:\/\/litci.org\/es\/wp-json\/wp\/v2\/categories?post=52368"},{"taxonomy":"post_tag","embeddable":true,"href":"https:\/\/litci.org\/es\/wp-json\/wp\/v2\/tags?post=52368"}],"curies":[{"name":"wp","href":"https:\/\/api.w.org\/{rel}","templated":true}]}}