{"id":52307,"date":"2018-12-20T09:46:43","date_gmt":"2018-12-20T11:46:43","guid":{"rendered":"https:\/\/litci.org\/es\/?p=52307"},"modified":"2018-12-20T09:46:43","modified_gmt":"2018-12-20T11:46:43","slug":"gran-movilizacion-obrera-internacionalista-la-libertad-daniel-ruiz","status":"publish","type":"post","link":"https:\/\/litci.org\/es\/gran-movilizacion-obrera-internacionalista-la-libertad-daniel-ruiz\/","title":{"rendered":"Gran movilizaci\u00f3n obrera, internacionalista y por la libertad de Daniel Ruiz"},"content":{"rendered":"<p><em>Contra la represi\u00f3n y la campa\u00f1a del Gobierno, ante el odio obrero y popular hacia los l\u00edderes imperialistas. Contra el boicot del kirchnerismo y sus sindicalistas, que se jugaron a vaciar las acciones de rechazo. Enfrentando la complicidad de la burocracia sindical de todos los colores, que negociaron la lucha por un bono miserable.<\/em><!--more--><\/p>\n<p>Por PSTU-Argentina<\/p>\n<p>\u00a0Peleando contra la pol\u00edtica del Lulismo, el chavismo y sus agentes locales (kirchneristas o no) que hicieron todo lo posible para impedir una gran campa\u00f1a internacional y el rechazo conjunto de los trabajadores y los pueblos de Am\u00e9rica Latina a la reuni\u00f3n de piratas. Ten\u00edan los recursos para traer a la Argentina miles de compa\u00f1eros de los pa\u00edses lim\u00edtrofes (Brasil, Uruguay, etc.) pero no lo hicieron.<\/p>\n<p>Fueron invitados por la Red Sindical Internacional a realizar m\u00edtines en cada pa\u00eds, pero lo rechazaron. Y contra el sectarismo electoralista de la mayor\u00eda de las fuerzas de izquierda (FIT y Nuevo MAS) que se limitaron a participar de la marcha del 30 de manera formal, y que estuvieron de espaldas a la fuerte campa\u00f1a que realizamos varias organizaciones nucleadas en el espacio Confluencia No al G.20 \u2013 No al FMI.<\/p>\n<p>Contra todo eso, se realiz\u00f3 en Buenos Aires una gran marcha de decenas de miles que rechaz\u00f3 la Cumbre, y una Cumbre Alternativa que durante dos d\u00edas (28 y 29 de noviembre) organiz\u00f3 una serie de actividades de repudio a Trump y sus socios, que agruparon a miles de concurrentes en una serie de carpas ubicadas en la Plaza Congreso.<\/p>\n<p>La Red Sindical Internacional y la CSP Conlutas de Brasil, junto a la Liga Internacional de Trabajadores \u2013 Cuarta Internacional y sus secciones del Cono Sur, pusimos todo nuestro esfuerzo y recursos para lograr esas acciones. Cientos de compa\u00f1eros viajaron de Brasil, desafiando la amenaza de que Macri les impidiera el paso por la frontera. Delegaciones de Chile y Francia se hicieron presentes, viajando con esfuerzo y participando de las actividades. Juntos, pusimos en pie una columna obrera, socialista y revolucionaria y por la libertad de Daniel Ruiz, en la marcha del d\u00eda 30 de noviembre, con decenas de miles de volantes.<\/p>\n<p>De la Red Sindical explicando la necesidad de una coordinaci\u00f3n sindical mundial contra las burocracias. De la CSP Conlutas, explicando el significado del triunfo de Bolsonaro. Una declaraci\u00f3n conjunta del PSTU argentino, el PSTU brasilero y el MIT chileno, partidos (secciones de la LIT) presentes en la marcha.<\/p>\n<p>\u00a0Adem\u00e1s de los folletos que sacamos para explicar durante un mes el significado de la Cumbre, sus consecuencias para los trabajadores que habitan la Argentina. Organizamos y participamos de una serie de talleres y mesas redondas en el marco de la Cumbre de los Pueblos, en unidad de acci\u00f3n contra el G20, pero a la vez explicando nuestra propuesta, nuestra salida revolucionaria y socialista, opuesta a la que proponen el Lulismo, el Chavismo y el kirchnerismo \u2013que gobernaron durante muchos a\u00f1os y son los responsables tanto del triunfo electoral de la derecha, como de la continuidad de la miseria, la desocupaci\u00f3n y la entrega de los recursos de nuestros pueblos.<\/p>\n<p>Y enfrentada tambi\u00e9n a las variantes centroizquierdistas, como el PSOL de Brasil. Culminamos las actividades con el orgullo de haber cumplido nuestro deber internacionalista. Fuimos la \u00fanica corriente internacional que se esforz\u00f3 para fortalecer esta campa\u00f1a. No lo hicieron las organizaciones sindicales internacionales o latinoamericanas.<\/p>\n<p>Lamentablemente tampoco lo hicieron las corrientes trotskistas que tienen organizaciones en varios pa\u00edses. La Red Sindical se mostr\u00f3 una herramienta \u00fatil para la solidaridad internacional. Conlutas se \u201cjug\u00f3\u201d, y puso todo para participar de las acciones. Y la LIT-CI estuvo impulsando la campa\u00f1a y las acciones. Una experiencia muy grande para cientos de compa\u00f1eros que hicimos parte de esta lucha. Y culminamos el d\u00eda en una fiesta de confraternizaci\u00f3n internacional.<\/p>\n","protected":false},"excerpt":{"rendered":"<p>Contra la represi\u00f3n y la campa\u00f1a del Gobierno, ante el odio obrero y popular hacia los l\u00edderes imperialistas. Contra el boicot del kirchnerismo y sus sindicalistas, que se jugaron a vaciar las acciones de rechazo. Enfrentando la complicidad de la burocracia sindical de todos los colores, que negociaron la lucha por un bono miserable.<\/p>\n","protected":false},"author":5,"featured_media":52035,"menu_order":0,"comment_status":"closed","ping_status":"open","sticky":false,"template":"","format":"standard","meta":{"jetpack_post_was_ever_published":false,"_jetpack_newsletter_access":"","_jetpack_dont_email_post_to_subs":false,"_jetpack_newsletter_tier_id":0,"_jetpack_memberships_contains_paywalled_content":false,"litci_post_political_author":"","_jetpack_memberships_contains_paid_content":false,"footnotes":""},"categories":[13672,13396],"tags":[6845,13174],"class_list":["post-52307","post","type-post","status-publish","format-standard","has-post-thumbnail","hentry","category-cobertura-g20","category-daniel-ruiz","tag-daniel-ruiz","tag-g20"],"jetpack_featured_media_url":"https:\/\/i0.wp.com\/litci.org\/es\/wp-content\/uploads\/2018\/11\/WhatsApp-Image-2018-11-30-at-15.33.18.jpeg?fit=1280%2C960&ssl=1","fimg_url":"https:\/\/i0.wp.com\/litci.org\/es\/wp-content\/uploads\/2018\/11\/WhatsApp-Image-2018-11-30-at-15.33.18.jpeg?fit=1280%2C960&ssl=1","categories_names":["Cobertura G20","Daniel Ruiz"],"author_info":{"name":"Kely","pic":"https:\/\/secure.gravatar.com\/avatar\/19003bf6219614b90207b39bd4a2733ce9cf96693efdfd639b15a829beed53d1?s=96&d=mm&r=g"},"political_author":null,"tagline":"","jetpack_sharing_enabled":true,"_links":{"self":[{"href":"https:\/\/litci.org\/es\/wp-json\/wp\/v2\/posts\/52307","targetHints":{"allow":["GET"]}}],"collection":[{"href":"https:\/\/litci.org\/es\/wp-json\/wp\/v2\/posts"}],"about":[{"href":"https:\/\/litci.org\/es\/wp-json\/wp\/v2\/types\/post"}],"author":[{"embeddable":true,"href":"https:\/\/litci.org\/es\/wp-json\/wp\/v2\/users\/5"}],"replies":[{"embeddable":true,"href":"https:\/\/litci.org\/es\/wp-json\/wp\/v2\/comments?post=52307"}],"version-history":[{"count":1,"href":"https:\/\/litci.org\/es\/wp-json\/wp\/v2\/posts\/52307\/revisions"}],"predecessor-version":[{"id":52308,"href":"https:\/\/litci.org\/es\/wp-json\/wp\/v2\/posts\/52307\/revisions\/52308"}],"wp:featuredmedia":[{"embeddable":true,"href":"https:\/\/litci.org\/es\/wp-json\/wp\/v2\/media\/52035"}],"wp:attachment":[{"href":"https:\/\/litci.org\/es\/wp-json\/wp\/v2\/media?parent=52307"}],"wp:term":[{"taxonomy":"category","embeddable":true,"href":"https:\/\/litci.org\/es\/wp-json\/wp\/v2\/categories?post=52307"},{"taxonomy":"post_tag","embeddable":true,"href":"https:\/\/litci.org\/es\/wp-json\/wp\/v2\/tags?post=52307"}],"curies":[{"name":"wp","href":"https:\/\/api.w.org\/{rel}","templated":true}]}}