{"id":52305,"date":"2018-12-20T09:41:28","date_gmt":"2018-12-20T11:41:28","guid":{"rendered":"https:\/\/litci.org\/es\/?p=52305"},"modified":"2018-12-20T09:41:28","modified_gmt":"2018-12-20T11:41:28","slug":"argentina-lo-g20-nos-dejo","status":"publish","type":"post","link":"https:\/\/litci.org\/es\/argentina-lo-g20-nos-dejo\/","title":{"rendered":"Argentina: lo que el G20 nos dej\u00f3"},"content":{"rendered":"<p><em>Si alg\u00fan logro puede mostrar Macri de esta Cumbre es que su gobierno logr\u00f3 que se hiciera sin grandes sobresaltos. Para eso cont\u00f3 con la inestimable colaboraci\u00f3n de la traidora direcci\u00f3n sindical en sus diferentes variantes. Y tambi\u00e9n con el imprescindible \u201caporte\u201d de Cristina Kirchner y sus dirigentes.<\/em><!--more--><\/p>\n<p>Por: Victor Quiroga<\/p>\n<p>De esta forma el gobierno logr\u00f3 desmontar el Paro de la CGT con la promesa del bono; decret\u00f3 feriado el viernes 30 e impidi\u00f3 la libre circulaci\u00f3n del transporte para evitar la movilizaci\u00f3n popular. Y el kirchnerismo llam\u00f3 a no participar de las actividades contra el G20 y la movilizaci\u00f3n. Adem\u00e1s de la campa\u00f1a intimidatoria de Bullrich contra \u201clos anarquistas\u201d y el Hezbol\u00e1, militariz\u00f3 Buenos Aires al punto de parecer una ciudad vac\u00eda y sitiada.<\/p>\n<p>La Cumbre del G20 que se reuni\u00f3 finalmente en Buenos Aires debati\u00f3 los problemas de la crisis mundial, el cambio clim\u00e1tico, el \u201cempoderamiento de las mujeres\u201d y los problemas del comercio mundial entre otros temas. Entre bocados preparados por los m\u00e1s encumbrados chefs y el trago de los m\u00e1s finos vinos, buscaron el \u201cconsenso\u201d plasmado en un documento final \u201clavado\u201d, de 40 p\u00e1ginas que deja contentos a los dos protagonistas de la actual \u201cguerra comercial\u201d: China y EE.UU. Lo que s\u00ed qued\u00f3 muy claro es el papel subordinado y de total sometimiento de los pa\u00edses \u201cemergentes\u201d a las pol\u00edticas de los principales pa\u00edses imperialistas. En el caso argentino Macri se subordin\u00f3 a los antojos de Trump. Por eso no tuvo problemas en entrevistarse con el dictador Erdogan, de Turqu\u00eda y lavarle la cara al pr\u00edncipe asesino Mohamed Bin Salman, de Arabia Saudita.<\/p>\n<p>Mientras en Buenos Aires se discut\u00eda la necesidad de los ajustes y cambios estructurales en las econom\u00edas y los \u201cl\u00edderes mundiales\u201d pon\u00edan cara seria, uno de los principales protagonistas, el presidente franc\u00e9s Macr\u00f3n, era absolutamente desautorizado por su pueblo en las calles movilizadas contra la aplicaci\u00f3n de esas pol\u00edticas de ajuste y el aumento del combustible, que tanto proclaman los pa\u00edses imperialistas y el FMI. Hoy Macr\u00f3n est\u00e1 en la cuerda floja.<\/p>\n<p>\u00bfSe fortaleci\u00f3 Macri?<\/p>\n<p>Macri, cual \u201cempleado del mes\u201d se mostraba emocionado y exultante por los logros obtenidos. Al igual que cuando nos prometi\u00f3 la \u201clluvia de inversiones\u201d, ahora nos asegura que \u201cvolvimos al mundo\u201d \u201cEl mundo nos apoya\u201d dijo. Pero m\u00e1s all\u00e1 del \u201capoyo\u201d al ajuste, a los acuerdos con el FMI, eso no se ha traducido todav\u00eda en importantes inversiones. El Gobierno solo tiene para mostrar el anuncio de Washington de apenas \u201cunos 800 millones de d\u00f3lares para empresas norteamericanas que invierten en el pa\u00eds si es que esas empresas lo consideren conveniente\u201d y una serie de acuerdos con China para incrementar la exportaci\u00f3n de granos y aceite de soja, entre otros. Lo dem\u00e1s puras y buenas intenciones, d\u00f3lares por ahora no.<\/p>\n<p>Macri se mostr\u00f3 como el \u201cfacilitador\u201d del acuerdo final. Previamente, en la reuni\u00f3n entre China y Estados Unidos, los dos presidentes hab\u00edan acordado una \u201ctregua\u201d por 90 d\u00edas. Tregua que puede estallar en cualquier momento.<\/p>\n<p>M\u00e1s all\u00e1 del \u201c\u00e9xito\u201d de 48 horas de duraci\u00f3n, de las fotos y los discursos y de las promesas de inversiones, el Gobierno no se ha fortalecido frente a los trabajadores. Macri tiene por delante los mismos problemas de antes de la Cumbre: el \u201criesgo pa\u00eds\u201d sigue alt\u00edsimo, el d\u00f3lar y la inflaci\u00f3n contin\u00faan complicando sus planes. Sus problemas no solo surgen por la crisis mundial; debe \u201cconvencer\u201d a los inversionistas que va lograr imponer la reforma laboral; que va a liquidar las organizaciones sindicales en los lugares de trabajo; las comisiones internas, los cuerpos de delegados e incluso el \u201cexceso de sindicatos\u201d.<\/p>\n<p>Deber\u00e1 imponer el \u201cd\u00e9ficit 0\u201d reventando la educaci\u00f3n p\u00fablica, la salud; las jubilaciones; reducir los puestos de trabajo en el Estado, entre otros ajustes. El G20 vino a la Argentina a apoyar a Macri para que haga ese trabajo sucio dando un mensaje a los dem\u00e1s pa\u00edses.<\/p>\n<p>Pero los trabajadores no piensan igual que Macri y el imperialismo. Al igual que en Francia hoy, el ajuste se lo derrotar\u00e1 en las calles. Con la unidad de los trabajadores, con huelgas generales, asambleas democr\u00e1ticas, movilizaciones y enfrentamientos a la represi\u00f3n y a los traidores sindicales. Construyendo nuevas organizaciones de lucha, incorporando con todo a las mujeres y la juventud. Y peleando por un gobierno de los obreros y el pueblo que imponga un plan econ\u00f3mico al servicio de los trabajadores y la mayor\u00eda del pa\u00eds.<\/p>\n","protected":false},"excerpt":{"rendered":"<p>Si alg\u00fan logro puede mostrar Macri de esta Cumbre es que su gobierno logr\u00f3 que se hiciera sin grandes sobresaltos. Para eso cont\u00f3 con la inestimable colaboraci\u00f3n de la traidora direcci\u00f3n sindical en sus diferentes variantes. Y tambi\u00e9n con el imprescindible \u201caporte\u201d de Cristina Kirchner y sus dirigentes.<\/p>\n","protected":false},"author":5,"featured_media":52034,"menu_order":0,"comment_status":"closed","ping_status":"open","sticky":false,"template":"","format":"standard","meta":{"jetpack_post_was_ever_published":false,"_jetpack_newsletter_access":"","_jetpack_dont_email_post_to_subs":false,"_jetpack_newsletter_tier_id":0,"_jetpack_memberships_contains_paywalled_content":false,"litci_post_political_author":"","_jetpack_memberships_contains_paid_content":false,"footnotes":""},"categories":[13672,2652],"tags":[2838,13174,11734],"class_list":["post-52305","post","type-post","status-publish","format-standard","has-post-thumbnail","hentry","category-cobertura-g20","category-argentina","tag-argentina-2","tag-g20","tag-macri"],"jetpack_featured_media_url":"https:\/\/i0.wp.com\/litci.org\/es\/wp-content\/uploads\/2018\/11\/WhatsApp-Image-2018-11-30-at-15.43.55.jpeg?fit=1280%2C720&ssl=1","fimg_url":"https:\/\/i0.wp.com\/litci.org\/es\/wp-content\/uploads\/2018\/11\/WhatsApp-Image-2018-11-30-at-15.43.55.jpeg?fit=1280%2C720&ssl=1","categories_names":["Argentina","Cobertura G20"],"author_info":{"name":"Kely","pic":"https:\/\/secure.gravatar.com\/avatar\/19003bf6219614b90207b39bd4a2733ce9cf96693efdfd639b15a829beed53d1?s=96&d=mm&r=g"},"political_author":null,"tagline":"","jetpack_sharing_enabled":true,"_links":{"self":[{"href":"https:\/\/litci.org\/es\/wp-json\/wp\/v2\/posts\/52305","targetHints":{"allow":["GET"]}}],"collection":[{"href":"https:\/\/litci.org\/es\/wp-json\/wp\/v2\/posts"}],"about":[{"href":"https:\/\/litci.org\/es\/wp-json\/wp\/v2\/types\/post"}],"author":[{"embeddable":true,"href":"https:\/\/litci.org\/es\/wp-json\/wp\/v2\/users\/5"}],"replies":[{"embeddable":true,"href":"https:\/\/litci.org\/es\/wp-json\/wp\/v2\/comments?post=52305"}],"version-history":[{"count":1,"href":"https:\/\/litci.org\/es\/wp-json\/wp\/v2\/posts\/52305\/revisions"}],"predecessor-version":[{"id":52306,"href":"https:\/\/litci.org\/es\/wp-json\/wp\/v2\/posts\/52305\/revisions\/52306"}],"wp:featuredmedia":[{"embeddable":true,"href":"https:\/\/litci.org\/es\/wp-json\/wp\/v2\/media\/52034"}],"wp:attachment":[{"href":"https:\/\/litci.org\/es\/wp-json\/wp\/v2\/media?parent=52305"}],"wp:term":[{"taxonomy":"category","embeddable":true,"href":"https:\/\/litci.org\/es\/wp-json\/wp\/v2\/categories?post=52305"},{"taxonomy":"post_tag","embeddable":true,"href":"https:\/\/litci.org\/es\/wp-json\/wp\/v2\/tags?post=52305"}],"curies":[{"name":"wp","href":"https:\/\/api.w.org\/{rel}","templated":true}]}}